{"id":22203,"date":"2026-08-31T11:19:21","date_gmt":"2026-08-31T09:19:21","guid":{"rendered":"https:\/\/rendezvous-vda.it\/?p=22203"},"modified":"2026-08-31T11:24:10","modified_gmt":"2026-08-31T09:24:10","slug":"plaisirs-de-culture-en-vallee-daoste-2026","status":"publish","type":"post","link":"https:\/\/rendezvous-vda.it\/fr\/plaisirs-de-culture-en-vallee-daoste-2026\/","title":{"rendered":"Plaisirs de culture en Vall\u00e9e d&rsquo;Aoste 2026"},"content":{"rendered":"\t\t<div data-elementor-type=\"wp-post\" data-elementor-id=\"22203\" class=\"elementor elementor-22203 elementor-22180\" data-elementor-post-type=\"post\">\n\t\t\t\t\t\t<section class=\"elementor-section elementor-top-section elementor-element elementor-element-5572fbaf elementor-section-height-min-height elementor-section-items-stretch elementor-section-boxed elementor-section-height-default\" data-id=\"5572fbaf\" data-element_type=\"section\" data-e-type=\"section\">\n\t\t\t\t\t\t<div class=\"elementor-container elementor-column-gap-default\">\n\t\t\t\t\t<div class=\"elementor-column elementor-col-100 elementor-top-column elementor-element elementor-element-75431f95\" data-id=\"75431f95\" data-element_type=\"column\" data-e-type=\"column\" data-settings=\"{&quot;background_background&quot;:&quot;classic&quot;}\">\n\t\t\t<div class=\"elementor-widget-wrap\">\n\t\t\t\t\t\t\t<\/div>\n\t\t<\/div>\n\t\t\t\t\t<\/div>\n\t\t<\/section>\n\t\t\t\t<section class=\"elementor-section elementor-top-section elementor-element elementor-element-378de1f0 elementor-reverse-mobile elementor-section-boxed elementor-section-height-default elementor-section-height-default\" data-id=\"378de1f0\" data-element_type=\"section\" data-e-type=\"section\">\n\t\t\t\t\t\t<div class=\"elementor-container elementor-column-gap-default\">\n\t\t\t\t\t<div class=\"elementor-column elementor-col-50 elementor-top-column elementor-element elementor-element-41b9f6c6\" data-id=\"41b9f6c6\" data-element_type=\"column\" data-e-type=\"column\">\n\t\t\t<div class=\"elementor-widget-wrap elementor-element-populated\">\n\t\t\t\t\t\t<div class=\"elementor-element elementor-element-393590b3 elementor-widget elementor-widget-gallery\" data-id=\"393590b3\" data-element_type=\"widget\" data-e-type=\"widget\" data-settings=\"{&quot;columns&quot;:1,&quot;columns_mobile&quot;:2,&quot;lazyload&quot;:&quot;yes&quot;,&quot;gallery_layout&quot;:&quot;grid&quot;,&quot;columns_tablet&quot;:2,&quot;gap&quot;:{&quot;unit&quot;:&quot;px&quot;,&quot;size&quot;:10,&quot;sizes&quot;:[]},&quot;gap_tablet&quot;:{&quot;unit&quot;:&quot;px&quot;,&quot;size&quot;:10,&quot;sizes&quot;:[]},&quot;gap_mobile&quot;:{&quot;unit&quot;:&quot;px&quot;,&quot;size&quot;:10,&quot;sizes&quot;:[]},&quot;link_to&quot;:&quot;file&quot;,&quot;aspect_ratio&quot;:&quot;3:2&quot;,&quot;overlay_background&quot;:&quot;yes&quot;,&quot;content_hover_animation&quot;:&quot;fade-in&quot;}\" data-widget_type=\"gallery.default\">\n\t\t\t\t<div class=\"elementor-widget-container\">\n\t\t\t\t\t\t\t<div class=\"elementor-gallery__container\">\n\t\t\t\t\t\t\t<a class=\"e-gallery-item elementor-gallery-item elementor-animated-content\" href=\"https:\/\/rendezvous-vda.it\/wp-content\/uploads\/2026\/07\/VALLE-DAOSTA-Aosta-Arco-dAugusto-foto-Enrico-Romanzi-0442.jpg\" data-elementor-open-lightbox=\"yes\" data-elementor-lightbox-slideshow=\"393590b3\" data-elementor-lightbox-title=\"L&#039;Arc d&#039;Auguste \u00e0 Aoste \u00a9 Archive R\u00e9gon autonome Vall\u00e9e d&#039;Aoste\" data-e-action-hash=\"#elementor-action%3Aaction%3Dlightbox%26settings%3DeyJpZCI6MjE4NzMsInVybCI6Imh0dHBzOlwvXC9yZW5kZXp2b3VzLXZkYS5pdFwvd3AtY29udGVudFwvdXBsb2Fkc1wvMjAyNlwvMDdcL1ZBTExFLURBT1NUQS1Bb3N0YS1BcmNvLWRBdWd1c3RvLWZvdG8tRW5yaWNvLVJvbWFuemktMDQ0Mi5qcGciLCJzbGlkZXNob3ciOiIzOTM1OTBiMyJ9\">\n\t\t\t\t\t<div class=\"e-gallery-image elementor-gallery-item__image\" data-thumbnail=\"https:\/\/rendezvous-vda.it\/wp-content\/uploads\/2026\/07\/VALLE-DAOSTA-Aosta-Arco-dAugusto-foto-Enrico-Romanzi-0442.jpg\" data-width=\"1680\" data-height=\"1120\" aria-label=\"\" role=\"img\" ><\/div>\n\t\t\t\t\t\t\t\t\t\t\t<div class=\"elementor-gallery-item__overlay\"><\/div>\n\t\t\t\t\t\t\t\t\t\t\t\t\t\t<\/a>\n\t\t\t\t\t\t\t<a class=\"e-gallery-item elementor-gallery-item elementor-animated-content\" href=\"https:\/\/rendezvous-vda.it\/wp-content\/uploads\/2026\/08\/VALLE-DAOSTA-Villa-Consolata-Aosta-Calidarium-foto-Assessorato-Cultura_8583.jpg\" data-elementor-open-lightbox=\"yes\" data-elementor-lightbox-slideshow=\"393590b3\" data-elementor-lightbox-title=\"VALLE D&#039;AOSTA-Villa Consolata Aosta Calidarium (foto Assessorato Cultura)_8583\" data-e-action-hash=\"#elementor-action%3Aaction%3Dlightbox%26settings%3DeyJpZCI6MjIxOTAsInVybCI6Imh0dHBzOlwvXC9yZW5kZXp2b3VzLXZkYS5pdFwvd3AtY29udGVudFwvdXBsb2Fkc1wvMjAyNlwvMDhcL1ZBTExFLURBT1NUQS1WaWxsYS1Db25zb2xhdGEtQW9zdGEtQ2FsaWRhcml1bS1mb3RvLUFzc2Vzc29yYXRvLUN1bHR1cmFfODU4My5qcGciLCJzbGlkZXNob3ciOiIzOTM1OTBiMyJ9\">\n\t\t\t\t\t<div class=\"e-gallery-image elementor-gallery-item__image\" data-thumbnail=\"https:\/\/rendezvous-vda.it\/wp-content\/uploads\/2026\/08\/VALLE-DAOSTA-Villa-Consolata-Aosta-Calidarium-foto-Assessorato-Cultura_8583.jpg\" data-width=\"1200\" data-height=\"800\" aria-label=\"\" role=\"img\" ><\/div>\n\t\t\t\t\t\t\t\t\t\t\t<div class=\"elementor-gallery-item__overlay\"><\/div>\n\t\t\t\t\t\t\t\t\t\t\t\t\t\t<\/a>\n\t\t\t\t\t\t\t<a class=\"e-gallery-item elementor-gallery-item elementor-animated-content\" href=\"https:\/\/rendezvous-vda.it\/wp-content\/uploads\/2026\/08\/VALLE-DAOSTA-Castello-Issogne-foto-Enrico-Romanzi-2280-scaled.jpg\" data-elementor-open-lightbox=\"yes\" data-elementor-lightbox-slideshow=\"393590b3\" data-elementor-lightbox-title=\"VALLE D&#039;AOSTA-Castello Issogne (foto Enrico Romanzi)-2280\" data-e-action-hash=\"#elementor-action%3Aaction%3Dlightbox%26settings%3DeyJpZCI6MjIxODYsInVybCI6Imh0dHBzOlwvXC9yZW5kZXp2b3VzLXZkYS5pdFwvd3AtY29udGVudFwvdXBsb2Fkc1wvMjAyNlwvMDhcL1ZBTExFLURBT1NUQS1DYXN0ZWxsby1Jc3NvZ25lLWZvdG8tRW5yaWNvLVJvbWFuemktMjI4MC1zY2FsZWQuanBnIiwic2xpZGVzaG93IjoiMzkzNTkwYjMifQ%3D%3D\">\n\t\t\t\t\t<div class=\"e-gallery-image elementor-gallery-item__image\" data-thumbnail=\"https:\/\/rendezvous-vda.it\/wp-content\/uploads\/2026\/08\/VALLE-DAOSTA-Castello-Issogne-foto-Enrico-Romanzi-2280-scaled.jpg\" data-width=\"2560\" data-height=\"1707\" aria-label=\"\" role=\"img\" ><\/div>\n\t\t\t\t\t\t\t\t\t\t\t<div class=\"elementor-gallery-item__overlay\"><\/div>\n\t\t\t\t\t\t\t\t\t\t\t\t\t\t<\/a>\n\t\t\t\t\t\t\t<a class=\"e-gallery-item elementor-gallery-item elementor-animated-content\" href=\"https:\/\/rendezvous-vda.it\/wp-content\/uploads\/2026\/08\/VALLE-DAOSTA-Area-megalitica-Aosta-foto-Enrico-Romanzi-1535-scaled.jpg\" data-elementor-open-lightbox=\"yes\" data-elementor-lightbox-slideshow=\"393590b3\" data-elementor-lightbox-title=\"VALLE D&#039;AOSTA-Area megalitica Aosta (foto Enrico Romanzi)-1535\" data-e-action-hash=\"#elementor-action%3Aaction%3Dlightbox%26settings%3DeyJpZCI6MjIxODIsInVybCI6Imh0dHBzOlwvXC9yZW5kZXp2b3VzLXZkYS5pdFwvd3AtY29udGVudFwvdXBsb2Fkc1wvMjAyNlwvMDhcL1ZBTExFLURBT1NUQS1BcmVhLW1lZ2FsaXRpY2EtQW9zdGEtZm90by1FbnJpY28tUm9tYW56aS0xNTM1LXNjYWxlZC5qcGciLCJzbGlkZXNob3ciOiIzOTM1OTBiMyJ9\">\n\t\t\t\t\t<div class=\"e-gallery-image elementor-gallery-item__image\" data-thumbnail=\"https:\/\/rendezvous-vda.it\/wp-content\/uploads\/2026\/08\/VALLE-DAOSTA-Area-megalitica-Aosta-foto-Enrico-Romanzi-1535-scaled.jpg\" data-width=\"2560\" data-height=\"1707\" aria-label=\"\" role=\"img\" ><\/div>\n\t\t\t\t\t\t\t\t\t\t\t<div class=\"elementor-gallery-item__overlay\"><\/div>\n\t\t\t\t\t\t\t\t\t\t\t\t\t\t<\/a>\n\t\t\t\t\t<\/div>\n\t\t\t\t\t<\/div>\n\t\t\t\t<\/div>\n\t\t\t\t\t<\/div>\n\t\t<\/div>\n\t\t\t\t<div class=\"elementor-column elementor-col-50 elementor-top-column elementor-element elementor-element-40fd1059\" data-id=\"40fd1059\" data-element_type=\"column\" data-e-type=\"column\">\n\t\t\t<div class=\"elementor-widget-wrap elementor-element-populated\">\n\t\t\t\t\t\t<div class=\"elementor-element elementor-element-2c947284 elementor-widget elementor-widget-heading\" data-id=\"2c947284\" data-element_type=\"widget\" data-e-type=\"widget\" data-widget_type=\"heading.default\">\n\t\t\t\t<div class=\"elementor-widget-container\">\n\t\t\t\t\t<h2 class=\"elementor-heading-title elementor-size-default\">Plasirs de Culture en Vall\u00e9e d\u2019Aoste<\/h2>\t\t\t\t<\/div>\n\t\t\t\t<\/div>\n\t\t\t\t<div class=\"elementor-element elementor-element-7c039d3d elementor-widget__width-auto elementor-widget elementor-widget-post-info\" data-id=\"7c039d3d\" data-element_type=\"widget\" data-e-type=\"widget\" data-widget_type=\"post-info.default\">\n\t\t\t\t<div class=\"elementor-widget-container\">\n\t\t\t\t\t\t\t<ul class=\"elementor-inline-items elementor-icon-list-items elementor-post-info\">\n\t\t\t\t\t\t\t\t<li class=\"elementor-icon-list-item elementor-repeater-item-9ddff1b elementor-inline-item\" itemprop=\"about\">\n\t\t\t\t\t\t\t\t\t\t\t\t\t<span class=\"elementor-icon-list-text elementor-post-info__item elementor-post-info__item--type-terms\">\n\t\t\t\t\t\t\t\t\t\t<span class=\"elementor-post-info__terms-list\">\n\t\t\t\t<a href=\"https:\/\/rendezvous-vda.it\/fr\/category\/news-fr\/arts-et-culture\/\" class=\"elementor-post-info__terms-list-item\">Arts et culture<\/a>\t\t\t\t<\/span>\n\t\t\t\t\t<\/span>\n\t\t\t\t\t\t\t\t<\/li>\n\t\t\t\t<\/ul>\n\t\t\t\t\t\t<\/div>\n\t\t\t\t<\/div>\n\t\t\t\t<div class=\"elementor-element elementor-element-abcec92 elementor-widget__width-auto elementor-widget elementor-widget-post-info\" data-id=\"abcec92\" data-element_type=\"widget\" data-e-type=\"widget\" data-widget_type=\"post-info.default\">\n\t\t\t\t<div class=\"elementor-widget-container\">\n\t\t\t\t\t\t\t<ul class=\"elementor-inline-items elementor-icon-list-items elementor-post-info\">\n\t\t\t\t\t\t\t\t<li class=\"elementor-icon-list-item elementor-repeater-item-39eb51a elementor-inline-item\" itemprop=\"datePublished\">\n\t\t\t\t\t\t\t\t\t\t<span class=\"elementor-icon-list-icon\">\n\t\t\t\t\t\t\t\t<i aria-hidden=\"true\" class=\"fas fa-calendar\"><\/i>\t\t\t\t\t\t\t<\/span>\n\t\t\t\t\t\t\t\t\t<span class=\"elementor-icon-list-text elementor-post-info__item elementor-post-info__item--type-date\">\n\t\t\t\t\t\t\t\t\t\t<time>31\/08\/2026<\/time>\t\t\t\t\t<\/span>\n\t\t\t\t\t\t\t\t<\/li>\n\t\t\t\t<li class=\"elementor-icon-list-item elementor-repeater-item-98ad935 elementor-inline-item\" itemprop=\"author\">\n\t\t\t\t\t\t\t\t\t\t\t\t\t<span class=\"elementor-icon-list-text elementor-post-info__item elementor-post-info__item--type-author\">\n\t\t\t\t\t\t\t<span class=\"elementor-post-info__item-prefix\">di<\/span>\n\t\t\t\t\t\t\t\t\t\tChristel Tillier\t\t\t\t\t<\/span>\n\t\t\t\t\t\t\t\t<\/li>\n\t\t\t\t<\/ul>\n\t\t\t\t\t\t<\/div>\n\t\t\t\t<\/div>\n\t\t\t\t<div class=\"elementor-element elementor-element-53b94ab9 elementor-widget elementor-widget-heading\" data-id=\"53b94ab9\" data-element_type=\"widget\" data-e-type=\"widget\" data-widget_type=\"heading.default\">\n\t\t\t\t<div class=\"elementor-widget-container\">\n\t\t\t\t\t<h2 class=\"elementor-heading-title elementor-size-default\">du 19 au 27 septembre 2026 <\/h2>\t\t\t\t<\/div>\n\t\t\t\t<\/div>\n\t\t\t\t<div class=\"elementor-element elementor-element-35b27ef5 elementor-widget elementor-widget-text-editor\" data-id=\"35b27ef5\" data-element_type=\"widget\" data-e-type=\"widget\" data-widget_type=\"text-editor.default\">\n\t\t\t\t<div class=\"elementor-widget-container\">\n\t\t\t\t\t\t\t\t\t<p>Que reste-t-il d\u2019un bien culturel lorsqu\u2019il risque de dispara\u00eetre ? Et comment peut-il continuer \u00e0 dialoguer avec celles et ceux qui vivent sur le territoire auquel il appartient ?<\/p><p>C\u2019est autour de questions comme celles-ci que s\u2019articule la quatorzi\u00e8me \u00e9dition de <strong>Plaisirs de culture en Vall\u00e9e d\u2019Aoste<\/strong>, qui se d\u00e9roulera du 19 au 27 septembre 2026 et qui est consacr\u00e9e cette ann\u00e9e au th\u00e8me \u00abPatrimoine en p\u00e9ril. Renouveler, r\u00e9sister, r\u00e9inventer\u00bb.<\/p><p>Un th\u00e8me qui invite \u00e0 consid\u00e9rer le patrimoine culturel non pas comme quelque chose d\u2019immobile et ind\u00e9pendant de la vie quotidienne, mais comme une r\u00e9alit\u00e9 fragile et pourtant vivante, qui a besoin d\u2019\u00eatre connue, pr\u00e9serv\u00e9e, racont\u00e9e et constamment r\u00e9interpr\u00e9t\u00e9e. Le patrimoine devient en effet souvent particuli\u00e8rement visible lorsque sa disparition est menac\u00e9e. Mais conserver ne signifie pas seulement prot\u00e9ger ce qui subsiste. Cela signifie aussi trouver de nouvelles fa\u00e7ons de redonner du sens \u00e0 ce qui risque de se perdre.<\/p><p>Ce n\u2019est donc pas un hasard si la manifestation s\u2019ouvre avec le spectacle <strong>\u00ab\u00c9chos franciscains\u00bb<\/strong>, sur la place \u00c9mile Chanoux, \u00e0 Aoste.<\/p><p>Au c\u0153ur de la ville, la place se trouve en effet sur le site autrefois occup\u00e9 par l\u2019\u00e9glise et le couvent franciscains, fond\u00e9s au XIVe si\u00e8cle et disparus au XIXe si\u00e8cle. Cette m\u00e9moire peut toutefois refaire surface gr\u00e2ce \u00e0 des langages contemporains \u2013 musique, danse et narration \u2013 faisant ainsi ressurgir une partie de l\u2019histoire de la ville.<\/p><p>L\u2019initiative s\u2019inscrit \u00e9galement dans les c\u00e9l\u00e9brations du huiti\u00e8me centenaire de la mort de saint Fran\u00e7ois d\u2019Assise, en faisant symboliquement revivre dans le tissu urbain une pr\u00e9sence qui a profond\u00e9ment marqu\u00e9 l\u2019histoire de la ville.<\/p><p>C\u2019est pr\u00e9cis\u00e9ment \u00e0 partir de cet exemple que l\u2019on peut comprendre le sens plus large de la manifestation : dans diff\u00e9rentes localit\u00e9s de la Vall\u00e9e d\u2019Aoste, ch\u00e2teaux, sites arch\u00e9ologiques, mus\u00e9es et lieux de culture deviennent des espaces de rencontre et de participation, avec des entr\u00e9es gratuites ou \u00e0 tarif r\u00e9duit.<\/p>\t\t\t\t\t\t\t\t<\/div>\n\t\t\t\t<\/div>\n\t\t\t\t<div class=\"elementor-element elementor-element-d5fbf60 elementor-widget elementor-widget-image\" data-id=\"d5fbf60\" data-element_type=\"widget\" data-e-type=\"widget\" data-widget_type=\"image.default\">\n\t\t\t\t<div class=\"elementor-widget-container\">\n\t\t\t\t\t\t\t\t\t\t\t\t<figure class=\"wp-caption\">\n\t\t\t\t\t\t\t\t\t\t<img fetchpriority=\"high\" decoding=\"async\" width=\"800\" height=\"534\" src=\"https:\/\/rendezvous-vda.it\/wp-content\/uploads\/2026\/08\/VALLE-DAOSTA-Teatro-Romano-Aosta-foto-Enrico-Romanzi-3008-1024x683.jpg\" class=\"attachment-large size-large wp-image-22188\" alt=\"\" srcset=\"https:\/\/rendezvous-vda.it\/wp-content\/uploads\/2026\/08\/VALLE-DAOSTA-Teatro-Romano-Aosta-foto-Enrico-Romanzi-3008-1024x683.jpg 1024w, https:\/\/rendezvous-vda.it\/wp-content\/uploads\/2026\/08\/VALLE-DAOSTA-Teatro-Romano-Aosta-foto-Enrico-Romanzi-3008-300x200.jpg 300w, https:\/\/rendezvous-vda.it\/wp-content\/uploads\/2026\/08\/VALLE-DAOSTA-Teatro-Romano-Aosta-foto-Enrico-Romanzi-3008-768x512.jpg 768w, https:\/\/rendezvous-vda.it\/wp-content\/uploads\/2026\/08\/VALLE-DAOSTA-Teatro-Romano-Aosta-foto-Enrico-Romanzi-3008.jpg 1200w\" sizes=\"(max-width: 800px) 100vw, 800px\" \/>\t\t\t\t\t\t\t\t\t\t\t<figcaption class=\"widget-image-caption wp-caption-text\">Th\u00e9\u00e2tre romain d\u2019Aoste \u00a9 Archives de la R\u00e9gion autonome Vall\u00e9e d\u2019Aoste<\/figcaption>\n\t\t\t\t\t\t\t\t\t\t<\/figure>\n\t\t\t\t\t\t\t\t\t<\/div>\n\t\t\t\t<\/div>\n\t\t\t\t<div class=\"elementor-element elementor-element-6be6f4b elementor-widget elementor-widget-text-editor\" data-id=\"6be6f4b\" data-element_type=\"widget\" data-e-type=\"widget\" data-widget_type=\"text-editor.default\">\n\t\t\t\t<div class=\"elementor-widget-container\">\n\t\t\t\t\t\t\t\t\t<p>Mais le programme ne se limite pas au patrimoine monumental. Aux c\u00f4t\u00e9s des architectures et des vestiges arch\u00e9ologiques, il fait \u00e9galement la part belle aux traditions artisanales, \u00e0 l\u2019architecture rurale, \u00e0 l\u2019alpinisme, au paysage et aux savoirs botaniques, explorant ainsi toute la richesse du patrimoine mat\u00e9riel et immat\u00e9riel vald\u00f4tain.<\/p><p>Pr\u00e8s de <strong>70 manifestations<\/strong> sont propos\u00e9es dans toute la r\u00e9gion, gr\u00e2ce \u00e0 la collaboration de <strong>9 communes et de 38 partenaires<\/strong>. Visites guid\u00e9es, ouvertures exceptionnelles, itin\u00e9raires th\u00e9matiques et parcours immersifs permettront de d\u00e9couvrir des lieux connus sous un nouveau regard, mais aussi d\u2019aller \u00e0 la rencontre de patrimoines moins connus.<\/p><p>Une attention particuli\u00e8re est \u00e9galement accord\u00e9e aux familles et aux enfants, avec des ateliers cr\u00e9atifs, des visites anim\u00e9es et des parcours de d\u00e9couverte con\u00e7us pour leur faire d\u00e9couvrir l\u2019histoire et la culture \u00e0 travers des exp\u00e9riences participatives et stimulantes.<\/p><p>Le programme propose \u00e9galement des activit\u00e9s p\u00e9dagogiques destin\u00e9es aux \u00e9coles de tous niveaux, car la sauvegarde du patrimoine passe n\u00e9cessairement par sa connaissance et par la construction d\u2019une conscience collective.<\/p>\t\t\t\t\t\t\t\t<\/div>\n\t\t\t\t<\/div>\n\t\t\t\t<div class=\"elementor-element elementor-element-bc611db elementor-widget elementor-widget-heading\" data-id=\"bc611db\" data-element_type=\"widget\" data-e-type=\"widget\" data-widget_type=\"heading.default\">\n\t\t\t\t<div class=\"elementor-widget-container\">\n\t\t\t\t\t<h2 class=\"elementor-heading-title elementor-size-default\">pour plus d'informations<\/h2>\t\t\t\t<\/div>\n\t\t\t\t<\/div>\n\t\t\t\t<div class=\"elementor-element elementor-element-1537bdf elementor-widget elementor-widget-text-editor\" data-id=\"1537bdf\" data-element_type=\"widget\" data-e-type=\"widget\" data-widget_type=\"text-editor.default\">\n\t\t\t\t<div class=\"elementor-widget-container\">\n\t\t\t\t\t\t\t\t\t<p>Le programme complet est disponible \u00e0 l\u2019adresse suivante: <a href=\"https:\/\/valledaostaheritage.com\/events\/plaisirs-de-culture-2026\/\">https:\/\/valledaostaheritage.com\/events\/plaisirs-de-culture-2026\/<\/a><\/p><p>Bureau de la communication Structure du patrimoine historico-artistique et de la gestion des sites culturels<\/p><p>T\u00e9l. + 390165274327<\/p>\t\t\t\t\t\t\t\t<\/div>\n\t\t\t\t<\/div>\n\t\t\t\t<div class=\"elementor-element elementor-element-70d8024 elementor-share-buttons--view-icon elementor-share-buttons--skin-gradient elementor-share-buttons--shape-square elementor-grid-0 elementor-share-buttons--color-official elementor-widget elementor-widget-global elementor-global-1711 elementor-widget-share-buttons\" data-id=\"70d8024\" data-element_type=\"widget\" data-e-type=\"widget\" data-widget_type=\"share-buttons.default\">\n\t\t\t\t<div class=\"elementor-widget-container\">\n\t\t\t\t\t\t\t<div class=\"elementor-grid\" role=\"list\">\n\t\t\t\t\t\t\t\t<div class=\"elementor-grid-item\" role=\"listitem\">\n\t\t\t\t\t\t<div class=\"elementor-share-btn elementor-share-btn_facebook\" role=\"button\" tabindex=\"0\" aria-label=\"Partager sur facebook\">\n\t\t\t\t\t\t\t\t\t\t\t\t\t\t\t<span class=\"elementor-share-btn__icon\">\n\t\t\t\t\t\t\t\t<i class=\"fab fa-facebook\" aria-hidden=\"true\"><\/i>\t\t\t\t\t\t\t<\/span>\n\t\t\t\t\t\t\t\t\t\t\t\t\t\t\t\t\t\t\t\t<\/div>\n\t\t\t\t\t<\/div>\n\t\t\t\t\t\t\t\t\t<div class=\"elementor-grid-item\" role=\"listitem\">\n\t\t\t\t\t\t<div class=\"elementor-share-btn elementor-share-btn_twitter\" role=\"button\" tabindex=\"0\" aria-label=\"Partager sur twitter\">\n\t\t\t\t\t\t\t\t\t\t\t\t\t\t\t<span class=\"elementor-share-btn__icon\">\n\t\t\t\t\t\t\t\t<i class=\"fab fa-twitter\" aria-hidden=\"true\"><\/i>\t\t\t\t\t\t\t<\/span>\n\t\t\t\t\t\t\t\t\t\t\t\t\t\t\t\t\t\t\t\t<\/div>\n\t\t\t\t\t<\/div>\n\t\t\t\t\t\t\t\t\t<div class=\"elementor-grid-item\" role=\"listitem\">\n\t\t\t\t\t\t<div class=\"elementor-share-btn elementor-share-btn_linkedin\" role=\"button\" tabindex=\"0\" aria-label=\"Partager sur linkedin\">\n\t\t\t\t\t\t\t\t\t\t\t\t\t\t\t<span class=\"elementor-share-btn__icon\">\n\t\t\t\t\t\t\t\t<i class=\"fab fa-linkedin\" aria-hidden=\"true\"><\/i>\t\t\t\t\t\t\t<\/span>\n\t\t\t\t\t\t\t\t\t\t\t\t\t\t\t\t\t\t\t\t<\/div>\n\t\t\t\t\t<\/div>\n\t\t\t\t\t\t\t\t\t<div class=\"elementor-grid-item\" role=\"listitem\">\n\t\t\t\t\t\t<div class=\"elementor-share-btn elementor-share-btn_email\" role=\"button\" tabindex=\"0\" aria-label=\"Partager sur email\">\n\t\t\t\t\t\t\t\t\t\t\t\t\t\t\t<span class=\"elementor-share-btn__icon\">\n\t\t\t\t\t\t\t\t<i class=\"fas fa-envelope\" aria-hidden=\"true\"><\/i>\t\t\t\t\t\t\t<\/span>\n\t\t\t\t\t\t\t\t\t\t\t\t\t\t\t\t\t\t\t\t<\/div>\n\t\t\t\t\t<\/div>\n\t\t\t\t\t\t\t\t\t<div class=\"elementor-grid-item\" role=\"listitem\">\n\t\t\t\t\t\t<div class=\"elementor-share-btn elementor-share-btn_whatsapp\" role=\"button\" tabindex=\"0\" aria-label=\"Partager sur whatsapp\">\n\t\t\t\t\t\t\t\t\t\t\t\t\t\t\t<span class=\"elementor-share-btn__icon\">\n\t\t\t\t\t\t\t\t<i class=\"fab fa-whatsapp\" aria-hidden=\"true\"><\/i>\t\t\t\t\t\t\t<\/span>\n\t\t\t\t\t\t\t\t\t\t\t\t\t\t\t\t\t\t\t\t<\/div>\n\t\t\t\t\t<\/div>\n\t\t\t\t\t\t<\/div>\n\t\t\t\t\t\t<\/div>\n\t\t\t\t<\/div>\n\t\t\t\t\t<\/div>\n\t\t<\/div>\n\t\t\t\t\t<\/div>\n\t\t<\/section>\n\t\t\t\t<\/div>\n\t\t","protected":false},"excerpt":{"rendered":"<p>Quatorzi\u00e8me \u00e9dition de Plaisirs de culture en Vall\u00e9e d\u2019Aoste, qui se d\u00e9roulera du 19 au 27 sep-tembre 2026 et qui est consacr\u00e9e cette ann\u00e9e au th\u00e8me \u00abPatrimoine en p\u00e9ril. Renouveler, r\u00e9sister, r\u00e9inventer \u00bb&#8230;<\/p>\n","protected":false},"author":4,"featured_media":22184,"comment_status":"closed","ping_status":"closed","sticky":false,"template":"elementor_header_footer","format":"standard","meta":{"footnotes":""},"categories":[52],"tags":[],"class_list":["post-22203","post","type-post","status-publish","format-standard","has-post-thumbnail","hentry","category-arts-et-culture"],"yoast_head":"<!-- This site is optimized with the Yoast SEO plugin v27.5 - https:\/\/yoast.com\/product\/yoast-seo-wordpress\/ -->\n<title>Plaisirs de culture en Vall\u00e9e d&#039;Aoste 2026 - Rendez Vous en Vall\u00e9e d Aoste<\/title>\n<meta name=\"description\" content=\"Quatorzi\u00e8me \u00e9dition de Plaisirs de culture en Vall\u00e9e d\u2019Aoste, qui se d\u00e9roulera du 19 au 27 sep-tembre 2026 et qui est consacr\u00e9e cette ann\u00e9e au th\u00e8me \u00abPatrimoine en p\u00e9ril. Renouveler, r\u00e9sister, r\u00e9inventer \u00bb...\" \/>\n<meta name=\"robots\" content=\"index, follow, max-snippet:-1, max-image-preview:large, max-video-preview:-1\" \/>\n<link rel=\"canonical\" href=\"https:\/\/rendezvous-vda.it\/fr\/plaisirs-de-culture-en-vallee-daoste-2026\/\" \/>\n<meta property=\"og:locale\" content=\"fr_FR\" \/>\n<meta property=\"og:type\" content=\"article\" \/>\n<meta property=\"og:title\" content=\"Plaisirs de culture en Vall\u00e9e d&#039;Aoste 2026 - Rendez Vous en Vall\u00e9e d Aoste\" \/>\n<meta property=\"og:description\" content=\"Quatorzi\u00e8me \u00e9dition de Plaisirs de culture en Vall\u00e9e d\u2019Aoste, qui se d\u00e9roulera du 19 au 27 sep-tembre 2026 et qui est consacr\u00e9e cette ann\u00e9e au th\u00e8me \u00abPatrimoine en p\u00e9ril. Renouveler, r\u00e9sister, r\u00e9inventer \u00bb...\" \/>\n<meta property=\"og:url\" content=\"https:\/\/rendezvous-vda.it\/fr\/plaisirs-de-culture-en-vallee-daoste-2026\/\" \/>\n<meta property=\"og:site_name\" content=\"Rendez Vous en Vall\u00e9e d Aoste\" \/>\n<meta property=\"article:published_time\" content=\"2026-08-31T09:19:21+00:00\" \/>\n<meta property=\"article:modified_time\" content=\"2026-08-31T09:24:10+00:00\" \/>\n<meta property=\"og:image\" content=\"https:\/\/rendezvous-vda.it\/wp-content\/uploads\/2026\/08\/VALLE-DAOSTA-Castello-di-Sarre-foto-Enrico-Romanzi-9981.jpg\" \/>\n\t<meta property=\"og:image:width\" content=\"1200\" \/>\n\t<meta property=\"og:image:height\" content=\"800\" \/>\n\t<meta property=\"og:image:type\" content=\"image\/jpeg\" \/>\n<meta name=\"author\" content=\"Christel Tillier\" \/>\n<meta name=\"twitter:card\" content=\"summary_large_image\" \/>\n<meta name=\"twitter:label1\" content=\"\u00c9crit par\" \/>\n\t<meta name=\"twitter:data1\" content=\"Christel Tillier\" \/>\n\t<meta name=\"twitter:label2\" content=\"Dur\u00e9e de lecture estim\u00e9e\" \/>\n\t<meta name=\"twitter:data2\" content=\"3 minutes\" \/>\n<script type=\"application\/ld+json\" class=\"yoast-schema-graph\">{\"@context\":\"https:\\\/\\\/schema.org\",\"@graph\":[{\"@type\":\"Article\",\"@id\":\"https:\\\/\\\/rendezvous-vda.it\\\/fr\\\/plaisirs-de-culture-en-vallee-daoste-2026\\\/#article\",\"isPartOf\":{\"@id\":\"https:\\\/\\\/rendezvous-vda.it\\\/fr\\\/plaisirs-de-culture-en-vallee-daoste-2026\\\/\"},\"author\":{\"name\":\"Christel Tillier\",\"@id\":\"https:\\\/\\\/rendezvous-vda.it\\\/#\\\/schema\\\/person\\\/1172ea72e2906ecf2b0a3e84c87fcd92\"},\"headline\":\"Plaisirs de culture en Vall\u00e9e d&rsquo;Aoste 2026\",\"datePublished\":\"2026-08-31T09:19:21+00:00\",\"dateModified\":\"2026-08-31T09:24:10+00:00\",\"mainEntityOfPage\":{\"@id\":\"https:\\\/\\\/rendezvous-vda.it\\\/fr\\\/plaisirs-de-culture-en-vallee-daoste-2026\\\/\"},\"wordCount\":622,\"publisher\":{\"@id\":\"https:\\\/\\\/rendezvous-vda.it\\\/#organization\"},\"image\":{\"@id\":\"https:\\\/\\\/rendezvous-vda.it\\\/fr\\\/plaisirs-de-culture-en-vallee-daoste-2026\\\/#primaryimage\"},\"thumbnailUrl\":\"https:\\\/\\\/rendezvous-vda.it\\\/wp-content\\\/uploads\\\/2026\\\/08\\\/VALLE-DAOSTA-Castello-di-Sarre-foto-Enrico-Romanzi-9981.jpg\",\"articleSection\":[\"Arts et culture\"],\"inLanguage\":\"fr-FR\"},{\"@type\":\"WebPage\",\"@id\":\"https:\\\/\\\/rendezvous-vda.it\\\/fr\\\/plaisirs-de-culture-en-vallee-daoste-2026\\\/\",\"url\":\"https:\\\/\\\/rendezvous-vda.it\\\/fr\\\/plaisirs-de-culture-en-vallee-daoste-2026\\\/\",\"name\":\"Plaisirs de culture en Vall\u00e9e d'Aoste 2026 - Rendez Vous en Vall\u00e9e d Aoste\",\"isPartOf\":{\"@id\":\"https:\\\/\\\/rendezvous-vda.it\\\/#website\"},\"primaryImageOfPage\":{\"@id\":\"https:\\\/\\\/rendezvous-vda.it\\\/fr\\\/plaisirs-de-culture-en-vallee-daoste-2026\\\/#primaryimage\"},\"image\":{\"@id\":\"https:\\\/\\\/rendezvous-vda.it\\\/fr\\\/plaisirs-de-culture-en-vallee-daoste-2026\\\/#primaryimage\"},\"thumbnailUrl\":\"https:\\\/\\\/rendezvous-vda.it\\\/wp-content\\\/uploads\\\/2026\\\/08\\\/VALLE-DAOSTA-Castello-di-Sarre-foto-Enrico-Romanzi-9981.jpg\",\"datePublished\":\"2026-08-31T09:19:21+00:00\",\"dateModified\":\"2026-08-31T09:24:10+00:00\",\"description\":\"Quatorzi\u00e8me \u00e9dition de Plaisirs de culture en Vall\u00e9e d\u2019Aoste, qui se d\u00e9roulera du 19 au 27 sep-tembre 2026 et qui est consacr\u00e9e cette ann\u00e9e au th\u00e8me \u00abPatrimoine en p\u00e9ril. Renouveler, r\u00e9sister, r\u00e9inventer \u00bb...\",\"breadcrumb\":{\"@id\":\"https:\\\/\\\/rendezvous-vda.it\\\/fr\\\/plaisirs-de-culture-en-vallee-daoste-2026\\\/#breadcrumb\"},\"inLanguage\":\"fr-FR\",\"potentialAction\":[{\"@type\":\"ReadAction\",\"target\":[\"https:\\\/\\\/rendezvous-vda.it\\\/fr\\\/plaisirs-de-culture-en-vallee-daoste-2026\\\/\"]}]},{\"@type\":\"ImageObject\",\"inLanguage\":\"fr-FR\",\"@id\":\"https:\\\/\\\/rendezvous-vda.it\\\/fr\\\/plaisirs-de-culture-en-vallee-daoste-2026\\\/#primaryimage\",\"url\":\"https:\\\/\\\/rendezvous-vda.it\\\/wp-content\\\/uploads\\\/2026\\\/08\\\/VALLE-DAOSTA-Castello-di-Sarre-foto-Enrico-Romanzi-9981.jpg\",\"contentUrl\":\"https:\\\/\\\/rendezvous-vda.it\\\/wp-content\\\/uploads\\\/2026\\\/08\\\/VALLE-DAOSTA-Castello-di-Sarre-foto-Enrico-Romanzi-9981.jpg\",\"width\":1200,\"height\":800},{\"@type\":\"BreadcrumbList\",\"@id\":\"https:\\\/\\\/rendezvous-vda.it\\\/fr\\\/plaisirs-de-culture-en-vallee-daoste-2026\\\/#breadcrumb\",\"itemListElement\":[{\"@type\":\"ListItem\",\"position\":1,\"name\":\"Home\",\"item\":\"https:\\\/\\\/rendezvous-vda.it\\\/fr\\\/\"},{\"@type\":\"ListItem\",\"position\":2,\"name\":\"Plaisirs de culture en Vall\u00e9e d&rsquo;Aoste 2026\"}]},{\"@type\":\"WebSite\",\"@id\":\"https:\\\/\\\/rendezvous-vda.it\\\/#website\",\"url\":\"https:\\\/\\\/rendezvous-vda.it\\\/\",\"name\":\"Rendez Vous en Vall\u00e9e d Aoste\",\"description\":\"Arte, Cultura, Sport, Tradizioni, Enogastronomia, Tempo libero...\",\"publisher\":{\"@id\":\"https:\\\/\\\/rendezvous-vda.it\\\/#organization\"},\"potentialAction\":[{\"@type\":\"SearchAction\",\"target\":{\"@type\":\"EntryPoint\",\"urlTemplate\":\"https:\\\/\\\/rendezvous-vda.it\\\/?s={search_term_string}\"},\"query-input\":{\"@type\":\"PropertyValueSpecification\",\"valueRequired\":true,\"valueName\":\"search_term_string\"}}],\"inLanguage\":\"fr-FR\"},{\"@type\":\"Organization\",\"@id\":\"https:\\\/\\\/rendezvous-vda.it\\\/#organization\",\"name\":\"Rendez Vous en Vall\u00e9e d Aoste\",\"url\":\"https:\\\/\\\/rendezvous-vda.it\\\/\",\"logo\":{\"@type\":\"ImageObject\",\"inLanguage\":\"fr-FR\",\"@id\":\"https:\\\/\\\/rendezvous-vda.it\\\/#\\\/schema\\\/logo\\\/image\\\/\",\"url\":\"https:\\\/\\\/rendezvous-vda.it\\\/wp-content\\\/uploads\\\/2021\\\/05\\\/R.V_ITA-450.png\",\"contentUrl\":\"https:\\\/\\\/rendezvous-vda.it\\\/wp-content\\\/uploads\\\/2021\\\/05\\\/R.V_ITA-450.png\",\"width\":450,\"height\":83,\"caption\":\"Rendez Vous en Vall\u00e9e d Aoste\"},\"image\":{\"@id\":\"https:\\\/\\\/rendezvous-vda.it\\\/#\\\/schema\\\/logo\\\/image\\\/\"}},{\"@type\":\"Person\",\"@id\":\"https:\\\/\\\/rendezvous-vda.it\\\/#\\\/schema\\\/person\\\/1172ea72e2906ecf2b0a3e84c87fcd92\",\"name\":\"Christel Tillier\",\"image\":{\"@type\":\"ImageObject\",\"inLanguage\":\"fr-FR\",\"@id\":\"https:\\\/\\\/secure.gravatar.com\\\/avatar\\\/129b5ebbda82bf7f19659fcfbf3d36e958ab3f25d07ab2354bcd402b8a09bb83?s=96&d=mm&r=g\",\"url\":\"https:\\\/\\\/secure.gravatar.com\\\/avatar\\\/129b5ebbda82bf7f19659fcfbf3d36e958ab3f25d07ab2354bcd402b8a09bb83?s=96&d=mm&r=g\",\"contentUrl\":\"https:\\\/\\\/secure.gravatar.com\\\/avatar\\\/129b5ebbda82bf7f19659fcfbf3d36e958ab3f25d07ab2354bcd402b8a09bb83?s=96&d=mm&r=g\",\"caption\":\"Christel Tillier\"},\"url\":\"https:\\\/\\\/rendezvous-vda.it\\\/fr\\\/author\\\/christel\\\/\"}]}<\/script>\n<!-- \/ Yoast SEO plugin. -->","yoast_head_json":{"title":"Plaisirs de culture en Vall\u00e9e d'Aoste 2026 - Rendez Vous en Vall\u00e9e d Aoste","description":"Quatorzi\u00e8me \u00e9dition de Plaisirs de culture en Vall\u00e9e d\u2019Aoste, qui se d\u00e9roulera du 19 au 27 sep-tembre 2026 et qui est consacr\u00e9e cette ann\u00e9e au th\u00e8me \u00abPatrimoine en p\u00e9ril. Renouveler, r\u00e9sister, r\u00e9inventer \u00bb...","robots":{"index":"index","follow":"follow","max-snippet":"max-snippet:-1","max-image-preview":"max-image-preview:large","max-video-preview":"max-video-preview:-1"},"canonical":"https:\/\/rendezvous-vda.it\/fr\/plaisirs-de-culture-en-vallee-daoste-2026\/","og_locale":"fr_FR","og_type":"article","og_title":"Plaisirs de culture en Vall\u00e9e d'Aoste 2026 - Rendez Vous en Vall\u00e9e d Aoste","og_description":"Quatorzi\u00e8me \u00e9dition de Plaisirs de culture en Vall\u00e9e d\u2019Aoste, qui se d\u00e9roulera du 19 au 27 sep-tembre 2026 et qui est consacr\u00e9e cette ann\u00e9e au th\u00e8me \u00abPatrimoine en p\u00e9ril. Renouveler, r\u00e9sister, r\u00e9inventer \u00bb...","og_url":"https:\/\/rendezvous-vda.it\/fr\/plaisirs-de-culture-en-vallee-daoste-2026\/","og_site_name":"Rendez Vous en Vall\u00e9e d Aoste","article_published_time":"2026-08-31T09:19:21+00:00","article_modified_time":"2026-08-31T09:24:10+00:00","og_image":[{"width":1200,"height":800,"url":"https:\/\/rendezvous-vda.it\/wp-content\/uploads\/2026\/08\/VALLE-DAOSTA-Castello-di-Sarre-foto-Enrico-Romanzi-9981.jpg","type":"image\/jpeg"}],"author":"Christel Tillier","twitter_card":"summary_large_image","twitter_misc":{"\u00c9crit par":"Christel Tillier","Dur\u00e9e de lecture estim\u00e9e":"3 minutes"},"schema":{"@context":"https:\/\/schema.org","@graph":[{"@type":"Article","@id":"https:\/\/rendezvous-vda.it\/fr\/plaisirs-de-culture-en-vallee-daoste-2026\/#article","isPartOf":{"@id":"https:\/\/rendezvous-vda.it\/fr\/plaisirs-de-culture-en-vallee-daoste-2026\/"},"author":{"name":"Christel Tillier","@id":"https:\/\/rendezvous-vda.it\/#\/schema\/person\/1172ea72e2906ecf2b0a3e84c87fcd92"},"headline":"Plaisirs de culture en Vall\u00e9e d&rsquo;Aoste 2026","datePublished":"2026-08-31T09:19:21+00:00","dateModified":"2026-08-31T09:24:10+00:00","mainEntityOfPage":{"@id":"https:\/\/rendezvous-vda.it\/fr\/plaisirs-de-culture-en-vallee-daoste-2026\/"},"wordCount":622,"publisher":{"@id":"https:\/\/rendezvous-vda.it\/#organization"},"image":{"@id":"https:\/\/rendezvous-vda.it\/fr\/plaisirs-de-culture-en-vallee-daoste-2026\/#primaryimage"},"thumbnailUrl":"https:\/\/rendezvous-vda.it\/wp-content\/uploads\/2026\/08\/VALLE-DAOSTA-Castello-di-Sarre-foto-Enrico-Romanzi-9981.jpg","articleSection":["Arts et culture"],"inLanguage":"fr-FR"},{"@type":"WebPage","@id":"https:\/\/rendezvous-vda.it\/fr\/plaisirs-de-culture-en-vallee-daoste-2026\/","url":"https:\/\/rendezvous-vda.it\/fr\/plaisirs-de-culture-en-vallee-daoste-2026\/","name":"Plaisirs de culture en Vall\u00e9e d'Aoste 2026 - Rendez Vous en Vall\u00e9e d Aoste","isPartOf":{"@id":"https:\/\/rendezvous-vda.it\/#website"},"primaryImageOfPage":{"@id":"https:\/\/rendezvous-vda.it\/fr\/plaisirs-de-culture-en-vallee-daoste-2026\/#primaryimage"},"image":{"@id":"https:\/\/rendezvous-vda.it\/fr\/plaisirs-de-culture-en-vallee-daoste-2026\/#primaryimage"},"thumbnailUrl":"https:\/\/rendezvous-vda.it\/wp-content\/uploads\/2026\/08\/VALLE-DAOSTA-Castello-di-Sarre-foto-Enrico-Romanzi-9981.jpg","datePublished":"2026-08-31T09:19:21+00:00","dateModified":"2026-08-31T09:24:10+00:00","description":"Quatorzi\u00e8me \u00e9dition de Plaisirs de culture en Vall\u00e9e d\u2019Aoste, qui se d\u00e9roulera du 19 au 27 sep-tembre 2026 et qui est consacr\u00e9e cette ann\u00e9e au th\u00e8me \u00abPatrimoine en p\u00e9ril. Renouveler, r\u00e9sister, r\u00e9inventer \u00bb...","breadcrumb":{"@id":"https:\/\/rendezvous-vda.it\/fr\/plaisirs-de-culture-en-vallee-daoste-2026\/#breadcrumb"},"inLanguage":"fr-FR","potentialAction":[{"@type":"ReadAction","target":["https:\/\/rendezvous-vda.it\/fr\/plaisirs-de-culture-en-vallee-daoste-2026\/"]}]},{"@type":"ImageObject","inLanguage":"fr-FR","@id":"https:\/\/rendezvous-vda.it\/fr\/plaisirs-de-culture-en-vallee-daoste-2026\/#primaryimage","url":"https:\/\/rendezvous-vda.it\/wp-content\/uploads\/2026\/08\/VALLE-DAOSTA-Castello-di-Sarre-foto-Enrico-Romanzi-9981.jpg","contentUrl":"https:\/\/rendezvous-vda.it\/wp-content\/uploads\/2026\/08\/VALLE-DAOSTA-Castello-di-Sarre-foto-Enrico-Romanzi-9981.jpg","width":1200,"height":800},{"@type":"BreadcrumbList","@id":"https:\/\/rendezvous-vda.it\/fr\/plaisirs-de-culture-en-vallee-daoste-2026\/#breadcrumb","itemListElement":[{"@type":"ListItem","position":1,"name":"Home","item":"https:\/\/rendezvous-vda.it\/fr\/"},{"@type":"ListItem","position":2,"name":"Plaisirs de culture en Vall\u00e9e d&rsquo;Aoste 2026"}]},{"@type":"WebSite","@id":"https:\/\/rendezvous-vda.it\/#website","url":"https:\/\/rendezvous-vda.it\/","name":"Rendez Vous en Vall\u00e9e d Aoste","description":"Arte, Cultura, Sport, Tradizioni, Enogastronomia, Tempo libero...","publisher":{"@id":"https:\/\/rendezvous-vda.it\/#organization"},"potentialAction":[{"@type":"SearchAction","target":{"@type":"EntryPoint","urlTemplate":"https:\/\/rendezvous-vda.it\/?s={search_term_string}"},"query-input":{"@type":"PropertyValueSpecification","valueRequired":true,"valueName":"search_term_string"}}],"inLanguage":"fr-FR"},{"@type":"Organization","@id":"https:\/\/rendezvous-vda.it\/#organization","name":"Rendez Vous en Vall\u00e9e d Aoste","url":"https:\/\/rendezvous-vda.it\/","logo":{"@type":"ImageObject","inLanguage":"fr-FR","@id":"https:\/\/rendezvous-vda.it\/#\/schema\/logo\/image\/","url":"https:\/\/rendezvous-vda.it\/wp-content\/uploads\/2021\/05\/R.V_ITA-450.png","contentUrl":"https:\/\/rendezvous-vda.it\/wp-content\/uploads\/2021\/05\/R.V_ITA-450.png","width":450,"height":83,"caption":"Rendez Vous en Vall\u00e9e d Aoste"},"image":{"@id":"https:\/\/rendezvous-vda.it\/#\/schema\/logo\/image\/"}},{"@type":"Person","@id":"https:\/\/rendezvous-vda.it\/#\/schema\/person\/1172ea72e2906ecf2b0a3e84c87fcd92","name":"Christel Tillier","image":{"@type":"ImageObject","inLanguage":"fr-FR","@id":"https:\/\/secure.gravatar.com\/avatar\/129b5ebbda82bf7f19659fcfbf3d36e958ab3f25d07ab2354bcd402b8a09bb83?s=96&d=mm&r=g","url":"https:\/\/secure.gravatar.com\/avatar\/129b5ebbda82bf7f19659fcfbf3d36e958ab3f25d07ab2354bcd402b8a09bb83?s=96&d=mm&r=g","contentUrl":"https:\/\/secure.gravatar.com\/avatar\/129b5ebbda82bf7f19659fcfbf3d36e958ab3f25d07ab2354bcd402b8a09bb83?s=96&d=mm&r=g","caption":"Christel Tillier"},"url":"https:\/\/rendezvous-vda.it\/fr\/author\/christel\/"}]}},"_links":{"self":[{"href":"https:\/\/rendezvous-vda.it\/fr\/wp-json\/wp\/v2\/posts\/22203","targetHints":{"allow":["GET"]}}],"collection":[{"href":"https:\/\/rendezvous-vda.it\/fr\/wp-json\/wp\/v2\/posts"}],"about":[{"href":"https:\/\/rendezvous-vda.it\/fr\/wp-json\/wp\/v2\/types\/post"}],"author":[{"embeddable":true,"href":"https:\/\/rendezvous-vda.it\/fr\/wp-json\/wp\/v2\/users\/4"}],"replies":[{"embeddable":true,"href":"https:\/\/rendezvous-vda.it\/fr\/wp-json\/wp\/v2\/comments?post=22203"}],"version-history":[{"count":7,"href":"https:\/\/rendezvous-vda.it\/fr\/wp-json\/wp\/v2\/posts\/22203\/revisions"}],"predecessor-version":[{"id":22211,"href":"https:\/\/rendezvous-vda.it\/fr\/wp-json\/wp\/v2\/posts\/22203\/revisions\/22211"}],"wp:featuredmedia":[{"embeddable":true,"href":"https:\/\/rendezvous-vda.it\/fr\/wp-json\/wp\/v2\/media\/22184"}],"wp:attachment":[{"href":"https:\/\/rendezvous-vda.it\/fr\/wp-json\/wp\/v2\/media?parent=22203"}],"wp:term":[{"taxonomy":"category","embeddable":true,"href":"https:\/\/rendezvous-vda.it\/fr\/wp-json\/wp\/v2\/categories?post=22203"},{"taxonomy":"post_tag","embeddable":true,"href":"https:\/\/rendezvous-vda.it\/fr\/wp-json\/wp\/v2\/tags?post=22203"}],"curies":[{"name":"wp","href":"https:\/\/api.w.org\/{rel}","templated":true}]}}