{"id":2166,"date":"2024-07-01T14:25:00","date_gmt":"2024-07-01T12:25:00","guid":{"rendered":"https:\/\/k91y7tbwrjk.preview.infomaniak.website\/?p=2166"},"modified":"2026-01-24T09:37:24","modified_gmt":"2026-01-24T08:37:24","slug":"alpe-rebelle-bb-et-restaurant","status":"publish","type":"post","link":"https:\/\/rendezvous-vda.it\/fr\/alpe-rebelle-bb-et-restaurant\/","title":{"rendered":"ALPE REBELLE B&#038;B RESTAURANT"},"content":{"rendered":"\t\t<div data-elementor-type=\"wp-post\" data-elementor-id=\"2166\" class=\"elementor elementor-2166 elementor-413\" data-elementor-post-type=\"post\">\n\t\t\t\t\t\t<section class=\"elementor-section elementor-top-section elementor-element elementor-element-6573cc3e elementor-section-height-min-height elementor-section-items-stretch elementor-section-boxed elementor-section-height-default\" data-id=\"6573cc3e\" data-element_type=\"section\" data-e-type=\"section\">\n\t\t\t\t\t\t<div class=\"elementor-container elementor-column-gap-default\">\n\t\t\t\t\t<div class=\"elementor-column elementor-col-100 elementor-top-column elementor-element elementor-element-2cc986c9\" data-id=\"2cc986c9\" data-element_type=\"column\" data-e-type=\"column\" data-settings=\"{&quot;background_background&quot;:&quot;classic&quot;}\">\n\t\t\t<div class=\"elementor-widget-wrap\">\n\t\t\t\t\t\t\t<\/div>\n\t\t<\/div>\n\t\t\t\t\t<\/div>\n\t\t<\/section>\n\t\t\t\t<section class=\"elementor-section elementor-top-section elementor-element elementor-element-2f8ebf7 elementor-reverse-mobile elementor-section-boxed elementor-section-height-default elementor-section-height-default\" data-id=\"2f8ebf7\" data-element_type=\"section\" data-e-type=\"section\">\n\t\t\t\t\t\t<div class=\"elementor-container elementor-column-gap-default\">\n\t\t\t\t\t<div class=\"elementor-column elementor-col-50 elementor-top-column elementor-element elementor-element-37b863f6\" data-id=\"37b863f6\" data-element_type=\"column\" data-e-type=\"column\">\n\t\t\t<div class=\"elementor-widget-wrap elementor-element-populated\">\n\t\t\t\t\t\t<section class=\"elementor-section elementor-inner-section elementor-element elementor-element-297fb690 elementor-section-boxed elementor-section-height-default elementor-section-height-default\" data-id=\"297fb690\" data-element_type=\"section\" data-e-type=\"section\" data-settings=\"{&quot;background_background&quot;:&quot;classic&quot;,&quot;sticky&quot;:&quot;top&quot;,&quot;sticky_parent&quot;:&quot;yes&quot;,&quot;sticky_on&quot;:[&quot;desktop&quot;,&quot;tablet&quot;,&quot;mobile&quot;],&quot;sticky_offset&quot;:0,&quot;sticky_effects_offset&quot;:0,&quot;sticky_anchor_link_offset&quot;:0}\">\n\t\t\t\t\t\t<div class=\"elementor-container elementor-column-gap-default\">\n\t\t\t\t\t<div class=\"elementor-column elementor-col-100 elementor-inner-column elementor-element elementor-element-78d30715\" data-id=\"78d30715\" data-element_type=\"column\" data-e-type=\"column\" data-settings=\"{&quot;background_background&quot;:&quot;classic&quot;}\">\n\t\t\t<div class=\"elementor-widget-wrap elementor-element-populated\">\n\t\t\t\t\t\t<div class=\"elementor-element elementor-element-12e7cfed elementor-widget elementor-widget-heading\" data-id=\"12e7cfed\" data-element_type=\"widget\" data-e-type=\"widget\" data-widget_type=\"heading.default\">\n\t\t\t\t<div class=\"elementor-widget-container\">\n\t\t\t\t\t<h2 class=\"elementor-heading-title elementor-size-default\">CONTACTS<\/h2>\t\t\t\t<\/div>\n\t\t\t\t<\/div>\n\t\t\t\t<div class=\"elementor-element elementor-element-4df08bc3 contatti elementor-widget elementor-widget-text-editor\" data-id=\"4df08bc3\" data-element_type=\"widget\" data-e-type=\"widget\" data-widget_type=\"text-editor.default\">\n\t\t\t\t<div class=\"elementor-widget-container\">\n\t\t\t\t\t\t\t\t\t<p>Alpe Rebelle di Pieiller\u00a0Daniele e Ilenia<br \/>Loc. Chez-Chenoux, 1<br \/>11010 Bionaz (Ao)<br \/>Vall\u00e9e d&rsquo;Aoste Italie<\/p><p>T. <a href=\"tel:+390165730941\">+39 0165 73 09 41<\/a><br \/>M. <a href=\"tel:+393470330713\">+39 347 03 30 713<\/a><br \/><a href=\"mailto:info@alperebelle.com\">info@alperebelle.com<\/a><br \/><a href=\"http:\/\/www.alperebelle.com\">www.alperebelle.com<\/a><\/p>\t\t\t\t\t\t\t\t<\/div>\n\t\t\t\t<\/div>\n\t\t\t\t<div class=\"elementor-element elementor-element-1ed7817 elementor-widget elementor-widget-heading\" data-id=\"1ed7817\" data-element_type=\"widget\" data-e-type=\"widget\" data-widget_type=\"heading.default\">\n\t\t\t\t<div class=\"elementor-widget-container\">\n\t\t\t\t\t<h2 class=\"elementor-heading-title elementor-size-default\">Horaires<\/h2>\t\t\t\t<\/div>\n\t\t\t\t<\/div>\n\t\t\t\t<div class=\"elementor-element elementor-element-7be0b41d elementor-widget elementor-widget-text-editor\" data-id=\"7be0b41d\" data-element_type=\"widget\" data-e-type=\"widget\" data-widget_type=\"text-editor.default\">\n\t\t\t\t<div class=\"elementor-widget-container\">\n\t\t\t\t\t\t\t\t\t<p>Ouvert toute l&rsquo;ann\u00e9e.<\/p>\t\t\t\t\t\t\t\t<\/div>\n\t\t\t\t<\/div>\n\t\t\t\t<div class=\"elementor-element elementor-element-2ccc42f0 elementor-position-inline-start elementor-view-default elementor-mobile-position-block-start elementor-widget elementor-widget-icon-box\" data-id=\"2ccc42f0\" data-element_type=\"widget\" data-e-type=\"widget\" data-widget_type=\"icon-box.default\">\n\t\t\t\t<div class=\"elementor-widget-container\">\n\t\t\t\t\t\t\t<div class=\"elementor-icon-box-wrapper\">\n\n\t\t\t\t\t\t<div class=\"elementor-icon-box-icon\">\n\t\t\t\t<a href=\"https:\/\/book.octorate.com\/octobook\/site\/reservation\/login.xhtml?codice=780888\" target=\"_blank\" class=\"elementor-icon\" tabindex=\"-1\" aria-label=\"Book now\">\n\t\t\t\t<i aria-hidden=\"true\" class=\"fas fa-concierge-bell\"><\/i>\t\t\t\t<\/a>\n\t\t\t<\/div>\n\t\t\t\n\t\t\t\t\t\t<div class=\"elementor-icon-box-content\">\n\n\t\t\t\t\t\t\t\t\t<h3 class=\"elementor-icon-box-title\">\n\t\t\t\t\t\t<a href=\"https:\/\/book.octorate.com\/octobook\/site\/reservation\/login.xhtml?codice=780888\" target=\"_blank\" >\n\t\t\t\t\t\t\tBook now\t\t\t\t\t\t<\/a>\n\t\t\t\t\t<\/h3>\n\t\t\t\t\n\t\t\t\t\n\t\t\t<\/div>\n\t\t\t\n\t\t<\/div>\n\t\t\t\t\t\t<\/div>\n\t\t\t\t<\/div>\n\t\t\t\t<div class=\"elementor-element elementor-element-7649ee3e elementor-widget__width-auto elementor-view-default elementor-widget elementor-widget-icon\" data-id=\"7649ee3e\" data-element_type=\"widget\" data-e-type=\"widget\" data-widget_type=\"icon.default\">\n\t\t\t\t<div class=\"elementor-widget-container\">\n\t\t\t\t\t\t\t<div class=\"elementor-icon-wrapper\">\n\t\t\t<a class=\"elementor-icon\" href=\"https:\/\/www.facebook.com\/alperebelle1\/\" target=\"_blank\">\n\t\t\t<i aria-hidden=\"true\" class=\"fab fa-facebook-f\"><\/i>\t\t\t<\/a>\n\t\t<\/div>\n\t\t\t\t\t\t<\/div>\n\t\t\t\t<\/div>\n\t\t\t\t<div class=\"elementor-element elementor-element-6025ebf8 elementor-widget__width-auto elementor-view-default elementor-widget elementor-widget-icon\" data-id=\"6025ebf8\" data-element_type=\"widget\" data-e-type=\"widget\" data-widget_type=\"icon.default\">\n\t\t\t\t<div class=\"elementor-widget-container\">\n\t\t\t\t\t\t\t<div class=\"elementor-icon-wrapper\">\n\t\t\t<a class=\"elementor-icon\" href=\"https:\/\/www.facebook.com\/alperebelle\/\" target=\"_blank\">\n\t\t\t<i aria-hidden=\"true\" class=\"fab fa-facebook-f\"><\/i>\t\t\t<\/a>\n\t\t<\/div>\n\t\t\t\t\t\t<\/div>\n\t\t\t\t<\/div>\n\t\t\t\t<div class=\"elementor-element elementor-element-e47f8d7 elementor-widget__width-auto elementor-view-default elementor-widget elementor-widget-icon\" data-id=\"e47f8d7\" data-element_type=\"widget\" data-e-type=\"widget\" data-widget_type=\"icon.default\">\n\t\t\t\t<div class=\"elementor-widget-container\">\n\t\t\t\t\t\t\t<div class=\"elementor-icon-wrapper\">\n\t\t\t<a class=\"elementor-icon\" href=\"https:\/\/www.instagram.com\/alpe_rebelle\/?hl=it\" target=\"_blank\">\n\t\t\t<i aria-hidden=\"true\" class=\"fab fa-instagram\"><\/i>\t\t\t<\/a>\n\t\t<\/div>\n\t\t\t\t\t\t<\/div>\n\t\t\t\t<\/div>\n\t\t\t\t\t<\/div>\n\t\t<\/div>\n\t\t\t\t\t<\/div>\n\t\t<\/section>\n\t\t\t\t\t<\/div>\n\t\t<\/div>\n\t\t\t\t<div class=\"elementor-column elementor-col-50 elementor-top-column elementor-element elementor-element-97951fe\" data-id=\"97951fe\" data-element_type=\"column\" data-e-type=\"column\">\n\t\t\t<div class=\"elementor-widget-wrap elementor-element-populated\">\n\t\t\t\t\t\t<div class=\"elementor-element elementor-element-786ccc81 elementor-widget elementor-widget-heading\" data-id=\"786ccc81\" data-element_type=\"widget\" data-e-type=\"widget\" data-widget_type=\"heading.default\">\n\t\t\t\t<div class=\"elementor-widget-container\">\n\t\t\t\t\t<h2 class=\"elementor-heading-title elementor-size-default\">ALPE REBELLE b&amp;b rESTAURANT<\/h2>\t\t\t\t<\/div>\n\t\t\t\t<\/div>\n\t\t\t\t<div class=\"elementor-element elementor-element-68fa3a97 elementor-widget__width-auto elementor-widget elementor-widget-post-info\" data-id=\"68fa3a97\" data-element_type=\"widget\" data-e-type=\"widget\" data-widget_type=\"post-info.default\">\n\t\t\t\t<div class=\"elementor-widget-container\">\n\t\t\t\t\t\t\t<ul class=\"elementor-inline-items elementor-icon-list-items elementor-post-info\">\n\t\t\t\t\t\t\t\t<li class=\"elementor-icon-list-item elementor-repeater-item-9ddff1b elementor-inline-item\" itemprop=\"about\">\n\t\t\t\t\t\t\t\t\t\t\t\t\t<span class=\"elementor-icon-list-text elementor-post-info__item elementor-post-info__item--type-terms\">\n\t\t\t\t\t\t\t\t\t\t<span class=\"elementor-post-info__terms-list\">\n\t\t\t\t<a href=\"https:\/\/rendezvous-vda.it\/fr\/category\/suggestions\/ou-manger-et-boire\/\" class=\"elementor-post-info__terms-list-item\">O\u00f9 manger et boire<\/a>\t\t\t\t<\/span>\n\t\t\t\t\t<\/span>\n\t\t\t\t\t\t\t\t<\/li>\n\t\t\t\t<\/ul>\n\t\t\t\t\t\t<\/div>\n\t\t\t\t<\/div>\n\t\t\t\t<div class=\"elementor-element elementor-element-725d9b2d elementor-widget elementor-widget-text-editor\" data-id=\"725d9b2d\" data-element_type=\"widget\" data-e-type=\"widget\" data-widget_type=\"text-editor.default\">\n\t\t\t\t<div class=\"elementor-widget-container\">\n\t\t\t\t\t\t\t\t\t<p><em><span lang=\"FR-CH\">Immerg\u00e9 dans la nature alpine, dans le respect de l\u2019environnement, Alpe Rebelle B&amp;B et Restaurant est le lieu de base id\u00e9al pour des excursions et de la d\u00e9tente<\/span><\/em><span lang=\"FR-CH\">.<\/span><\/p><p><span lang=\"FR-CH\">Loin des lieux fr\u00e9quent\u00e9s par le tourisme de masse, l\u2019Alpe Rebelle de Daniele et Ilenia saura vous conqu\u00e9rir.\u00a0<strong>Le restaurant de montagne\u00a0<\/strong>propose une\u00a0<strong>gastronomie typique avec des produits locaux et du march\u00e9 socio-\u00e9quitable<\/strong>, dans le souci de concilier bonne cuisine et respect de l\u2019environnement. Les produits des agriculteurs de Vallata rassemblent simplicit\u00e9 et authenticit\u00e9, ce qui caract\u00e9rise la culture alpine et nos plats.<\/span><\/p>\t\t\t\t\t\t\t\t<\/div>\n\t\t\t\t<\/div>\n\t\t\t\t<div class=\"elementor-element elementor-element-2f9d05fe elementor-widget elementor-widget-heading\" data-id=\"2f9d05fe\" data-element_type=\"widget\" data-e-type=\"widget\" data-widget_type=\"heading.default\">\n\t\t\t\t<div class=\"elementor-widget-container\">\n\t\t\t\t\t<h2 class=\"elementor-heading-title elementor-size-default\">le restaurant<\/h2>\t\t\t\t<\/div>\n\t\t\t\t<\/div>\n\t\t\t\t<div class=\"elementor-element elementor-element-716a0832 elementor-widget elementor-widget-text-editor\" data-id=\"716a0832\" data-element_type=\"widget\" data-e-type=\"widget\" data-widget_type=\"text-editor.default\">\n\t\t\t\t<div class=\"elementor-widget-container\">\n\t\t\t\t\t\t\t\t\t<p>Cette ann\u00e9e encore, leur cuisine du terroir simple et authentique a obtenu une nouvelle distinction m\u00e9rit\u00e9e: apr\u00e8s avoir \u00e9t\u00e9 s\u00e9lectionn\u00e9 par Slow Food pour le prestigieux guide des meilleures auberges d\u2019Italie,\u00a0<strong>le restaurant Alpe Rebelle a \u00e9t\u00e9 choisi parmi les douze meilleurs restaurants du Val d\u2019Aoste par Vanity Fair.<\/strong><\/p><p>\u201c<em>Nous travaillons constamment dans le but de garantir toute l\u2019ann\u00e9e \u00e0 nos clients une offre qui conjugue au mieux les th\u00e8mes qui nous tiennent le plus \u00e0 c\u0153ur: la culture, la montagne et la gastronomie, avec le soin que nous r\u00e9servons depuis toujours aux produits du terroir et \u00e0 nos recettes<\/em>\u201d raconte\u00a0<strong>Daniele Pieiller<\/strong>\u00a0qui, avec son \u00e9pouse Ilenia, g\u00e8re l\u2019Espace Alpe Rebelle.<\/p>\t\t\t\t\t\t\t\t<\/div>\n\t\t\t\t<\/div>\n\t\t\t\t<div class=\"elementor-element elementor-element-474cd9a elementor-widget elementor-widget-heading\" data-id=\"474cd9a\" data-element_type=\"widget\" data-e-type=\"widget\" data-widget_type=\"heading.default\">\n\t\t\t\t<div class=\"elementor-widget-container\">\n\t\t\t\t\t<h2 class=\"elementor-heading-title elementor-size-default\">La terrazza Elisir Rebelle<\/h2>\t\t\t\t<\/div>\n\t\t\t\t<\/div>\n\t\t\t\t<div class=\"elementor-element elementor-element-2f764891 elementor-widget elementor-widget-text-editor\" data-id=\"2f764891\" data-element_type=\"widget\" data-e-type=\"widget\" data-widget_type=\"text-editor.default\">\n\t\t\t\t<div class=\"elementor-widget-container\">\n\t\t\t\t\t\t\t\t\t<p>A l\u2019Alpe Rebelle, et comme le veut la tradition, la paix et la tranquillit\u00e9 sont toujours garanties, au c\u0153ur de la nature alpine.<\/p><p>La<strong>\u00a0terrazza Elisir Rebelle<\/strong>\u00a0sera la cerise sur le g\u00e2teau; vous pourrez vous y pr\u00e9lasser en d\u00e9gustant un ap\u00e9ritif avec une vue sur un panorama \u00e0 couper le souffle: le contexte id\u00e9al pour tous ceux qui sont \u00e0 la recherche d\u2019un lieu hors du commun, g\u00e9r\u00e9 avec amour et, surtout, hors des logiques qui d\u00e9placent et satisfont le tourisme de masse.<\/p><p><em>(Publi-r\u00e9dactionnel)<\/em><\/p>\t\t\t\t\t\t\t\t<\/div>\n\t\t\t\t<\/div>\n\t\t\t\t<div class=\"elementor-element elementor-element-3ffaf4c7 elementor-widget elementor-widget-video\" data-id=\"3ffaf4c7\" data-element_type=\"widget\" data-e-type=\"widget\" data-settings=\"{&quot;youtube_url&quot;:&quot;https:\\\/\\\/www.youtube.com\\\/watch?v=TthzVxF8kso&quot;,&quot;video_type&quot;:&quot;youtube&quot;,&quot;controls&quot;:&quot;yes&quot;}\" data-widget_type=\"video.default\">\n\t\t\t\t<div class=\"elementor-widget-container\">\n\t\t\t\t\t\t\t<div class=\"elementor-wrapper elementor-open-inline\">\n\t\t\t<div class=\"elementor-video\"><\/div>\t\t<\/div>\n\t\t\t\t\t\t<\/div>\n\t\t\t\t<\/div>\n\t\t\t\t<div class=\"elementor-element elementor-element-695bb68e elementor-widget elementor-widget-heading\" data-id=\"695bb68e\" data-element_type=\"widget\" data-e-type=\"widget\" data-widget_type=\"heading.default\">\n\t\t\t\t<div class=\"elementor-widget-container\">\n\t\t\t\t\t<h2 class=\"elementor-heading-title elementor-size-default\">O\u00f9 sommes-nous<\/h2>\t\t\t\t<\/div>\n\t\t\t\t<\/div>\n\t\t\t\t<div class=\"elementor-element elementor-element-d1a34e elementor-widget elementor-widget-html\" data-id=\"d1a34e\" data-element_type=\"widget\" data-e-type=\"widget\" data-widget_type=\"html.default\">\n\t\t\t\t<div class=\"elementor-widget-container\">\n\t\t\t\t\t<iframe src=\"https:\/\/www.google.com\/maps\/embed?pb=!1m14!1m8!1m3!1d11110.798470978847!2d7.429765!3d45.877319!3m2!1i1024!2i768!4f13.1!3m3!1m2!1s0x0%3A0x8dcada92700423ee!2sParco%20avventura%20Rebel%20Park!5e0!3m2!1sit!2sus!4v1623312972889!5m2!1sit!2sus\" width=\"600\" height=\"450\" style=\"border:0;\" allowfullscreen=\"\" loading=\"lazy\"><\/iframe>\t\t\t\t<\/div>\n\t\t\t\t<\/div>\n\t\t\t\t<div class=\"elementor-element elementor-element-2ee9198c elementor-widget elementor-widget-gallery\" data-id=\"2ee9198c\" data-element_type=\"widget\" data-e-type=\"widget\" data-settings=\"{&quot;columns_tablet&quot;:4,&quot;columns_mobile&quot;:2,&quot;lazyload&quot;:&quot;yes&quot;,&quot;gallery_layout&quot;:&quot;grid&quot;,&quot;columns&quot;:4,&quot;gap&quot;:{&quot;unit&quot;:&quot;px&quot;,&quot;size&quot;:10,&quot;sizes&quot;:[]},&quot;gap_tablet&quot;:{&quot;unit&quot;:&quot;px&quot;,&quot;size&quot;:10,&quot;sizes&quot;:[]},&quot;gap_mobile&quot;:{&quot;unit&quot;:&quot;px&quot;,&quot;size&quot;:10,&quot;sizes&quot;:[]},&quot;link_to&quot;:&quot;file&quot;,&quot;aspect_ratio&quot;:&quot;3:2&quot;,&quot;overlay_background&quot;:&quot;yes&quot;,&quot;content_hover_animation&quot;:&quot;fade-in&quot;}\" data-widget_type=\"gallery.default\">\n\t\t\t\t<div class=\"elementor-widget-container\">\n\t\t\t\t\t\t\t<div class=\"elementor-gallery__container\">\n\t\t\t\t\t\t\t<a class=\"e-gallery-item elementor-gallery-item elementor-animated-content\" href=\"https:\/\/rendezvous-vda.it\/wp-content\/uploads\/2021\/06\/Alpe-Rebelle-Rendez-vous-en-Vallee-dAoste-1.jpg\" data-elementor-open-lightbox=\"yes\" data-elementor-lightbox-slideshow=\"2ee9198c\" data-elementor-lightbox-title=\"Alpe Rebelle - Rendez-vous en Vall\u00e9e d&#039;Aoste - 1\" data-e-action-hash=\"#elementor-action%3Aaction%3Dlightbox%26settings%3DeyJpZCI6MzkzLCJ1cmwiOiJodHRwczpcL1wvcmVuZGV6dm91cy12ZGEuaXRcL3dwLWNvbnRlbnRcL3VwbG9hZHNcLzIwMjFcLzA2XC9BbHBlLVJlYmVsbGUtUmVuZGV6LXZvdXMtZW4tVmFsbGVlLWRBb3N0ZS0xLmpwZyIsInNsaWRlc2hvdyI6IjJlZTkxOThjIn0%3D\">\n\t\t\t\t\t<div class=\"e-gallery-image elementor-gallery-item__image\" data-thumbnail=\"https:\/\/rendezvous-vda.it\/wp-content\/uploads\/2021\/06\/Alpe-Rebelle-Rendez-vous-en-Vallee-dAoste-1.jpg\" data-width=\"1500\" data-height=\"999\" aria-label=\"\" role=\"img\" ><\/div>\n\t\t\t\t\t\t\t\t\t\t\t<div class=\"elementor-gallery-item__overlay\"><\/div>\n\t\t\t\t\t\t\t\t\t\t\t\t\t\t<\/a>\n\t\t\t\t\t\t\t<a class=\"e-gallery-item elementor-gallery-item elementor-animated-content\" href=\"https:\/\/rendezvous-vda.it\/wp-content\/uploads\/2021\/06\/Alpe-Rebelle-Rendez-vous-en-Vallee-dAoste-2.jpg\" data-elementor-open-lightbox=\"yes\" data-elementor-lightbox-slideshow=\"2ee9198c\" data-elementor-lightbox-title=\"Alpe Rebelle - Rendez-vous en Vall\u00e9e d&#039;Aoste - 2\" data-e-action-hash=\"#elementor-action%3Aaction%3Dlightbox%26settings%3DeyJpZCI6Mzk0LCJ1cmwiOiJodHRwczpcL1wvcmVuZGV6dm91cy12ZGEuaXRcL3dwLWNvbnRlbnRcL3VwbG9hZHNcLzIwMjFcLzA2XC9BbHBlLVJlYmVsbGUtUmVuZGV6LXZvdXMtZW4tVmFsbGVlLWRBb3N0ZS0yLmpwZyIsInNsaWRlc2hvdyI6IjJlZTkxOThjIn0%3D\">\n\t\t\t\t\t<div class=\"e-gallery-image elementor-gallery-item__image\" data-thumbnail=\"https:\/\/rendezvous-vda.it\/wp-content\/uploads\/2021\/06\/Alpe-Rebelle-Rendez-vous-en-Vallee-dAoste-2.jpg\" data-width=\"1500\" data-height=\"999\" aria-label=\"\" role=\"img\" ><\/div>\n\t\t\t\t\t\t\t\t\t\t\t<div class=\"elementor-gallery-item__overlay\"><\/div>\n\t\t\t\t\t\t\t\t\t\t\t\t\t\t<\/a>\n\t\t\t\t\t\t\t<a class=\"e-gallery-item elementor-gallery-item elementor-animated-content\" href=\"https:\/\/rendezvous-vda.it\/wp-content\/uploads\/2021\/06\/Alpe-Rebelle-Rendez-vous-en-Vallee-dAoste-3.jpg\" data-elementor-open-lightbox=\"yes\" data-elementor-lightbox-slideshow=\"2ee9198c\" data-elementor-lightbox-title=\"Alpe Rebelle - Rendez-vous en Vall\u00e9e d&#039;Aoste - 3\" data-e-action-hash=\"#elementor-action%3Aaction%3Dlightbox%26settings%3DeyJpZCI6Mzk1LCJ1cmwiOiJodHRwczpcL1wvcmVuZGV6dm91cy12ZGEuaXRcL3dwLWNvbnRlbnRcL3VwbG9hZHNcLzIwMjFcLzA2XC9BbHBlLVJlYmVsbGUtUmVuZGV6LXZvdXMtZW4tVmFsbGVlLWRBb3N0ZS0zLmpwZyIsInNsaWRlc2hvdyI6IjJlZTkxOThjIn0%3D\">\n\t\t\t\t\t<div class=\"e-gallery-image elementor-gallery-item__image\" data-thumbnail=\"https:\/\/rendezvous-vda.it\/wp-content\/uploads\/2021\/06\/Alpe-Rebelle-Rendez-vous-en-Vallee-dAoste-3.jpg\" data-width=\"1200\" data-height=\"1600\" aria-label=\"\" role=\"img\" ><\/div>\n\t\t\t\t\t\t\t\t\t\t\t<div class=\"elementor-gallery-item__overlay\"><\/div>\n\t\t\t\t\t\t\t\t\t\t\t\t\t\t<\/a>\n\t\t\t\t\t\t\t<a class=\"e-gallery-item elementor-gallery-item elementor-animated-content\" href=\"https:\/\/rendezvous-vda.it\/wp-content\/uploads\/2021\/06\/Alpe-Rebelle-Rendez-vous-en-Vallee-dAoste-4.jpg\" data-elementor-open-lightbox=\"yes\" data-elementor-lightbox-slideshow=\"2ee9198c\" data-elementor-lightbox-title=\"Alpe Rebelle - Rendez-vous en Vall\u00e9e d&#039;Aoste - 4\" data-e-action-hash=\"#elementor-action%3Aaction%3Dlightbox%26settings%3DeyJpZCI6Mzk2LCJ1cmwiOiJodHRwczpcL1wvcmVuZGV6dm91cy12ZGEuaXRcL3dwLWNvbnRlbnRcL3VwbG9hZHNcLzIwMjFcLzA2XC9BbHBlLVJlYmVsbGUtUmVuZGV6LXZvdXMtZW4tVmFsbGVlLWRBb3N0ZS00LmpwZyIsInNsaWRlc2hvdyI6IjJlZTkxOThjIn0%3D\">\n\t\t\t\t\t<div class=\"e-gallery-image elementor-gallery-item__image\" data-thumbnail=\"https:\/\/rendezvous-vda.it\/wp-content\/uploads\/2021\/06\/Alpe-Rebelle-Rendez-vous-en-Vallee-dAoste-4.jpg\" data-width=\"1500\" data-height=\"1125\" aria-label=\"\" role=\"img\" ><\/div>\n\t\t\t\t\t\t\t\t\t\t\t<div class=\"elementor-gallery-item__overlay\"><\/div>\n\t\t\t\t\t\t\t\t\t\t\t\t\t\t<\/a>\n\t\t\t\t\t\t\t<a class=\"e-gallery-item elementor-gallery-item elementor-animated-content\" href=\"https:\/\/rendezvous-vda.it\/wp-content\/uploads\/2021\/06\/Alpe-Rebelle-Rendez-vous-en-Vallee-dAoste-5.jpg\" data-elementor-open-lightbox=\"yes\" data-elementor-lightbox-slideshow=\"2ee9198c\" data-elementor-lightbox-title=\"Alpe Rebelle - Rendez-vous en Vall\u00e9e d&#039;Aoste - 5\" data-e-action-hash=\"#elementor-action%3Aaction%3Dlightbox%26settings%3DeyJpZCI6Mzk3LCJ1cmwiOiJodHRwczpcL1wvcmVuZGV6dm91cy12ZGEuaXRcL3dwLWNvbnRlbnRcL3VwbG9hZHNcLzIwMjFcLzA2XC9BbHBlLVJlYmVsbGUtUmVuZGV6LXZvdXMtZW4tVmFsbGVlLWRBb3N0ZS01LmpwZyIsInNsaWRlc2hvdyI6IjJlZTkxOThjIn0%3D\">\n\t\t\t\t\t<div class=\"e-gallery-image elementor-gallery-item__image\" data-thumbnail=\"https:\/\/rendezvous-vda.it\/wp-content\/uploads\/2021\/06\/Alpe-Rebelle-Rendez-vous-en-Vallee-dAoste-5.jpg\" data-width=\"1500\" data-height=\"952\" aria-label=\"\" role=\"img\" ><\/div>\n\t\t\t\t\t\t\t\t\t\t\t<div class=\"elementor-gallery-item__overlay\"><\/div>\n\t\t\t\t\t\t\t\t\t\t\t\t\t\t<\/a>\n\t\t\t\t\t\t\t<a class=\"e-gallery-item elementor-gallery-item elementor-animated-content\" href=\"https:\/\/rendezvous-vda.it\/wp-content\/uploads\/2021\/06\/Alpe-Rebelle-Rendez-vous-en-Vallee-dAoste-6.jpg\" data-elementor-open-lightbox=\"yes\" data-elementor-lightbox-slideshow=\"2ee9198c\" data-elementor-lightbox-title=\"Alpe Rebelle - Rendez-vous en Vall\u00e9e d&#039;Aoste - 6\" data-e-action-hash=\"#elementor-action%3Aaction%3Dlightbox%26settings%3DeyJpZCI6Mzk4LCJ1cmwiOiJodHRwczpcL1wvcmVuZGV6dm91cy12ZGEuaXRcL3dwLWNvbnRlbnRcL3VwbG9hZHNcLzIwMjFcLzA2XC9BbHBlLVJlYmVsbGUtUmVuZGV6LXZvdXMtZW4tVmFsbGVlLWRBb3N0ZS02LmpwZyIsInNsaWRlc2hvdyI6IjJlZTkxOThjIn0%3D\">\n\t\t\t\t\t<div class=\"e-gallery-image elementor-gallery-item__image\" data-thumbnail=\"https:\/\/rendezvous-vda.it\/wp-content\/uploads\/2021\/06\/Alpe-Rebelle-Rendez-vous-en-Vallee-dAoste-6.jpg\" data-width=\"1500\" data-height=\"999\" aria-label=\"\" role=\"img\" ><\/div>\n\t\t\t\t\t\t\t\t\t\t\t<div class=\"elementor-gallery-item__overlay\"><\/div>\n\t\t\t\t\t\t\t\t\t\t\t\t\t\t<\/a>\n\t\t\t\t\t\t\t<a class=\"e-gallery-item elementor-gallery-item elementor-animated-content\" href=\"https:\/\/rendezvous-vda.it\/wp-content\/uploads\/2021\/06\/Alpe-Rebelle-Rendez-vous-en-Vallee-dAoste-7.jpg\" data-elementor-open-lightbox=\"yes\" data-elementor-lightbox-slideshow=\"2ee9198c\" data-elementor-lightbox-title=\"Alpe Rebelle - Rendez-vous en Vall\u00e9e d&#039;Aoste - 7\" data-e-action-hash=\"#elementor-action%3Aaction%3Dlightbox%26settings%3DeyJpZCI6Mzk5LCJ1cmwiOiJodHRwczpcL1wvcmVuZGV6dm91cy12ZGEuaXRcL3dwLWNvbnRlbnRcL3VwbG9hZHNcLzIwMjFcLzA2XC9BbHBlLVJlYmVsbGUtUmVuZGV6LXZvdXMtZW4tVmFsbGVlLWRBb3N0ZS03LmpwZyIsInNsaWRlc2hvdyI6IjJlZTkxOThjIn0%3D\">\n\t\t\t\t\t<div class=\"e-gallery-image elementor-gallery-item__image\" data-thumbnail=\"https:\/\/rendezvous-vda.it\/wp-content\/uploads\/2021\/06\/Alpe-Rebelle-Rendez-vous-en-Vallee-dAoste-7.jpg\" data-width=\"1500\" data-height=\"1500\" aria-label=\"\" role=\"img\" ><\/div>\n\t\t\t\t\t\t\t\t\t\t\t<div class=\"elementor-gallery-item__overlay\"><\/div>\n\t\t\t\t\t\t\t\t\t\t\t\t\t\t<\/a>\n\t\t\t\t\t\t\t<a class=\"e-gallery-item elementor-gallery-item elementor-animated-content\" href=\"https:\/\/rendezvous-vda.it\/wp-content\/uploads\/2021\/06\/Alpe-Rebelle-Rendez-vous-en-Vallee-dAoste-8.jpg\" data-elementor-open-lightbox=\"yes\" data-elementor-lightbox-slideshow=\"2ee9198c\" data-elementor-lightbox-title=\"Alpe Rebelle - Rendez-vous en Vall\u00e9e d&#039;Aoste - 8\" data-e-action-hash=\"#elementor-action%3Aaction%3Dlightbox%26settings%3DeyJpZCI6NDAwLCJ1cmwiOiJodHRwczpcL1wvcmVuZGV6dm91cy12ZGEuaXRcL3dwLWNvbnRlbnRcL3VwbG9hZHNcLzIwMjFcLzA2XC9BbHBlLVJlYmVsbGUtUmVuZGV6LXZvdXMtZW4tVmFsbGVlLWRBb3N0ZS04LmpwZyIsInNsaWRlc2hvdyI6IjJlZTkxOThjIn0%3D\">\n\t\t\t\t\t<div class=\"e-gallery-image elementor-gallery-item__image\" data-thumbnail=\"https:\/\/rendezvous-vda.it\/wp-content\/uploads\/2021\/06\/Alpe-Rebelle-Rendez-vous-en-Vallee-dAoste-8.jpg\" data-width=\"1200\" data-height=\"1599\" aria-label=\"\" role=\"img\" ><\/div>\n\t\t\t\t\t\t\t\t\t\t\t<div class=\"elementor-gallery-item__overlay\"><\/div>\n\t\t\t\t\t\t\t\t\t\t\t\t\t\t<\/a>\n\t\t\t\t\t<\/div>\n\t\t\t\t\t<\/div>\n\t\t\t\t<\/div>\n\t\t\t\t<div class=\"elementor-element elementor-element-cc4aa0e elementor-share-buttons--view-icon elementor-share-buttons--skin-gradient elementor-share-buttons--shape-square elementor-grid-0 elementor-share-buttons--color-official elementor-widget elementor-widget-global elementor-global-1711 elementor-widget-share-buttons\" data-id=\"cc4aa0e\" data-element_type=\"widget\" data-e-type=\"widget\" data-widget_type=\"share-buttons.default\">\n\t\t\t\t<div class=\"elementor-widget-container\">\n\t\t\t\t\t\t\t<div class=\"elementor-grid\" role=\"list\">\n\t\t\t\t\t\t\t\t<div class=\"elementor-grid-item\" role=\"listitem\">\n\t\t\t\t\t\t<div class=\"elementor-share-btn elementor-share-btn_facebook\" role=\"button\" tabindex=\"0\" aria-label=\"Partager sur facebook\">\n\t\t\t\t\t\t\t\t\t\t\t\t\t\t\t<span class=\"elementor-share-btn__icon\">\n\t\t\t\t\t\t\t\t<i class=\"fab fa-facebook\" aria-hidden=\"true\"><\/i>\t\t\t\t\t\t\t<\/span>\n\t\t\t\t\t\t\t\t\t\t\t\t\t\t\t\t\t\t\t\t<\/div>\n\t\t\t\t\t<\/div>\n\t\t\t\t\t\t\t\t\t<div class=\"elementor-grid-item\" role=\"listitem\">\n\t\t\t\t\t\t<div class=\"elementor-share-btn elementor-share-btn_twitter\" role=\"button\" tabindex=\"0\" aria-label=\"Partager sur twitter\">\n\t\t\t\t\t\t\t\t\t\t\t\t\t\t\t<span class=\"elementor-share-btn__icon\">\n\t\t\t\t\t\t\t\t<i class=\"fab fa-twitter\" aria-hidden=\"true\"><\/i>\t\t\t\t\t\t\t<\/span>\n\t\t\t\t\t\t\t\t\t\t\t\t\t\t\t\t\t\t\t\t<\/div>\n\t\t\t\t\t<\/div>\n\t\t\t\t\t\t\t\t\t<div class=\"elementor-grid-item\" role=\"listitem\">\n\t\t\t\t\t\t<div class=\"elementor-share-btn elementor-share-btn_linkedin\" role=\"button\" tabindex=\"0\" aria-label=\"Partager sur linkedin\">\n\t\t\t\t\t\t\t\t\t\t\t\t\t\t\t<span class=\"elementor-share-btn__icon\">\n\t\t\t\t\t\t\t\t<i class=\"fab fa-linkedin\" aria-hidden=\"true\"><\/i>\t\t\t\t\t\t\t<\/span>\n\t\t\t\t\t\t\t\t\t\t\t\t\t\t\t\t\t\t\t\t<\/div>\n\t\t\t\t\t<\/div>\n\t\t\t\t\t\t\t\t\t<div class=\"elementor-grid-item\" role=\"listitem\">\n\t\t\t\t\t\t<div class=\"elementor-share-btn elementor-share-btn_email\" role=\"button\" tabindex=\"0\" aria-label=\"Partager sur email\">\n\t\t\t\t\t\t\t\t\t\t\t\t\t\t\t<span class=\"elementor-share-btn__icon\">\n\t\t\t\t\t\t\t\t<i class=\"fas fa-envelope\" aria-hidden=\"true\"><\/i>\t\t\t\t\t\t\t<\/span>\n\t\t\t\t\t\t\t\t\t\t\t\t\t\t\t\t\t\t\t\t<\/div>\n\t\t\t\t\t<\/div>\n\t\t\t\t\t\t\t\t\t<div class=\"elementor-grid-item\" role=\"listitem\">\n\t\t\t\t\t\t<div class=\"elementor-share-btn elementor-share-btn_whatsapp\" role=\"button\" tabindex=\"0\" aria-label=\"Partager sur whatsapp\">\n\t\t\t\t\t\t\t\t\t\t\t\t\t\t\t<span class=\"elementor-share-btn__icon\">\n\t\t\t\t\t\t\t\t<i class=\"fab fa-whatsapp\" aria-hidden=\"true\"><\/i>\t\t\t\t\t\t\t<\/span>\n\t\t\t\t\t\t\t\t\t\t\t\t\t\t\t\t\t\t\t\t<\/div>\n\t\t\t\t\t<\/div>\n\t\t\t\t\t\t<\/div>\n\t\t\t\t\t\t<\/div>\n\t\t\t\t<\/div>\n\t\t\t\t\t<\/div>\n\t\t<\/div>\n\t\t\t\t\t<\/div>\n\t\t<\/section>\n\t\t\t\t<\/div>\n\t\t","protected":false},"excerpt":{"rendered":"<p>I.P. &#8211; Immerg\u00e9 dans la nature alpine, dans le respect de l\u2019environnement, un lieu de base id\u00e9al pour les excursions et la d\u00e9tente.<\/p>\n","protected":false},"author":3,"featured_media":2167,"comment_status":"closed","ping_status":"closed","sticky":false,"template":"elementor_header_footer","format":"standard","meta":{"footnotes":""},"categories":[42],"tags":[],"class_list":["post-2166","post","type-post","status-publish","format-standard","has-post-thumbnail","hentry","category-ou-manger-et-boire"],"yoast_head":"<!-- This site is optimized with the Yoast SEO plugin v27.4 - https:\/\/yoast.com\/product\/yoast-seo-wordpress\/ -->\n<title>ALPE REBELLE B&amp;B RESTAURANT - Rendez Vous en Vall\u00e9e d Aoste<\/title>\n<meta name=\"description\" content=\"Immerg\u00e9 dans la nature alpine en Vall\u00e9e d&#039;Aoste, dans le respect de l\u2019environnement, un lieu de base id\u00e9al pour les excursions et la d\u00e9tente...\" \/>\n<meta name=\"robots\" content=\"index, follow, max-snippet:-1, max-image-preview:large, max-video-preview:-1\" \/>\n<link rel=\"canonical\" href=\"https:\/\/rendezvous-vda.it\/fr\/alpe-rebelle-bb-et-restaurant\/\" \/>\n<meta property=\"og:locale\" content=\"fr_FR\" \/>\n<meta property=\"og:type\" content=\"article\" \/>\n<meta property=\"og:title\" content=\"ALPE REBELLE B&amp;B RESTAURANT - Rendez Vous en Vall\u00e9e d Aoste\" \/>\n<meta property=\"og:description\" content=\"Immerg\u00e9 dans la nature alpine en Vall\u00e9e d&#039;Aoste, dans le respect de l\u2019environnement, un lieu de base id\u00e9al pour les excursions et la d\u00e9tente...\" \/>\n<meta property=\"og:url\" content=\"https:\/\/rendezvous-vda.it\/fr\/alpe-rebelle-bb-et-restaurant\/\" \/>\n<meta property=\"og:site_name\" content=\"Rendez Vous en Vall\u00e9e d Aoste\" \/>\n<meta property=\"article:published_time\" content=\"2024-07-01T12:25:00+00:00\" \/>\n<meta property=\"article:modified_time\" content=\"2026-01-24T08:37:24+00:00\" \/>\n<meta property=\"og:image\" content=\"https:\/\/rendezvous-vda.it\/wp-content\/uploads\/2021\/07\/13920314_619074081607174_1875902878996669827_o.jpg\" \/>\n\t<meta property=\"og:image:width\" content=\"2048\" \/>\n\t<meta property=\"og:image:height\" content=\"1365\" \/>\n\t<meta property=\"og:image:type\" content=\"image\/jpeg\" \/>\n<meta name=\"author\" content=\"Stefania Marchiano\" \/>\n<meta name=\"twitter:card\" content=\"summary_large_image\" \/>\n<meta name=\"twitter:label1\" content=\"\u00c9crit par\" \/>\n\t<meta name=\"twitter:data1\" content=\"Stefania Marchiano\" \/>\n\t<meta name=\"twitter:label2\" content=\"Dur\u00e9e de lecture estim\u00e9e\" \/>\n\t<meta name=\"twitter:data2\" content=\"3 minutes\" \/>\n<script type=\"application\/ld+json\" class=\"yoast-schema-graph\">{\"@context\":\"https:\\\/\\\/schema.org\",\"@graph\":[{\"@type\":\"Article\",\"@id\":\"https:\\\/\\\/rendezvous-vda.it\\\/fr\\\/alpe-rebelle-bb-et-restaurant\\\/#article\",\"isPartOf\":{\"@id\":\"https:\\\/\\\/rendezvous-vda.it\\\/fr\\\/alpe-rebelle-bb-et-restaurant\\\/\"},\"author\":{\"name\":\"Stefania Marchiano\",\"@id\":\"https:\\\/\\\/rendezvous-vda.it\\\/#\\\/schema\\\/person\\\/371ee52cdda2605f84d63aba2194bf51\"},\"headline\":\"ALPE REBELLE B&#038;B RESTAURANT\",\"datePublished\":\"2024-07-01T12:25:00+00:00\",\"dateModified\":\"2026-01-24T08:37:24+00:00\",\"mainEntityOfPage\":{\"@id\":\"https:\\\/\\\/rendezvous-vda.it\\\/fr\\\/alpe-rebelle-bb-et-restaurant\\\/\"},\"wordCount\":405,\"publisher\":{\"@id\":\"https:\\\/\\\/rendezvous-vda.it\\\/#organization\"},\"image\":{\"@id\":\"https:\\\/\\\/rendezvous-vda.it\\\/fr\\\/alpe-rebelle-bb-et-restaurant\\\/#primaryimage\"},\"thumbnailUrl\":\"https:\\\/\\\/rendezvous-vda.it\\\/wp-content\\\/uploads\\\/2021\\\/07\\\/13920314_619074081607174_1875902878996669827_o.jpg\",\"articleSection\":[\"O\u00f9 manger et boire\"],\"inLanguage\":\"fr-FR\"},{\"@type\":\"WebPage\",\"@id\":\"https:\\\/\\\/rendezvous-vda.it\\\/fr\\\/alpe-rebelle-bb-et-restaurant\\\/\",\"url\":\"https:\\\/\\\/rendezvous-vda.it\\\/fr\\\/alpe-rebelle-bb-et-restaurant\\\/\",\"name\":\"ALPE REBELLE B&B RESTAURANT - Rendez Vous en Vall\u00e9e d Aoste\",\"isPartOf\":{\"@id\":\"https:\\\/\\\/rendezvous-vda.it\\\/#website\"},\"primaryImageOfPage\":{\"@id\":\"https:\\\/\\\/rendezvous-vda.it\\\/fr\\\/alpe-rebelle-bb-et-restaurant\\\/#primaryimage\"},\"image\":{\"@id\":\"https:\\\/\\\/rendezvous-vda.it\\\/fr\\\/alpe-rebelle-bb-et-restaurant\\\/#primaryimage\"},\"thumbnailUrl\":\"https:\\\/\\\/rendezvous-vda.it\\\/wp-content\\\/uploads\\\/2021\\\/07\\\/13920314_619074081607174_1875902878996669827_o.jpg\",\"datePublished\":\"2024-07-01T12:25:00+00:00\",\"dateModified\":\"2026-01-24T08:37:24+00:00\",\"description\":\"Immerg\u00e9 dans la nature alpine en Vall\u00e9e d'Aoste, dans le respect de l\u2019environnement, un lieu de base id\u00e9al pour les excursions et la d\u00e9tente...\",\"breadcrumb\":{\"@id\":\"https:\\\/\\\/rendezvous-vda.it\\\/fr\\\/alpe-rebelle-bb-et-restaurant\\\/#breadcrumb\"},\"inLanguage\":\"fr-FR\",\"potentialAction\":[{\"@type\":\"ReadAction\",\"target\":[\"https:\\\/\\\/rendezvous-vda.it\\\/fr\\\/alpe-rebelle-bb-et-restaurant\\\/\"]}]},{\"@type\":\"ImageObject\",\"inLanguage\":\"fr-FR\",\"@id\":\"https:\\\/\\\/rendezvous-vda.it\\\/fr\\\/alpe-rebelle-bb-et-restaurant\\\/#primaryimage\",\"url\":\"https:\\\/\\\/rendezvous-vda.it\\\/wp-content\\\/uploads\\\/2021\\\/07\\\/13920314_619074081607174_1875902878996669827_o.jpg\",\"contentUrl\":\"https:\\\/\\\/rendezvous-vda.it\\\/wp-content\\\/uploads\\\/2021\\\/07\\\/13920314_619074081607174_1875902878996669827_o.jpg\",\"width\":2048,\"height\":1365},{\"@type\":\"BreadcrumbList\",\"@id\":\"https:\\\/\\\/rendezvous-vda.it\\\/fr\\\/alpe-rebelle-bb-et-restaurant\\\/#breadcrumb\",\"itemListElement\":[{\"@type\":\"ListItem\",\"position\":1,\"name\":\"Home\",\"item\":\"https:\\\/\\\/rendezvous-vda.it\\\/fr\\\/\"},{\"@type\":\"ListItem\",\"position\":2,\"name\":\"ALPE REBELLE B&#038;B RESTAURANT\"}]},{\"@type\":\"WebSite\",\"@id\":\"https:\\\/\\\/rendezvous-vda.it\\\/#website\",\"url\":\"https:\\\/\\\/rendezvous-vda.it\\\/\",\"name\":\"Rendez Vous en Vall\u00e9e d Aoste\",\"description\":\"Arte, Cultura, Sport, Tradizioni, Enogastronomia, Tempo libero...\",\"publisher\":{\"@id\":\"https:\\\/\\\/rendezvous-vda.it\\\/#organization\"},\"potentialAction\":[{\"@type\":\"SearchAction\",\"target\":{\"@type\":\"EntryPoint\",\"urlTemplate\":\"https:\\\/\\\/rendezvous-vda.it\\\/?s={search_term_string}\"},\"query-input\":{\"@type\":\"PropertyValueSpecification\",\"valueRequired\":true,\"valueName\":\"search_term_string\"}}],\"inLanguage\":\"fr-FR\"},{\"@type\":\"Organization\",\"@id\":\"https:\\\/\\\/rendezvous-vda.it\\\/#organization\",\"name\":\"Rendez Vous en Vall\u00e9e d Aoste\",\"url\":\"https:\\\/\\\/rendezvous-vda.it\\\/\",\"logo\":{\"@type\":\"ImageObject\",\"inLanguage\":\"fr-FR\",\"@id\":\"https:\\\/\\\/rendezvous-vda.it\\\/#\\\/schema\\\/logo\\\/image\\\/\",\"url\":\"https:\\\/\\\/rendezvous-vda.it\\\/wp-content\\\/uploads\\\/2021\\\/05\\\/R.V_ITA-450.png\",\"contentUrl\":\"https:\\\/\\\/rendezvous-vda.it\\\/wp-content\\\/uploads\\\/2021\\\/05\\\/R.V_ITA-450.png\",\"width\":450,\"height\":83,\"caption\":\"Rendez Vous en Vall\u00e9e d Aoste\"},\"image\":{\"@id\":\"https:\\\/\\\/rendezvous-vda.it\\\/#\\\/schema\\\/logo\\\/image\\\/\"}},{\"@type\":\"Person\",\"@id\":\"https:\\\/\\\/rendezvous-vda.it\\\/#\\\/schema\\\/person\\\/371ee52cdda2605f84d63aba2194bf51\",\"name\":\"Stefania Marchiano\",\"image\":{\"@type\":\"ImageObject\",\"inLanguage\":\"fr-FR\",\"@id\":\"https:\\\/\\\/secure.gravatar.com\\\/avatar\\\/9713161bef4053755bb1daa0659edcdc43db479e05c7ccd143e2d3a5d6f5479c?s=96&d=mm&r=g\",\"url\":\"https:\\\/\\\/secure.gravatar.com\\\/avatar\\\/9713161bef4053755bb1daa0659edcdc43db479e05c7ccd143e2d3a5d6f5479c?s=96&d=mm&r=g\",\"contentUrl\":\"https:\\\/\\\/secure.gravatar.com\\\/avatar\\\/9713161bef4053755bb1daa0659edcdc43db479e05c7ccd143e2d3a5d6f5479c?s=96&d=mm&r=g\",\"caption\":\"Stefania Marchiano\"},\"url\":\"https:\\\/\\\/rendezvous-vda.it\\\/fr\\\/author\\\/stefaniamarchiano\\\/\"}]}<\/script>\n<!-- \/ Yoast SEO plugin. -->","yoast_head_json":{"title":"ALPE REBELLE B&B RESTAURANT - Rendez Vous en Vall\u00e9e d Aoste","description":"Immerg\u00e9 dans la nature alpine en Vall\u00e9e d'Aoste, dans le respect de l\u2019environnement, un lieu de base id\u00e9al pour les excursions et la d\u00e9tente...","robots":{"index":"index","follow":"follow","max-snippet":"max-snippet:-1","max-image-preview":"max-image-preview:large","max-video-preview":"max-video-preview:-1"},"canonical":"https:\/\/rendezvous-vda.it\/fr\/alpe-rebelle-bb-et-restaurant\/","og_locale":"fr_FR","og_type":"article","og_title":"ALPE REBELLE B&B RESTAURANT - Rendez Vous en Vall\u00e9e d Aoste","og_description":"Immerg\u00e9 dans la nature alpine en Vall\u00e9e d'Aoste, dans le respect de l\u2019environnement, un lieu de base id\u00e9al pour les excursions et la d\u00e9tente...","og_url":"https:\/\/rendezvous-vda.it\/fr\/alpe-rebelle-bb-et-restaurant\/","og_site_name":"Rendez Vous en Vall\u00e9e d Aoste","article_published_time":"2024-07-01T12:25:00+00:00","article_modified_time":"2026-01-24T08:37:24+00:00","og_image":[{"width":2048,"height":1365,"url":"https:\/\/rendezvous-vda.it\/wp-content\/uploads\/2021\/07\/13920314_619074081607174_1875902878996669827_o.jpg","type":"image\/jpeg"}],"author":"Stefania Marchiano","twitter_card":"summary_large_image","twitter_misc":{"\u00c9crit par":"Stefania Marchiano","Dur\u00e9e de lecture estim\u00e9e":"3 minutes"},"schema":{"@context":"https:\/\/schema.org","@graph":[{"@type":"Article","@id":"https:\/\/rendezvous-vda.it\/fr\/alpe-rebelle-bb-et-restaurant\/#article","isPartOf":{"@id":"https:\/\/rendezvous-vda.it\/fr\/alpe-rebelle-bb-et-restaurant\/"},"author":{"name":"Stefania Marchiano","@id":"https:\/\/rendezvous-vda.it\/#\/schema\/person\/371ee52cdda2605f84d63aba2194bf51"},"headline":"ALPE REBELLE B&#038;B RESTAURANT","datePublished":"2024-07-01T12:25:00+00:00","dateModified":"2026-01-24T08:37:24+00:00","mainEntityOfPage":{"@id":"https:\/\/rendezvous-vda.it\/fr\/alpe-rebelle-bb-et-restaurant\/"},"wordCount":405,"publisher":{"@id":"https:\/\/rendezvous-vda.it\/#organization"},"image":{"@id":"https:\/\/rendezvous-vda.it\/fr\/alpe-rebelle-bb-et-restaurant\/#primaryimage"},"thumbnailUrl":"https:\/\/rendezvous-vda.it\/wp-content\/uploads\/2021\/07\/13920314_619074081607174_1875902878996669827_o.jpg","articleSection":["O\u00f9 manger et boire"],"inLanguage":"fr-FR"},{"@type":"WebPage","@id":"https:\/\/rendezvous-vda.it\/fr\/alpe-rebelle-bb-et-restaurant\/","url":"https:\/\/rendezvous-vda.it\/fr\/alpe-rebelle-bb-et-restaurant\/","name":"ALPE REBELLE B&B RESTAURANT - Rendez Vous en Vall\u00e9e d Aoste","isPartOf":{"@id":"https:\/\/rendezvous-vda.it\/#website"},"primaryImageOfPage":{"@id":"https:\/\/rendezvous-vda.it\/fr\/alpe-rebelle-bb-et-restaurant\/#primaryimage"},"image":{"@id":"https:\/\/rendezvous-vda.it\/fr\/alpe-rebelle-bb-et-restaurant\/#primaryimage"},"thumbnailUrl":"https:\/\/rendezvous-vda.it\/wp-content\/uploads\/2021\/07\/13920314_619074081607174_1875902878996669827_o.jpg","datePublished":"2024-07-01T12:25:00+00:00","dateModified":"2026-01-24T08:37:24+00:00","description":"Immerg\u00e9 dans la nature alpine en Vall\u00e9e d'Aoste, dans le respect de l\u2019environnement, un lieu de base id\u00e9al pour les excursions et la d\u00e9tente...","breadcrumb":{"@id":"https:\/\/rendezvous-vda.it\/fr\/alpe-rebelle-bb-et-restaurant\/#breadcrumb"},"inLanguage":"fr-FR","potentialAction":[{"@type":"ReadAction","target":["https:\/\/rendezvous-vda.it\/fr\/alpe-rebelle-bb-et-restaurant\/"]}]},{"@type":"ImageObject","inLanguage":"fr-FR","@id":"https:\/\/rendezvous-vda.it\/fr\/alpe-rebelle-bb-et-restaurant\/#primaryimage","url":"https:\/\/rendezvous-vda.it\/wp-content\/uploads\/2021\/07\/13920314_619074081607174_1875902878996669827_o.jpg","contentUrl":"https:\/\/rendezvous-vda.it\/wp-content\/uploads\/2021\/07\/13920314_619074081607174_1875902878996669827_o.jpg","width":2048,"height":1365},{"@type":"BreadcrumbList","@id":"https:\/\/rendezvous-vda.it\/fr\/alpe-rebelle-bb-et-restaurant\/#breadcrumb","itemListElement":[{"@type":"ListItem","position":1,"name":"Home","item":"https:\/\/rendezvous-vda.it\/fr\/"},{"@type":"ListItem","position":2,"name":"ALPE REBELLE B&#038;B RESTAURANT"}]},{"@type":"WebSite","@id":"https:\/\/rendezvous-vda.it\/#website","url":"https:\/\/rendezvous-vda.it\/","name":"Rendez Vous en Vall\u00e9e d Aoste","description":"Arte, Cultura, Sport, Tradizioni, Enogastronomia, Tempo libero...","publisher":{"@id":"https:\/\/rendezvous-vda.it\/#organization"},"potentialAction":[{"@type":"SearchAction","target":{"@type":"EntryPoint","urlTemplate":"https:\/\/rendezvous-vda.it\/?s={search_term_string}"},"query-input":{"@type":"PropertyValueSpecification","valueRequired":true,"valueName":"search_term_string"}}],"inLanguage":"fr-FR"},{"@type":"Organization","@id":"https:\/\/rendezvous-vda.it\/#organization","name":"Rendez Vous en Vall\u00e9e d Aoste","url":"https:\/\/rendezvous-vda.it\/","logo":{"@type":"ImageObject","inLanguage":"fr-FR","@id":"https:\/\/rendezvous-vda.it\/#\/schema\/logo\/image\/","url":"https:\/\/rendezvous-vda.it\/wp-content\/uploads\/2021\/05\/R.V_ITA-450.png","contentUrl":"https:\/\/rendezvous-vda.it\/wp-content\/uploads\/2021\/05\/R.V_ITA-450.png","width":450,"height":83,"caption":"Rendez Vous en Vall\u00e9e d Aoste"},"image":{"@id":"https:\/\/rendezvous-vda.it\/#\/schema\/logo\/image\/"}},{"@type":"Person","@id":"https:\/\/rendezvous-vda.it\/#\/schema\/person\/371ee52cdda2605f84d63aba2194bf51","name":"Stefania Marchiano","image":{"@type":"ImageObject","inLanguage":"fr-FR","@id":"https:\/\/secure.gravatar.com\/avatar\/9713161bef4053755bb1daa0659edcdc43db479e05c7ccd143e2d3a5d6f5479c?s=96&d=mm&r=g","url":"https:\/\/secure.gravatar.com\/avatar\/9713161bef4053755bb1daa0659edcdc43db479e05c7ccd143e2d3a5d6f5479c?s=96&d=mm&r=g","contentUrl":"https:\/\/secure.gravatar.com\/avatar\/9713161bef4053755bb1daa0659edcdc43db479e05c7ccd143e2d3a5d6f5479c?s=96&d=mm&r=g","caption":"Stefania Marchiano"},"url":"https:\/\/rendezvous-vda.it\/fr\/author\/stefaniamarchiano\/"}]}},"_links":{"self":[{"href":"https:\/\/rendezvous-vda.it\/fr\/wp-json\/wp\/v2\/posts\/2166","targetHints":{"allow":["GET"]}}],"collection":[{"href":"https:\/\/rendezvous-vda.it\/fr\/wp-json\/wp\/v2\/posts"}],"about":[{"href":"https:\/\/rendezvous-vda.it\/fr\/wp-json\/wp\/v2\/types\/post"}],"author":[{"embeddable":true,"href":"https:\/\/rendezvous-vda.it\/fr\/wp-json\/wp\/v2\/users\/3"}],"replies":[{"embeddable":true,"href":"https:\/\/rendezvous-vda.it\/fr\/wp-json\/wp\/v2\/comments?post=2166"}],"version-history":[{"count":1,"href":"https:\/\/rendezvous-vda.it\/fr\/wp-json\/wp\/v2\/posts\/2166\/revisions"}],"predecessor-version":[{"id":18964,"href":"https:\/\/rendezvous-vda.it\/fr\/wp-json\/wp\/v2\/posts\/2166\/revisions\/18964"}],"wp:featuredmedia":[{"embeddable":true,"href":"https:\/\/rendezvous-vda.it\/fr\/wp-json\/wp\/v2\/media\/2167"}],"wp:attachment":[{"href":"https:\/\/rendezvous-vda.it\/fr\/wp-json\/wp\/v2\/media?parent=2166"}],"wp:term":[{"taxonomy":"category","embeddable":true,"href":"https:\/\/rendezvous-vda.it\/fr\/wp-json\/wp\/v2\/categories?post=2166"},{"taxonomy":"post_tag","embeddable":true,"href":"https:\/\/rendezvous-vda.it\/fr\/wp-json\/wp\/v2\/tags?post=2166"}],"curies":[{"name":"wp","href":"https:\/\/api.w.org\/{rel}","templated":true}]}}