{"id":20204,"date":"2026-04-29T17:33:08","date_gmt":"2026-04-29T15:33:08","guid":{"rendered":"https:\/\/rendezvous-vda.it\/?p=20204"},"modified":"2026-04-30T17:00:25","modified_gmt":"2026-04-30T15:00:25","slug":"exe-2026-ensemble-un-systeme-qui-grandit","status":"publish","type":"post","link":"https:\/\/rendezvous-vda.it\/fr\/exe-2026-ensemble-un-systeme-qui-grandit\/","title":{"rendered":"EXE 2026. Ensemble, un Syst\u00e8me qui grandit"},"content":{"rendered":"\t\t<div data-elementor-type=\"wp-post\" data-elementor-id=\"20204\" class=\"elementor elementor-20204 elementor-20178\" data-elementor-post-type=\"post\">\n\t\t\t\t\t\t<section class=\"elementor-section elementor-top-section elementor-element elementor-element-7568287c elementor-section-height-min-height elementor-section-items-stretch elementor-section-boxed elementor-section-height-default\" data-id=\"7568287c\" data-element_type=\"section\" data-e-type=\"section\">\n\t\t\t\t\t\t<div class=\"elementor-container elementor-column-gap-default\">\n\t\t\t\t\t<div class=\"elementor-column elementor-col-100 elementor-top-column elementor-element elementor-element-6dec2a48\" data-id=\"6dec2a48\" data-element_type=\"column\" data-e-type=\"column\" data-settings=\"{&quot;background_background&quot;:&quot;classic&quot;}\">\n\t\t\t<div class=\"elementor-widget-wrap\">\n\t\t\t\t\t\t\t<\/div>\n\t\t<\/div>\n\t\t\t\t\t<\/div>\n\t\t<\/section>\n\t\t\t\t<section class=\"elementor-section elementor-top-section elementor-element elementor-element-6d2a4323 elementor-reverse-mobile elementor-section-boxed elementor-section-height-default elementor-section-height-default\" data-id=\"6d2a4323\" data-element_type=\"section\" data-e-type=\"section\">\n\t\t\t\t\t\t<div class=\"elementor-container elementor-column-gap-default\">\n\t\t\t\t\t<div class=\"elementor-column elementor-col-50 elementor-top-column elementor-element elementor-element-1fe1895f\" data-id=\"1fe1895f\" data-element_type=\"column\" data-e-type=\"column\">\n\t\t\t<div class=\"elementor-widget-wrap elementor-element-populated\">\n\t\t\t\t\t\t<div class=\"elementor-element elementor-element-685e13c8 elementor-widget elementor-widget-gallery\" data-id=\"685e13c8\" data-element_type=\"widget\" data-e-type=\"widget\" data-settings=\"{&quot;columns&quot;:1,&quot;columns_mobile&quot;:2,&quot;lazyload&quot;:&quot;yes&quot;,&quot;gallery_layout&quot;:&quot;grid&quot;,&quot;columns_tablet&quot;:2,&quot;gap&quot;:{&quot;unit&quot;:&quot;px&quot;,&quot;size&quot;:10,&quot;sizes&quot;:[]},&quot;gap_tablet&quot;:{&quot;unit&quot;:&quot;px&quot;,&quot;size&quot;:10,&quot;sizes&quot;:[]},&quot;gap_mobile&quot;:{&quot;unit&quot;:&quot;px&quot;,&quot;size&quot;:10,&quot;sizes&quot;:[]},&quot;link_to&quot;:&quot;file&quot;,&quot;aspect_ratio&quot;:&quot;3:2&quot;,&quot;overlay_background&quot;:&quot;yes&quot;,&quot;content_hover_animation&quot;:&quot;fade-in&quot;}\" data-widget_type=\"gallery.default\">\n\t\t\t\t<div class=\"elementor-widget-container\">\n\t\t\t\t\t\t\t<div class=\"elementor-gallery__container\">\n\t\t\t\t\t\t\t<a class=\"e-gallery-item elementor-gallery-item elementor-animated-content\" href=\"https:\/\/rendezvous-vda.it\/wp-content\/uploads\/2026\/04\/Eesercitazione-protezione-civile-\u00a9-Archivio-Regione-Autonoma-Valle-dAosta-1.jpg\" data-elementor-open-lightbox=\"yes\" data-elementor-lightbox-slideshow=\"685e13c8\" data-elementor-lightbox-title=\"Eesercitazione protezione civile \u00a9 Archivio Regione Autonoma Valle d&#039;Aosta (1)\" data-e-action-hash=\"#elementor-action%3Aaction%3Dlightbox%26settings%3DeyJpZCI6MjAxODAsInVybCI6Imh0dHBzOlwvXC9yZW5kZXp2b3VzLXZkYS5pdFwvd3AtY29udGVudFwvdXBsb2Fkc1wvMjAyNlwvMDRcL0Vlc2VyY2l0YXppb25lLXByb3RlemlvbmUtY2l2aWxlLVx1MDBhOS1BcmNoaXZpby1SZWdpb25lLUF1dG9ub21hLVZhbGxlLWRBb3N0YS0xLmpwZyIsInNsaWRlc2hvdyI6IjY4NWUxM2M4In0%3D\">\n\t\t\t\t\t<div class=\"e-gallery-image elementor-gallery-item__image\" data-thumbnail=\"https:\/\/rendezvous-vda.it\/wp-content\/uploads\/2026\/04\/Eesercitazione-protezione-civile-\u00a9-Archivio-Regione-Autonoma-Valle-dAosta-1.jpg\" data-width=\"1500\" data-height=\"1000\" aria-label=\"\" role=\"img\" ><\/div>\n\t\t\t\t\t\t\t\t\t\t\t<div class=\"elementor-gallery-item__overlay\"><\/div>\n\t\t\t\t\t\t\t\t\t\t\t\t\t\t<\/a>\n\t\t\t\t\t\t\t<a class=\"e-gallery-item elementor-gallery-item elementor-animated-content\" href=\"https:\/\/rendezvous-vda.it\/wp-content\/uploads\/2026\/04\/Eesercitazione-protezione-civile-\u00a9-Archivio-Regione-Autonoma-Valle-dAosta-3-scaled.jpg\" data-elementor-open-lightbox=\"yes\" data-elementor-lightbox-slideshow=\"685e13c8\" data-elementor-lightbox-title=\"Eesercitazione protezione civile \u00a9 Archivio Regione Autonoma Valle d&#039;Aosta (3)\" data-e-action-hash=\"#elementor-action%3Aaction%3Dlightbox%26settings%3DeyJpZCI6MjAxODQsInVybCI6Imh0dHBzOlwvXC9yZW5kZXp2b3VzLXZkYS5pdFwvd3AtY29udGVudFwvdXBsb2Fkc1wvMjAyNlwvMDRcL0Vlc2VyY2l0YXppb25lLXByb3RlemlvbmUtY2l2aWxlLVx1MDBhOS1BcmNoaXZpby1SZWdpb25lLUF1dG9ub21hLVZhbGxlLWRBb3N0YS0zLXNjYWxlZC5qcGciLCJzbGlkZXNob3ciOiI2ODVlMTNjOCJ9\">\n\t\t\t\t\t<div class=\"e-gallery-image elementor-gallery-item__image\" data-thumbnail=\"https:\/\/rendezvous-vda.it\/wp-content\/uploads\/2026\/04\/Eesercitazione-protezione-civile-\u00a9-Archivio-Regione-Autonoma-Valle-dAosta-3-scaled.jpg\" data-width=\"2560\" data-height=\"1707\" aria-label=\"\" role=\"img\" ><\/div>\n\t\t\t\t\t\t\t\t\t\t\t<div class=\"elementor-gallery-item__overlay\"><\/div>\n\t\t\t\t\t\t\t\t\t\t\t\t\t\t<\/a>\n\t\t\t\t\t\t\t<a class=\"e-gallery-item elementor-gallery-item elementor-animated-content\" href=\"https:\/\/rendezvous-vda.it\/wp-content\/uploads\/2026\/04\/Eesercitazione-protezione-civile-\u00a9-Archivio-Regione-Autonoma-Valle-dAosta-7.jpg\" data-elementor-open-lightbox=\"yes\" data-elementor-lightbox-slideshow=\"685e13c8\" data-elementor-lightbox-title=\"Eesercitazione protezione civile \u00a9 Archivio Regione Autonoma Valle d&#039;Aosta (7)\" data-e-action-hash=\"#elementor-action%3Aaction%3Dlightbox%26settings%3DeyJpZCI6MjAxOTIsInVybCI6Imh0dHBzOlwvXC9yZW5kZXp2b3VzLXZkYS5pdFwvd3AtY29udGVudFwvdXBsb2Fkc1wvMjAyNlwvMDRcL0Vlc2VyY2l0YXppb25lLXByb3RlemlvbmUtY2l2aWxlLVx1MDBhOS1BcmNoaXZpby1SZWdpb25lLUF1dG9ub21hLVZhbGxlLWRBb3N0YS03LmpwZyIsInNsaWRlc2hvdyI6IjY4NWUxM2M4In0%3D\">\n\t\t\t\t\t<div class=\"e-gallery-image elementor-gallery-item__image\" data-thumbnail=\"https:\/\/rendezvous-vda.it\/wp-content\/uploads\/2026\/04\/Eesercitazione-protezione-civile-\u00a9-Archivio-Regione-Autonoma-Valle-dAosta-7.jpg\" data-width=\"1500\" data-height=\"1000\" aria-label=\"\" role=\"img\" ><\/div>\n\t\t\t\t\t\t\t\t\t\t\t<div class=\"elementor-gallery-item__overlay\"><\/div>\n\t\t\t\t\t\t\t\t\t\t\t\t\t\t<\/a>\n\t\t\t\t\t\t\t<a class=\"e-gallery-item elementor-gallery-item elementor-animated-content\" href=\"https:\/\/rendezvous-vda.it\/wp-content\/uploads\/2026\/04\/Eesercitazione-protezione-civile-\u00a9-Archivio-Regione-Autonoma-Valle-dAosta-4-scaled.jpg\" data-elementor-open-lightbox=\"yes\" data-elementor-lightbox-slideshow=\"685e13c8\" data-elementor-lightbox-title=\"Eesercitazione protezione civile \u00a9 Archivio Regione Autonoma Valle d&#039;Aosta (4)\" data-e-action-hash=\"#elementor-action%3Aaction%3Dlightbox%26settings%3DeyJpZCI6MjAxODYsInVybCI6Imh0dHBzOlwvXC9yZW5kZXp2b3VzLXZkYS5pdFwvd3AtY29udGVudFwvdXBsb2Fkc1wvMjAyNlwvMDRcL0Vlc2VyY2l0YXppb25lLXByb3RlemlvbmUtY2l2aWxlLVx1MDBhOS1BcmNoaXZpby1SZWdpb25lLUF1dG9ub21hLVZhbGxlLWRBb3N0YS00LXNjYWxlZC5qcGciLCJzbGlkZXNob3ciOiI2ODVlMTNjOCJ9\">\n\t\t\t\t\t<div class=\"e-gallery-image elementor-gallery-item__image\" data-thumbnail=\"https:\/\/rendezvous-vda.it\/wp-content\/uploads\/2026\/04\/Eesercitazione-protezione-civile-\u00a9-Archivio-Regione-Autonoma-Valle-dAosta-4-scaled.jpg\" data-width=\"2560\" data-height=\"1707\" aria-label=\"\" role=\"img\" ><\/div>\n\t\t\t\t\t\t\t\t\t\t\t<div class=\"elementor-gallery-item__overlay\"><\/div>\n\t\t\t\t\t\t\t\t\t\t\t\t\t\t<\/a>\n\t\t\t\t\t\t\t<a class=\"e-gallery-item elementor-gallery-item elementor-animated-content\" href=\"https:\/\/rendezvous-vda.it\/wp-content\/uploads\/2026\/04\/Eesercitazione-protezione-civile-\u00a9-Archivio-Regione-Autonoma-Valle-dAosta-5.jpg\" data-elementor-open-lightbox=\"yes\" data-elementor-lightbox-slideshow=\"685e13c8\" data-elementor-lightbox-title=\"Eesercitazione protezione civile \u00a9 Archivio Regione Autonoma Valle d&#039;Aosta (5)\" data-e-action-hash=\"#elementor-action%3Aaction%3Dlightbox%26settings%3DeyJpZCI6MjAxODgsInVybCI6Imh0dHBzOlwvXC9yZW5kZXp2b3VzLXZkYS5pdFwvd3AtY29udGVudFwvdXBsb2Fkc1wvMjAyNlwvMDRcL0Vlc2VyY2l0YXppb25lLXByb3RlemlvbmUtY2l2aWxlLVx1MDBhOS1BcmNoaXZpby1SZWdpb25lLUF1dG9ub21hLVZhbGxlLWRBb3N0YS01LmpwZyIsInNsaWRlc2hvdyI6IjY4NWUxM2M4In0%3D\">\n\t\t\t\t\t<div class=\"e-gallery-image elementor-gallery-item__image\" data-thumbnail=\"https:\/\/rendezvous-vda.it\/wp-content\/uploads\/2026\/04\/Eesercitazione-protezione-civile-\u00a9-Archivio-Regione-Autonoma-Valle-dAosta-5.jpg\" data-width=\"1418\" data-height=\"945\" aria-label=\"\" role=\"img\" ><\/div>\n\t\t\t\t\t\t\t\t\t\t\t<div class=\"elementor-gallery-item__overlay\"><\/div>\n\t\t\t\t\t\t\t\t\t\t\t\t\t\t<\/a>\n\t\t\t\t\t\t\t<a class=\"e-gallery-item elementor-gallery-item elementor-animated-content\" href=\"https:\/\/rendezvous-vda.it\/wp-content\/uploads\/2026\/04\/Eesercitazione-protezione-civile-\u00a9-Archivio-Regione-Autonoma-Valle-dAosta-2-scaled.jpg\" data-elementor-open-lightbox=\"yes\" data-elementor-lightbox-slideshow=\"685e13c8\" data-elementor-lightbox-title=\"Eesercitazione protezione civile \u00a9 Archivio Regione Autonoma Valle d&#039;Aosta (2)\" data-e-action-hash=\"#elementor-action%3Aaction%3Dlightbox%26settings%3DeyJpZCI6MjAxODIsInVybCI6Imh0dHBzOlwvXC9yZW5kZXp2b3VzLXZkYS5pdFwvd3AtY29udGVudFwvdXBsb2Fkc1wvMjAyNlwvMDRcL0Vlc2VyY2l0YXppb25lLXByb3RlemlvbmUtY2l2aWxlLVx1MDBhOS1BcmNoaXZpby1SZWdpb25lLUF1dG9ub21hLVZhbGxlLWRBb3N0YS0yLXNjYWxlZC5qcGciLCJzbGlkZXNob3ciOiI2ODVlMTNjOCJ9\">\n\t\t\t\t\t<div class=\"e-gallery-image elementor-gallery-item__image\" data-thumbnail=\"https:\/\/rendezvous-vda.it\/wp-content\/uploads\/2026\/04\/Eesercitazione-protezione-civile-\u00a9-Archivio-Regione-Autonoma-Valle-dAosta-2-scaled.jpg\" data-width=\"2560\" data-height=\"1746\" aria-label=\"\" role=\"img\" ><\/div>\n\t\t\t\t\t\t\t\t\t\t\t<div class=\"elementor-gallery-item__overlay\"><\/div>\n\t\t\t\t\t\t\t\t\t\t\t\t\t\t<\/a>\n\t\t\t\t\t<\/div>\n\t\t\t\t\t<\/div>\n\t\t\t\t<\/div>\n\t\t\t\t\t<\/div>\n\t\t<\/div>\n\t\t\t\t<div class=\"elementor-column elementor-col-50 elementor-top-column elementor-element elementor-element-6772c59b\" data-id=\"6772c59b\" data-element_type=\"column\" data-e-type=\"column\">\n\t\t\t<div class=\"elementor-widget-wrap elementor-element-populated\">\n\t\t\t\t\t\t<div class=\"elementor-element elementor-element-a410f87 elementor-widget elementor-widget-heading\" data-id=\"a410f87\" data-element_type=\"widget\" data-e-type=\"widget\" data-widget_type=\"heading.default\">\n\t\t\t\t<div class=\"elementor-widget-container\">\n\t\t\t\t\t<h2 class=\"elementor-heading-title elementor-size-default\">EXE 2026. Ensemble, un Syst\u00e8me qui grandit<\/h2>\t\t\t\t<\/div>\n\t\t\t\t<\/div>\n\t\t\t\t<div class=\"elementor-element elementor-element-5edca93d elementor-widget__width-auto elementor-widget elementor-widget-post-info\" data-id=\"5edca93d\" data-element_type=\"widget\" data-e-type=\"widget\" data-widget_type=\"post-info.default\">\n\t\t\t\t<div class=\"elementor-widget-container\">\n\t\t\t\t\t\t\t<ul class=\"elementor-inline-items elementor-icon-list-items elementor-post-info\">\n\t\t\t\t\t\t\t\t<li class=\"elementor-icon-list-item elementor-repeater-item-9ddff1b elementor-inline-item\" itemprop=\"about\">\n\t\t\t\t\t\t\t\t\t\t\t\t\t<span class=\"elementor-icon-list-text elementor-post-info__item elementor-post-info__item--type-terms\">\n\t\t\t\t\t\t\t\t\t\t<span class=\"elementor-post-info__terms-list\">\n\t\t\t\t<a href=\"https:\/\/rendezvous-vda.it\/fr\/category\/news-fr\/\" class=\"elementor-post-info__terms-list-item\">News<\/a>\t\t\t\t<\/span>\n\t\t\t\t\t<\/span>\n\t\t\t\t\t\t\t\t<\/li>\n\t\t\t\t<\/ul>\n\t\t\t\t\t\t<\/div>\n\t\t\t\t<\/div>\n\t\t\t\t<div class=\"elementor-element elementor-element-69338807 elementor-widget__width-auto elementor-widget elementor-widget-post-info\" data-id=\"69338807\" data-element_type=\"widget\" data-e-type=\"widget\" data-widget_type=\"post-info.default\">\n\t\t\t\t<div class=\"elementor-widget-container\">\n\t\t\t\t\t\t\t<ul class=\"elementor-inline-items elementor-icon-list-items elementor-post-info\">\n\t\t\t\t\t\t\t\t<li class=\"elementor-icon-list-item elementor-repeater-item-39eb51a elementor-inline-item\" itemprop=\"datePublished\">\n\t\t\t\t\t\t\t\t\t\t<span class=\"elementor-icon-list-icon\">\n\t\t\t\t\t\t\t\t<i aria-hidden=\"true\" class=\"fas fa-calendar\"><\/i>\t\t\t\t\t\t\t<\/span>\n\t\t\t\t\t\t\t\t\t<span class=\"elementor-icon-list-text elementor-post-info__item elementor-post-info__item--type-date\">\n\t\t\t\t\t\t\t\t\t\t<time>29\/04\/2026<\/time>\t\t\t\t\t<\/span>\n\t\t\t\t\t\t\t\t<\/li>\n\t\t\t\t<li class=\"elementor-icon-list-item elementor-repeater-item-98ad935 elementor-inline-item\" itemprop=\"author\">\n\t\t\t\t\t\t\t\t\t\t\t\t\t<span class=\"elementor-icon-list-text elementor-post-info__item elementor-post-info__item--type-author\">\n\t\t\t\t\t\t\t<span class=\"elementor-post-info__item-prefix\">di<\/span>\n\t\t\t\t\t\t\t\t\t\tRedazione RV\t\t\t\t\t<\/span>\n\t\t\t\t\t\t\t\t<\/li>\n\t\t\t\t<\/ul>\n\t\t\t\t\t\t<\/div>\n\t\t\t\t<\/div>\n\t\t\t\t<div class=\"elementor-element elementor-element-3cf8f455 elementor-widget elementor-widget-heading\" data-id=\"3cf8f455\" data-element_type=\"widget\" data-e-type=\"widget\" data-widget_type=\"heading.default\">\n\t\t\t\t<div class=\"elementor-widget-container\">\n\t\t\t\t\t<h2 class=\"elementor-heading-title elementor-size-default\">Samedi 16 mai, le camp de la Protection Civile ouvre ses portes \u00e0 la population.<\/h2>\t\t\t\t<\/div>\n\t\t\t\t<\/div>\n\t\t\t\t<div class=\"elementor-element elementor-element-932671 elementor-widget elementor-widget-text-editor\" data-id=\"932671\" data-element_type=\"widget\" data-e-type=\"widget\" data-widget_type=\"text-editor.default\">\n\t\t\t\t<div class=\"elementor-widget-container\">\n\t\t\t\t\t\t\t\t\t<p><strong>Une exercice pour tester et am\u00e9liorer le syst\u00e8me.<\/strong><\/p><p>Du 12 au 18 mai 2026, la Vall\u00e9e d&rsquo;Aoste sera le th\u00e9\u00e2tre d&rsquo;EXE 2026 \u2013 Ensemble, un Syst\u00e8me qui grandit, l&rsquo;exercice annuel r\u00e9gional de Protection Civile. Un rendez-vous fondamental pour v\u00e9rifier l&rsquo;efficacit\u00e9 du syst\u00e8me de r\u00e9ponse aux urgences, \u00e0 travers des sc\u00e9narios simul\u00e9s qui mettront \u00e0 l&rsquo;\u00e9preuve les d\u00e9lais, la coordination et les capacit\u00e9s op\u00e9rationnelles des diff\u00e9rentes composantes impliqu\u00e9es.<\/p>\t\t\t\t\t\t\t\t<\/div>\n\t\t\t\t<\/div>\n\t\t\t\t<div class=\"elementor-element elementor-element-6b954b91 elementor-widget elementor-widget-heading\" data-id=\"6b954b91\" data-element_type=\"widget\" data-e-type=\"widget\" data-widget_type=\"heading.default\">\n\t\t\t\t<div class=\"elementor-widget-container\">\n\t\t\t\t\t<h2 class=\"elementor-heading-title elementor-size-default\">Portes ouvertes \u00e0 la population<\/h2>\t\t\t\t<\/div>\n\t\t\t\t<\/div>\n\t\t\t\t<div class=\"elementor-element elementor-element-2f7b0092 elementor-widget elementor-widget-text-editor\" data-id=\"2f7b0092\" data-element_type=\"widget\" data-e-type=\"widget\" data-widget_type=\"text-editor.default\">\n\t\t\t\t<div class=\"elementor-widget-container\">\n\t\t\t\t\t\t\t\t\t<p>Le moment le plus ouvert et participatif de l&rsquo;initiative sera l&rsquo;apr\u00e8s-midi du samedi 16 mai, lorsque le camp de Protection Civile install\u00e9 \u00e0 l&rsquo;ancien stade Puchoz d&rsquo;Aoste ouvrira ses portes \u00e0 la population. Une occasion concr\u00e8te d&rsquo;entrer dans les \u00abcoulisses\u00bb du Syst\u00e8me et de faire connaissance avec ceux qui \u0153uvrent au quotidien pour la s\u00e9curit\u00e9 du territoire.<\/p><p>Dans l&rsquo;espace d&rsquo;information, les entit\u00e9s de la Centrale Unique de Secours et les op\u00e9rateurs du Num\u00e9ro Unique d&rsquo;Urgence (1.1.2.) seront pr\u00e9sents, disponibles pour r\u00e9pondre aux questions et aux curiosit\u00e9s. Une opportunit\u00e9 pr\u00e9cieuse pour comprendre les r\u00f4les, les comp\u00e9tences et les modalit\u00e9s d&rsquo;intervention des diff\u00e9rents acteurs du Syst\u00e8me.<\/p><p>Durant la visite, citoyens et familles pourront observer les v\u00e9hicules et les \u00e9quipements, comprendre comment s&rsquo;organise un camp d&rsquo;accueil et d\u00e9couvrir les proc\u00e9dures adopt\u00e9es lors des urgences. Pas une simple exposition, mais un environnement dynamique, pens\u00e9 pour faire comprendre de mani\u00e8re directe et accessible ce qui se passe lorsque le syst\u00e8me est activ\u00e9.<\/p>\t\t\t\t\t\t\t\t<\/div>\n\t\t\t\t<\/div>\n\t\t\t\t<div class=\"elementor-element elementor-element-3eefc94 elementor-widget elementor-widget-heading\" data-id=\"3eefc94\" data-element_type=\"widget\" data-e-type=\"widget\" data-widget_type=\"heading.default\">\n\t\t\t\t<div class=\"elementor-widget-container\">\n\t\t\t\t\t<h2 class=\"elementor-heading-title elementor-size-default\">Les jeunes, acteurs du Syst\u00e8me<\/h2>\t\t\t\t<\/div>\n\t\t\t\t<\/div>\n\t\t\t\t<div class=\"elementor-element elementor-element-79da25d elementor-widget elementor-widget-text-editor\" data-id=\"79da25d\" data-element_type=\"widget\" data-e-type=\"widget\" data-widget_type=\"text-editor.default\">\n\t\t\t\t<div class=\"elementor-widget-container\">\n\t\t\t\t\t\t\t\t\t<p>Aux c\u00f4t\u00e9s des professionnels, un r\u00f4le central sera jou\u00e9 par les jeunes des groupes de Protection Civile, des Sapeurs-Pompiers et de la Croix-Rouge Suisse. Leur participation active repr\u00e9sente un signal important: le Syst\u00e8me regarde vers l&rsquo;avenir et investit dans les nouvelles g\u00e9n\u00e9rations, essentielles pour garantir la continuit\u00e9 et l&rsquo;innovation.<\/p>\t\t\t\t\t\t\t\t<\/div>\n\t\t\t\t<\/div>\n\t\t\t\t<div class=\"elementor-element elementor-element-5bcd88a elementor-widget elementor-widget-image\" data-id=\"5bcd88a\" data-element_type=\"widget\" data-e-type=\"widget\" data-widget_type=\"image.default\">\n\t\t\t\t<div class=\"elementor-widget-container\">\n\t\t\t\t\t\t\t\t\t\t\t\t\t\t\t<img fetchpriority=\"high\" decoding=\"async\" width=\"800\" height=\"533\" src=\"https:\/\/rendezvous-vda.it\/wp-content\/uploads\/2026\/04\/Eesercitazione-protezione-civile-\u00a9-Archivio-Regione-Autonoma-Valle-dAosta-6-1024x682.jpg\" class=\"attachment-large size-large wp-image-20190\" alt=\"\" srcset=\"https:\/\/rendezvous-vda.it\/wp-content\/uploads\/2026\/04\/Eesercitazione-protezione-civile-\u00a9-Archivio-Regione-Autonoma-Valle-dAosta-6-1024x682.jpg 1024w, https:\/\/rendezvous-vda.it\/wp-content\/uploads\/2026\/04\/Eesercitazione-protezione-civile-\u00a9-Archivio-Regione-Autonoma-Valle-dAosta-6-300x200.jpg 300w, https:\/\/rendezvous-vda.it\/wp-content\/uploads\/2026\/04\/Eesercitazione-protezione-civile-\u00a9-Archivio-Regione-Autonoma-Valle-dAosta-6-768x512.jpg 768w, https:\/\/rendezvous-vda.it\/wp-content\/uploads\/2026\/04\/Eesercitazione-protezione-civile-\u00a9-Archivio-Regione-Autonoma-Valle-dAosta-6.jpg 1375w\" sizes=\"(max-width: 800px) 100vw, 800px\" \/>\t\t\t\t\t\t\t\t\t\t\t\t\t\t\t<\/div>\n\t\t\t\t<\/div>\n\t\t\t\t<div class=\"elementor-element elementor-element-c4adda5 elementor-widget elementor-widget-heading\" data-id=\"c4adda5\" data-element_type=\"widget\" data-e-type=\"widget\" data-widget_type=\"heading.default\">\n\t\t\t\t<div class=\"elementor-widget-container\">\n\t\t\t\t\t<h2 class=\"elementor-heading-title elementor-size-default\">Un Syst\u00e8me qui s'exerce aussi sur l'inclusion<\/h2>\t\t\t\t<\/div>\n\t\t\t\t<\/div>\n\t\t\t\t<div class=\"elementor-element elementor-element-e98ac0a elementor-widget elementor-widget-text-editor\" data-id=\"e98ac0a\" data-element_type=\"widget\" data-e-type=\"widget\" data-widget_type=\"text-editor.default\">\n\t\t\t\t<div class=\"elementor-widget-container\">\n\t\t\t\t\t\t\t\t\t<p>EXE 2026 accorde une attention particuli\u00e8re au th\u00e8me de l&rsquo;accessibilit\u00e9. Les sc\u00e9narios d&rsquo;exercice pr\u00e9voient l&rsquo;implication active de personnes ayant des besoins sp\u00e9cifiques, avec l&rsquo;objectif d&rsquo;am\u00e9liorer les proc\u00e9dures et les outils, et de rendre la r\u00e9ponse aux urgences toujours plus inclusive et efficace.<\/p>\t\t\t\t\t\t\t\t<\/div>\n\t\t\t\t<\/div>\n\t\t\t\t<div class=\"elementor-element elementor-element-a566201 elementor-widget elementor-widget-heading\" data-id=\"a566201\" data-element_type=\"widget\" data-e-type=\"widget\" data-widget_type=\"heading.default\">\n\t\t\t\t<div class=\"elementor-widget-container\">\n\t\t\t\t\t<h2 class=\"elementor-heading-title elementor-size-default\">Formation et sensibilisation pour toute la communaut\u00e9<\/h2>\t\t\t\t<\/div>\n\t\t\t\t<\/div>\n\t\t\t\t<div class=\"elementor-element elementor-element-1892074 elementor-widget elementor-widget-text-editor\" data-id=\"1892074\" data-element_type=\"widget\" data-e-type=\"widget\" data-widget_type=\"text-editor.default\">\n\t\t\t\t<div class=\"elementor-widget-container\">\n\t\t\t\t\t\t\t\t\t<p>L&rsquo;exercice ne sera pas seulement un moment technique, mais aussi une occasion de formation \u00e9largie pour les professionnels, les b\u00e9n\u00e9voles, les groupes de jeunes et la population. Conna\u00eetre le Syst\u00e8me de Protection Civile, c&rsquo;est savoir comment se comporter en cas d&rsquo;urgence, \u00e0 qui s&rsquo;adresser et comment contribuer \u00e0 la s\u00e9curit\u00e9 collective, car une communaut\u00e9 inform\u00e9e est une communaut\u00e9 plus r\u00e9siliente.<\/p>\t\t\t\t\t\t\t\t<\/div>\n\t\t\t\t<\/div>\n\t\t\t\t<div class=\"elementor-element elementor-element-1644315 elementor-widget elementor-widget-heading\" data-id=\"1644315\" data-element_type=\"widget\" data-e-type=\"widget\" data-widget_type=\"heading.default\">\n\t\t\t\t<div class=\"elementor-widget-container\">\n\t\t\t\t\t<h2 class=\"elementor-heading-title elementor-size-default\">Une invitation ouverte \u00e0 tous<\/h2>\t\t\t\t<\/div>\n\t\t\t\t<\/div>\n\t\t\t\t<div class=\"elementor-element elementor-element-01a7561 elementor-widget elementor-widget-text-editor\" data-id=\"01a7561\" data-element_type=\"widget\" data-e-type=\"widget\" data-widget_type=\"text-editor.default\">\n\t\t\t\t<div class=\"elementor-widget-container\">\n\t\t\t\t\t\t\t\t\t<p>EXE 2026 \u2013 Ensemble, un Syst\u00e8me qui grandit se pr\u00e9sente comme un grand laboratoire \u00e0 ciel ouvert, o\u00f9 institutions, b\u00e9n\u00e9voles et citoyens grandissent ensemble. L&rsquo;invitation est adress\u00e9e \u00e0 toute la population: <strong>samedi 16 mai, \u00e0 l&rsquo;ancien stade Puchoz d&rsquo;Aoste<\/strong>, le Syst\u00e8me de Protection Civile se raconte de pr\u00e8s.<\/p>\t\t\t\t\t\t\t\t<\/div>\n\t\t\t\t<\/div>\n\t\t\t\t<div class=\"elementor-element elementor-element-b353c07 elementor-widget elementor-widget-heading\" data-id=\"b353c07\" data-element_type=\"widget\" data-e-type=\"widget\" data-widget_type=\"heading.default\">\n\t\t\t\t<div class=\"elementor-widget-container\">\n\t\t\t\t\t<h2 class=\"elementor-heading-title elementor-size-default\">pour plus d'informations<\/h2>\t\t\t\t<\/div>\n\t\t\t\t<\/div>\n\t\t\t\t<div class=\"elementor-element elementor-element-d9aa91c elementor-widget elementor-widget-text-editor\" data-id=\"d9aa91c\" data-element_type=\"widget\" data-e-type=\"widget\" data-widget_type=\"text-editor.default\">\n\t\t\t\t<div class=\"elementor-widget-container\">\n\t\t\t\t\t\t\t\t\t<p><strong><a href=\"https:\/\/protezionecivile.regione.vda.it\/esercitazioni\/exe2026\/\">www.protezionecivile.regione.vda.it\/esercitazioni\/exe2026<\/a><\/strong><\/p>\t\t\t\t\t\t\t\t<\/div>\n\t\t\t\t<\/div>\n\t\t\t\t<div class=\"elementor-element elementor-element-21ee063 elementor-widget elementor-widget-image\" data-id=\"21ee063\" data-element_type=\"widget\" data-e-type=\"widget\" data-widget_type=\"image.default\">\n\t\t\t\t<div class=\"elementor-widget-container\">\n\t\t\t\t\t\t\t\t\t\t\t\t\t\t\t\t<a href=\"https:\/\/protezionecivile.regione.vda.it\/esercitazioni\/exe2026\/\">\n\t\t\t\t\t\t\t<img decoding=\"async\" width=\"800\" height=\"245\" src=\"https:\/\/rendezvous-vda.it\/wp-content\/uploads\/2026\/04\/LogoEXE2026-mont-1024x313.png\" class=\"attachment-large size-large wp-image-20216\" alt=\"\" srcset=\"https:\/\/rendezvous-vda.it\/wp-content\/uploads\/2026\/04\/LogoEXE2026-mont-1024x313.png 1024w, https:\/\/rendezvous-vda.it\/wp-content\/uploads\/2026\/04\/LogoEXE2026-mont-300x92.png 300w, https:\/\/rendezvous-vda.it\/wp-content\/uploads\/2026\/04\/LogoEXE2026-mont-768x235.png 768w, https:\/\/rendezvous-vda.it\/wp-content\/uploads\/2026\/04\/LogoEXE2026-mont-1536x469.png 1536w, https:\/\/rendezvous-vda.it\/wp-content\/uploads\/2026\/04\/LogoEXE2026-mont-2048x626.png 2048w\" sizes=\"(max-width: 800px) 100vw, 800px\" \/>\t\t\t\t\t\t\t\t<\/a>\n\t\t\t\t\t\t\t\t\t\t\t\t\t\t\t<\/div>\n\t\t\t\t<\/div>\n\t\t\t\t<div class=\"elementor-element elementor-element-bb0152b elementor-widget elementor-widget-heading\" data-id=\"bb0152b\" data-element_type=\"widget\" data-e-type=\"widget\" data-widget_type=\"heading.default\">\n\t\t\t\t<div class=\"elementor-widget-container\">\n\t\t\t\t\t<h2 class=\"elementor-heading-title elementor-size-default\">Regardez la vid\u00e9o de l'\u00e9dition 2025<\/h2>\t\t\t\t<\/div>\n\t\t\t\t<\/div>\n\t\t\t\t<div class=\"elementor-element elementor-element-e23cb93 elementor-widget elementor-widget-video\" data-id=\"e23cb93\" data-element_type=\"widget\" data-e-type=\"widget\" data-settings=\"{&quot;youtube_url&quot;:&quot;https:\\\/\\\/youtu.be\\\/Fmc2HLSs-Og?si=LtpiHVO-yMVi4vlG&quot;,&quot;video_type&quot;:&quot;youtube&quot;,&quot;controls&quot;:&quot;yes&quot;}\" data-widget_type=\"video.default\">\n\t\t\t\t<div class=\"elementor-widget-container\">\n\t\t\t\t\t\t\t<div class=\"elementor-wrapper elementor-open-inline\">\n\t\t\t<div class=\"elementor-video\"><\/div>\t\t<\/div>\n\t\t\t\t\t\t<\/div>\n\t\t\t\t<\/div>\n\t\t\t\t<div class=\"elementor-element elementor-element-427b25d4 elementor-share-buttons--view-icon elementor-share-buttons--skin-gradient elementor-share-buttons--shape-square elementor-grid-0 elementor-share-buttons--color-official elementor-widget elementor-widget-global elementor-global-1711 elementor-widget-share-buttons\" data-id=\"427b25d4\" data-element_type=\"widget\" data-e-type=\"widget\" data-widget_type=\"share-buttons.default\">\n\t\t\t\t<div class=\"elementor-widget-container\">\n\t\t\t\t\t\t\t<div class=\"elementor-grid\" role=\"list\">\n\t\t\t\t\t\t\t\t<div class=\"elementor-grid-item\" role=\"listitem\">\n\t\t\t\t\t\t<div class=\"elementor-share-btn elementor-share-btn_facebook\" role=\"button\" tabindex=\"0\" aria-label=\"Partager sur facebook\">\n\t\t\t\t\t\t\t\t\t\t\t\t\t\t\t<span class=\"elementor-share-btn__icon\">\n\t\t\t\t\t\t\t\t<i class=\"fab fa-facebook\" aria-hidden=\"true\"><\/i>\t\t\t\t\t\t\t<\/span>\n\t\t\t\t\t\t\t\t\t\t\t\t\t\t\t\t\t\t\t\t<\/div>\n\t\t\t\t\t<\/div>\n\t\t\t\t\t\t\t\t\t<div class=\"elementor-grid-item\" role=\"listitem\">\n\t\t\t\t\t\t<div class=\"elementor-share-btn elementor-share-btn_twitter\" role=\"button\" tabindex=\"0\" aria-label=\"Partager sur twitter\">\n\t\t\t\t\t\t\t\t\t\t\t\t\t\t\t<span class=\"elementor-share-btn__icon\">\n\t\t\t\t\t\t\t\t<i class=\"fab fa-twitter\" aria-hidden=\"true\"><\/i>\t\t\t\t\t\t\t<\/span>\n\t\t\t\t\t\t\t\t\t\t\t\t\t\t\t\t\t\t\t\t<\/div>\n\t\t\t\t\t<\/div>\n\t\t\t\t\t\t\t\t\t<div class=\"elementor-grid-item\" role=\"listitem\">\n\t\t\t\t\t\t<div class=\"elementor-share-btn elementor-share-btn_linkedin\" role=\"button\" tabindex=\"0\" aria-label=\"Partager sur linkedin\">\n\t\t\t\t\t\t\t\t\t\t\t\t\t\t\t<span class=\"elementor-share-btn__icon\">\n\t\t\t\t\t\t\t\t<i class=\"fab fa-linkedin\" aria-hidden=\"true\"><\/i>\t\t\t\t\t\t\t<\/span>\n\t\t\t\t\t\t\t\t\t\t\t\t\t\t\t\t\t\t\t\t<\/div>\n\t\t\t\t\t<\/div>\n\t\t\t\t\t\t\t\t\t<div class=\"elementor-grid-item\" role=\"listitem\">\n\t\t\t\t\t\t<div class=\"elementor-share-btn elementor-share-btn_email\" role=\"button\" tabindex=\"0\" aria-label=\"Partager sur email\">\n\t\t\t\t\t\t\t\t\t\t\t\t\t\t\t<span class=\"elementor-share-btn__icon\">\n\t\t\t\t\t\t\t\t<i class=\"fas fa-envelope\" aria-hidden=\"true\"><\/i>\t\t\t\t\t\t\t<\/span>\n\t\t\t\t\t\t\t\t\t\t\t\t\t\t\t\t\t\t\t\t<\/div>\n\t\t\t\t\t<\/div>\n\t\t\t\t\t\t\t\t\t<div class=\"elementor-grid-item\" role=\"listitem\">\n\t\t\t\t\t\t<div class=\"elementor-share-btn elementor-share-btn_whatsapp\" role=\"button\" tabindex=\"0\" aria-label=\"Partager sur whatsapp\">\n\t\t\t\t\t\t\t\t\t\t\t\t\t\t\t<span class=\"elementor-share-btn__icon\">\n\t\t\t\t\t\t\t\t<i class=\"fab fa-whatsapp\" aria-hidden=\"true\"><\/i>\t\t\t\t\t\t\t<\/span>\n\t\t\t\t\t\t\t\t\t\t\t\t\t\t\t\t\t\t\t\t<\/div>\n\t\t\t\t\t<\/div>\n\t\t\t\t\t\t<\/div>\n\t\t\t\t\t\t<\/div>\n\t\t\t\t<\/div>\n\t\t\t\t\t<\/div>\n\t\t<\/div>\n\t\t\t\t\t<\/div>\n\t\t<\/section>\n\t\t\t\t<\/div>\n\t\t","protected":false},"excerpt":{"rendered":"<p>Du 12 au 18 mai 2026, la Vall\u00e9e d&rsquo;Aoste sera le th\u00e9\u00e2tre d&rsquo;EXE 2026 \u2013 Ensemble, un Syst\u00e8me qui grandit, l&rsquo;exercice annuel r\u00e9gional de Protection Civile&#8230;<\/p>\n","protected":false},"author":8,"featured_media":20182,"comment_status":"closed","ping_status":"closed","sticky":false,"template":"elementor_header_footer","format":"standard","meta":{"footnotes":""},"categories":[38],"tags":[],"class_list":["post-20204","post","type-post","status-publish","format-standard","has-post-thumbnail","hentry","category-news-fr"],"yoast_head":"<!-- This site is optimized with the Yoast SEO plugin v27.5 - https:\/\/yoast.com\/product\/yoast-seo-wordpress\/ -->\n<title>EXE 2026. Ensemble, un Syst\u00e8me qui grandit - Rendez Vous en Vall\u00e9e d Aoste<\/title>\n<meta name=\"description\" content=\"Du 12 au 18 mai 2026, la Vall\u00e9e d&#039;Aoste sera le th\u00e9\u00e2tre d&#039;EXE 2026 \u2013 Ensemble, un Syst\u00e8me qui grandit, l&#039;exercice annuel r\u00e9gional de Protection Civile...\" \/>\n<meta name=\"robots\" content=\"index, follow, max-snippet:-1, max-image-preview:large, max-video-preview:-1\" \/>\n<link rel=\"canonical\" href=\"https:\/\/rendezvous-vda.it\/fr\/exe-2026-ensemble-un-systeme-qui-grandit\/\" \/>\n<meta property=\"og:locale\" content=\"fr_FR\" \/>\n<meta property=\"og:type\" content=\"article\" \/>\n<meta property=\"og:title\" content=\"EXE 2026. Ensemble, un Syst\u00e8me qui grandit - Rendez Vous en Vall\u00e9e d Aoste\" \/>\n<meta property=\"og:description\" content=\"Du 12 au 18 mai 2026, la Vall\u00e9e d&#039;Aoste sera le th\u00e9\u00e2tre d&#039;EXE 2026 \u2013 Ensemble, un Syst\u00e8me qui grandit, l&#039;exercice annuel r\u00e9gional de Protection Civile...\" \/>\n<meta property=\"og:url\" content=\"https:\/\/rendezvous-vda.it\/fr\/exe-2026-ensemble-un-systeme-qui-grandit\/\" \/>\n<meta property=\"og:site_name\" content=\"Rendez Vous en Vall\u00e9e d Aoste\" \/>\n<meta property=\"article:published_time\" content=\"2026-04-29T15:33:08+00:00\" \/>\n<meta property=\"article:modified_time\" content=\"2026-04-30T15:00:25+00:00\" \/>\n<meta property=\"og:image\" content=\"https:\/\/rendezvous-vda.it\/wp-content\/uploads\/2026\/04\/Eesercitazione-protezione-civile-\u00a9-Archivio-Regione-Autonoma-Valle-dAosta-2-scaled.jpg\" \/>\n\t<meta property=\"og:image:width\" content=\"2560\" \/>\n\t<meta property=\"og:image:height\" content=\"1746\" \/>\n\t<meta property=\"og:image:type\" content=\"image\/jpeg\" \/>\n<meta name=\"author\" content=\"Redazione RV\" \/>\n<meta name=\"twitter:card\" content=\"summary_large_image\" \/>\n<meta name=\"twitter:label1\" content=\"\u00c9crit par\" \/>\n\t<meta name=\"twitter:data1\" content=\"Redazione RV\" \/>\n\t<meta name=\"twitter:label2\" content=\"Dur\u00e9e de lecture estim\u00e9e\" \/>\n\t<meta name=\"twitter:data2\" content=\"4 minutes\" \/>\n<script type=\"application\/ld+json\" class=\"yoast-schema-graph\">{\"@context\":\"https:\\\/\\\/schema.org\",\"@graph\":[{\"@type\":\"Article\",\"@id\":\"https:\\\/\\\/rendezvous-vda.it\\\/fr\\\/exe-2026-ensemble-un-systeme-qui-grandit\\\/#article\",\"isPartOf\":{\"@id\":\"https:\\\/\\\/rendezvous-vda.it\\\/fr\\\/exe-2026-ensemble-un-systeme-qui-grandit\\\/\"},\"author\":{\"name\":\"Redazione RV\",\"@id\":\"https:\\\/\\\/rendezvous-vda.it\\\/#\\\/schema\\\/person\\\/26d79f6dbeaace8f49f6785137f0a34e\"},\"headline\":\"EXE 2026. Ensemble, un Syst\u00e8me qui grandit\",\"datePublished\":\"2026-04-29T15:33:08+00:00\",\"dateModified\":\"2026-04-30T15:00:25+00:00\",\"mainEntityOfPage\":{\"@id\":\"https:\\\/\\\/rendezvous-vda.it\\\/fr\\\/exe-2026-ensemble-un-systeme-qui-grandit\\\/\"},\"wordCount\":584,\"publisher\":{\"@id\":\"https:\\\/\\\/rendezvous-vda.it\\\/#organization\"},\"image\":{\"@id\":\"https:\\\/\\\/rendezvous-vda.it\\\/fr\\\/exe-2026-ensemble-un-systeme-qui-grandit\\\/#primaryimage\"},\"thumbnailUrl\":\"https:\\\/\\\/rendezvous-vda.it\\\/wp-content\\\/uploads\\\/2026\\\/04\\\/Eesercitazione-protezione-civile-\u00a9-Archivio-Regione-Autonoma-Valle-dAosta-2-scaled.jpg\",\"articleSection\":[\"News\"],\"inLanguage\":\"fr-FR\"},{\"@type\":\"WebPage\",\"@id\":\"https:\\\/\\\/rendezvous-vda.it\\\/fr\\\/exe-2026-ensemble-un-systeme-qui-grandit\\\/\",\"url\":\"https:\\\/\\\/rendezvous-vda.it\\\/fr\\\/exe-2026-ensemble-un-systeme-qui-grandit\\\/\",\"name\":\"EXE 2026. Ensemble, un Syst\u00e8me qui grandit - Rendez Vous en Vall\u00e9e d Aoste\",\"isPartOf\":{\"@id\":\"https:\\\/\\\/rendezvous-vda.it\\\/#website\"},\"primaryImageOfPage\":{\"@id\":\"https:\\\/\\\/rendezvous-vda.it\\\/fr\\\/exe-2026-ensemble-un-systeme-qui-grandit\\\/#primaryimage\"},\"image\":{\"@id\":\"https:\\\/\\\/rendezvous-vda.it\\\/fr\\\/exe-2026-ensemble-un-systeme-qui-grandit\\\/#primaryimage\"},\"thumbnailUrl\":\"https:\\\/\\\/rendezvous-vda.it\\\/wp-content\\\/uploads\\\/2026\\\/04\\\/Eesercitazione-protezione-civile-\u00a9-Archivio-Regione-Autonoma-Valle-dAosta-2-scaled.jpg\",\"datePublished\":\"2026-04-29T15:33:08+00:00\",\"dateModified\":\"2026-04-30T15:00:25+00:00\",\"description\":\"Du 12 au 18 mai 2026, la Vall\u00e9e d'Aoste sera le th\u00e9\u00e2tre d'EXE 2026 \u2013 Ensemble, un Syst\u00e8me qui grandit, l'exercice annuel r\u00e9gional de Protection Civile...\",\"breadcrumb\":{\"@id\":\"https:\\\/\\\/rendezvous-vda.it\\\/fr\\\/exe-2026-ensemble-un-systeme-qui-grandit\\\/#breadcrumb\"},\"inLanguage\":\"fr-FR\",\"potentialAction\":[{\"@type\":\"ReadAction\",\"target\":[\"https:\\\/\\\/rendezvous-vda.it\\\/fr\\\/exe-2026-ensemble-un-systeme-qui-grandit\\\/\"]}]},{\"@type\":\"ImageObject\",\"inLanguage\":\"fr-FR\",\"@id\":\"https:\\\/\\\/rendezvous-vda.it\\\/fr\\\/exe-2026-ensemble-un-systeme-qui-grandit\\\/#primaryimage\",\"url\":\"https:\\\/\\\/rendezvous-vda.it\\\/wp-content\\\/uploads\\\/2026\\\/04\\\/Eesercitazione-protezione-civile-\u00a9-Archivio-Regione-Autonoma-Valle-dAosta-2-scaled.jpg\",\"contentUrl\":\"https:\\\/\\\/rendezvous-vda.it\\\/wp-content\\\/uploads\\\/2026\\\/04\\\/Eesercitazione-protezione-civile-\u00a9-Archivio-Regione-Autonoma-Valle-dAosta-2-scaled.jpg\",\"width\":2560,\"height\":1746},{\"@type\":\"BreadcrumbList\",\"@id\":\"https:\\\/\\\/rendezvous-vda.it\\\/fr\\\/exe-2026-ensemble-un-systeme-qui-grandit\\\/#breadcrumb\",\"itemListElement\":[{\"@type\":\"ListItem\",\"position\":1,\"name\":\"Home\",\"item\":\"https:\\\/\\\/rendezvous-vda.it\\\/fr\\\/\"},{\"@type\":\"ListItem\",\"position\":2,\"name\":\"EXE 2026. Ensemble, un Syst\u00e8me qui grandit\"}]},{\"@type\":\"WebSite\",\"@id\":\"https:\\\/\\\/rendezvous-vda.it\\\/#website\",\"url\":\"https:\\\/\\\/rendezvous-vda.it\\\/\",\"name\":\"Rendez Vous en Vall\u00e9e d Aoste\",\"description\":\"Arte, Cultura, Sport, Tradizioni, Enogastronomia, Tempo libero...\",\"publisher\":{\"@id\":\"https:\\\/\\\/rendezvous-vda.it\\\/#organization\"},\"potentialAction\":[{\"@type\":\"SearchAction\",\"target\":{\"@type\":\"EntryPoint\",\"urlTemplate\":\"https:\\\/\\\/rendezvous-vda.it\\\/?s={search_term_string}\"},\"query-input\":{\"@type\":\"PropertyValueSpecification\",\"valueRequired\":true,\"valueName\":\"search_term_string\"}}],\"inLanguage\":\"fr-FR\"},{\"@type\":\"Organization\",\"@id\":\"https:\\\/\\\/rendezvous-vda.it\\\/#organization\",\"name\":\"Rendez Vous en Vall\u00e9e d Aoste\",\"url\":\"https:\\\/\\\/rendezvous-vda.it\\\/\",\"logo\":{\"@type\":\"ImageObject\",\"inLanguage\":\"fr-FR\",\"@id\":\"https:\\\/\\\/rendezvous-vda.it\\\/#\\\/schema\\\/logo\\\/image\\\/\",\"url\":\"https:\\\/\\\/rendezvous-vda.it\\\/wp-content\\\/uploads\\\/2021\\\/05\\\/R.V_ITA-450.png\",\"contentUrl\":\"https:\\\/\\\/rendezvous-vda.it\\\/wp-content\\\/uploads\\\/2021\\\/05\\\/R.V_ITA-450.png\",\"width\":450,\"height\":83,\"caption\":\"Rendez Vous en Vall\u00e9e d Aoste\"},\"image\":{\"@id\":\"https:\\\/\\\/rendezvous-vda.it\\\/#\\\/schema\\\/logo\\\/image\\\/\"}},{\"@type\":\"Person\",\"@id\":\"https:\\\/\\\/rendezvous-vda.it\\\/#\\\/schema\\\/person\\\/26d79f6dbeaace8f49f6785137f0a34e\",\"name\":\"Redazione RV\",\"image\":{\"@type\":\"ImageObject\",\"inLanguage\":\"fr-FR\",\"@id\":\"https:\\\/\\\/secure.gravatar.com\\\/avatar\\\/0082012e4cff670801768efb03cd0e066347e982930d7c9ceb4cfb808cbb0597?s=96&d=mm&r=g\",\"url\":\"https:\\\/\\\/secure.gravatar.com\\\/avatar\\\/0082012e4cff670801768efb03cd0e066347e982930d7c9ceb4cfb808cbb0597?s=96&d=mm&r=g\",\"contentUrl\":\"https:\\\/\\\/secure.gravatar.com\\\/avatar\\\/0082012e4cff670801768efb03cd0e066347e982930d7c9ceb4cfb808cbb0597?s=96&d=mm&r=g\",\"caption\":\"Redazione RV\"},\"url\":\"https:\\\/\\\/rendezvous-vda.it\\\/fr\\\/author\\\/redazione\\\/\"}]}<\/script>\n<!-- \/ Yoast SEO plugin. -->","yoast_head_json":{"title":"EXE 2026. Ensemble, un Syst\u00e8me qui grandit - Rendez Vous en Vall\u00e9e d Aoste","description":"Du 12 au 18 mai 2026, la Vall\u00e9e d'Aoste sera le th\u00e9\u00e2tre d'EXE 2026 \u2013 Ensemble, un Syst\u00e8me qui grandit, l'exercice annuel r\u00e9gional de Protection Civile...","robots":{"index":"index","follow":"follow","max-snippet":"max-snippet:-1","max-image-preview":"max-image-preview:large","max-video-preview":"max-video-preview:-1"},"canonical":"https:\/\/rendezvous-vda.it\/fr\/exe-2026-ensemble-un-systeme-qui-grandit\/","og_locale":"fr_FR","og_type":"article","og_title":"EXE 2026. Ensemble, un Syst\u00e8me qui grandit - Rendez Vous en Vall\u00e9e d Aoste","og_description":"Du 12 au 18 mai 2026, la Vall\u00e9e d'Aoste sera le th\u00e9\u00e2tre d'EXE 2026 \u2013 Ensemble, un Syst\u00e8me qui grandit, l'exercice annuel r\u00e9gional de Protection Civile...","og_url":"https:\/\/rendezvous-vda.it\/fr\/exe-2026-ensemble-un-systeme-qui-grandit\/","og_site_name":"Rendez Vous en Vall\u00e9e d Aoste","article_published_time":"2026-04-29T15:33:08+00:00","article_modified_time":"2026-04-30T15:00:25+00:00","og_image":[{"width":2560,"height":1746,"url":"https:\/\/rendezvous-vda.it\/wp-content\/uploads\/2026\/04\/Eesercitazione-protezione-civile-\u00a9-Archivio-Regione-Autonoma-Valle-dAosta-2-scaled.jpg","type":"image\/jpeg"}],"author":"Redazione RV","twitter_card":"summary_large_image","twitter_misc":{"\u00c9crit par":"Redazione RV","Dur\u00e9e de lecture estim\u00e9e":"4 minutes"},"schema":{"@context":"https:\/\/schema.org","@graph":[{"@type":"Article","@id":"https:\/\/rendezvous-vda.it\/fr\/exe-2026-ensemble-un-systeme-qui-grandit\/#article","isPartOf":{"@id":"https:\/\/rendezvous-vda.it\/fr\/exe-2026-ensemble-un-systeme-qui-grandit\/"},"author":{"name":"Redazione RV","@id":"https:\/\/rendezvous-vda.it\/#\/schema\/person\/26d79f6dbeaace8f49f6785137f0a34e"},"headline":"EXE 2026. Ensemble, un Syst\u00e8me qui grandit","datePublished":"2026-04-29T15:33:08+00:00","dateModified":"2026-04-30T15:00:25+00:00","mainEntityOfPage":{"@id":"https:\/\/rendezvous-vda.it\/fr\/exe-2026-ensemble-un-systeme-qui-grandit\/"},"wordCount":584,"publisher":{"@id":"https:\/\/rendezvous-vda.it\/#organization"},"image":{"@id":"https:\/\/rendezvous-vda.it\/fr\/exe-2026-ensemble-un-systeme-qui-grandit\/#primaryimage"},"thumbnailUrl":"https:\/\/rendezvous-vda.it\/wp-content\/uploads\/2026\/04\/Eesercitazione-protezione-civile-\u00a9-Archivio-Regione-Autonoma-Valle-dAosta-2-scaled.jpg","articleSection":["News"],"inLanguage":"fr-FR"},{"@type":"WebPage","@id":"https:\/\/rendezvous-vda.it\/fr\/exe-2026-ensemble-un-systeme-qui-grandit\/","url":"https:\/\/rendezvous-vda.it\/fr\/exe-2026-ensemble-un-systeme-qui-grandit\/","name":"EXE 2026. Ensemble, un Syst\u00e8me qui grandit - Rendez Vous en Vall\u00e9e d Aoste","isPartOf":{"@id":"https:\/\/rendezvous-vda.it\/#website"},"primaryImageOfPage":{"@id":"https:\/\/rendezvous-vda.it\/fr\/exe-2026-ensemble-un-systeme-qui-grandit\/#primaryimage"},"image":{"@id":"https:\/\/rendezvous-vda.it\/fr\/exe-2026-ensemble-un-systeme-qui-grandit\/#primaryimage"},"thumbnailUrl":"https:\/\/rendezvous-vda.it\/wp-content\/uploads\/2026\/04\/Eesercitazione-protezione-civile-\u00a9-Archivio-Regione-Autonoma-Valle-dAosta-2-scaled.jpg","datePublished":"2026-04-29T15:33:08+00:00","dateModified":"2026-04-30T15:00:25+00:00","description":"Du 12 au 18 mai 2026, la Vall\u00e9e d'Aoste sera le th\u00e9\u00e2tre d'EXE 2026 \u2013 Ensemble, un Syst\u00e8me qui grandit, l'exercice annuel r\u00e9gional de Protection Civile...","breadcrumb":{"@id":"https:\/\/rendezvous-vda.it\/fr\/exe-2026-ensemble-un-systeme-qui-grandit\/#breadcrumb"},"inLanguage":"fr-FR","potentialAction":[{"@type":"ReadAction","target":["https:\/\/rendezvous-vda.it\/fr\/exe-2026-ensemble-un-systeme-qui-grandit\/"]}]},{"@type":"ImageObject","inLanguage":"fr-FR","@id":"https:\/\/rendezvous-vda.it\/fr\/exe-2026-ensemble-un-systeme-qui-grandit\/#primaryimage","url":"https:\/\/rendezvous-vda.it\/wp-content\/uploads\/2026\/04\/Eesercitazione-protezione-civile-\u00a9-Archivio-Regione-Autonoma-Valle-dAosta-2-scaled.jpg","contentUrl":"https:\/\/rendezvous-vda.it\/wp-content\/uploads\/2026\/04\/Eesercitazione-protezione-civile-\u00a9-Archivio-Regione-Autonoma-Valle-dAosta-2-scaled.jpg","width":2560,"height":1746},{"@type":"BreadcrumbList","@id":"https:\/\/rendezvous-vda.it\/fr\/exe-2026-ensemble-un-systeme-qui-grandit\/#breadcrumb","itemListElement":[{"@type":"ListItem","position":1,"name":"Home","item":"https:\/\/rendezvous-vda.it\/fr\/"},{"@type":"ListItem","position":2,"name":"EXE 2026. Ensemble, un Syst\u00e8me qui grandit"}]},{"@type":"WebSite","@id":"https:\/\/rendezvous-vda.it\/#website","url":"https:\/\/rendezvous-vda.it\/","name":"Rendez Vous en Vall\u00e9e d Aoste","description":"Arte, Cultura, Sport, Tradizioni, Enogastronomia, Tempo libero...","publisher":{"@id":"https:\/\/rendezvous-vda.it\/#organization"},"potentialAction":[{"@type":"SearchAction","target":{"@type":"EntryPoint","urlTemplate":"https:\/\/rendezvous-vda.it\/?s={search_term_string}"},"query-input":{"@type":"PropertyValueSpecification","valueRequired":true,"valueName":"search_term_string"}}],"inLanguage":"fr-FR"},{"@type":"Organization","@id":"https:\/\/rendezvous-vda.it\/#organization","name":"Rendez Vous en Vall\u00e9e d Aoste","url":"https:\/\/rendezvous-vda.it\/","logo":{"@type":"ImageObject","inLanguage":"fr-FR","@id":"https:\/\/rendezvous-vda.it\/#\/schema\/logo\/image\/","url":"https:\/\/rendezvous-vda.it\/wp-content\/uploads\/2021\/05\/R.V_ITA-450.png","contentUrl":"https:\/\/rendezvous-vda.it\/wp-content\/uploads\/2021\/05\/R.V_ITA-450.png","width":450,"height":83,"caption":"Rendez Vous en Vall\u00e9e d Aoste"},"image":{"@id":"https:\/\/rendezvous-vda.it\/#\/schema\/logo\/image\/"}},{"@type":"Person","@id":"https:\/\/rendezvous-vda.it\/#\/schema\/person\/26d79f6dbeaace8f49f6785137f0a34e","name":"Redazione RV","image":{"@type":"ImageObject","inLanguage":"fr-FR","@id":"https:\/\/secure.gravatar.com\/avatar\/0082012e4cff670801768efb03cd0e066347e982930d7c9ceb4cfb808cbb0597?s=96&d=mm&r=g","url":"https:\/\/secure.gravatar.com\/avatar\/0082012e4cff670801768efb03cd0e066347e982930d7c9ceb4cfb808cbb0597?s=96&d=mm&r=g","contentUrl":"https:\/\/secure.gravatar.com\/avatar\/0082012e4cff670801768efb03cd0e066347e982930d7c9ceb4cfb808cbb0597?s=96&d=mm&r=g","caption":"Redazione RV"},"url":"https:\/\/rendezvous-vda.it\/fr\/author\/redazione\/"}]}},"_links":{"self":[{"href":"https:\/\/rendezvous-vda.it\/fr\/wp-json\/wp\/v2\/posts\/20204","targetHints":{"allow":["GET"]}}],"collection":[{"href":"https:\/\/rendezvous-vda.it\/fr\/wp-json\/wp\/v2\/posts"}],"about":[{"href":"https:\/\/rendezvous-vda.it\/fr\/wp-json\/wp\/v2\/types\/post"}],"author":[{"embeddable":true,"href":"https:\/\/rendezvous-vda.it\/fr\/wp-json\/wp\/v2\/users\/8"}],"replies":[{"embeddable":true,"href":"https:\/\/rendezvous-vda.it\/fr\/wp-json\/wp\/v2\/comments?post=20204"}],"version-history":[{"count":10,"href":"https:\/\/rendezvous-vda.it\/fr\/wp-json\/wp\/v2\/posts\/20204\/revisions"}],"predecessor-version":[{"id":20235,"href":"https:\/\/rendezvous-vda.it\/fr\/wp-json\/wp\/v2\/posts\/20204\/revisions\/20235"}],"wp:featuredmedia":[{"embeddable":true,"href":"https:\/\/rendezvous-vda.it\/fr\/wp-json\/wp\/v2\/media\/20182"}],"wp:attachment":[{"href":"https:\/\/rendezvous-vda.it\/fr\/wp-json\/wp\/v2\/media?parent=20204"}],"wp:term":[{"taxonomy":"category","embeddable":true,"href":"https:\/\/rendezvous-vda.it\/fr\/wp-json\/wp\/v2\/categories?post=20204"},{"taxonomy":"post_tag","embeddable":true,"href":"https:\/\/rendezvous-vda.it\/fr\/wp-json\/wp\/v2\/tags?post=20204"}],"curies":[{"name":"wp","href":"https:\/\/api.w.org\/{rel}","templated":true}]}}