{"id":19802,"date":"2026-04-27T16:41:05","date_gmt":"2026-04-27T14:41:05","guid":{"rendered":"https:\/\/rendezvous-vda.it\/?p=19802"},"modified":"2026-04-27T16:41:36","modified_gmt":"2026-04-27T14:41:36","slug":"exposition-sole-caduto-aosta-gio-pomodoro","status":"publish","type":"post","link":"https:\/\/rendezvous-vda.it\/fr\/exposition-sole-caduto-aosta-gio-pomodoro\/","title":{"rendered":"Exposition: Sole caduto Aosta. Gio&rsquo; Pomodoro"},"content":{"rendered":"\t\t<div data-elementor-type=\"wp-post\" data-elementor-id=\"19802\" class=\"elementor elementor-19802 elementor-19611\" data-elementor-post-type=\"post\">\n\t\t\t\t\t\t<section class=\"elementor-section elementor-top-section elementor-element elementor-element-e7db9e7 elementor-section-height-min-height elementor-section-items-stretch elementor-section-boxed elementor-section-height-default\" data-id=\"e7db9e7\" data-element_type=\"section\" data-e-type=\"section\">\n\t\t\t\t\t\t<div class=\"elementor-container elementor-column-gap-default\">\n\t\t\t\t\t<div class=\"elementor-column elementor-col-100 elementor-top-column elementor-element elementor-element-56b11f86\" data-id=\"56b11f86\" data-element_type=\"column\" data-e-type=\"column\" data-settings=\"{&quot;background_background&quot;:&quot;classic&quot;}\">\n\t\t\t<div class=\"elementor-widget-wrap\">\n\t\t\t\t\t\t\t<\/div>\n\t\t<\/div>\n\t\t\t\t\t<\/div>\n\t\t<\/section>\n\t\t\t\t<section class=\"elementor-section elementor-top-section elementor-element elementor-element-2987309e elementor-reverse-mobile elementor-section-boxed elementor-section-height-default elementor-section-height-default\" data-id=\"2987309e\" data-element_type=\"section\" data-e-type=\"section\">\n\t\t\t\t\t\t<div class=\"elementor-container elementor-column-gap-default\">\n\t\t\t\t\t<div class=\"elementor-column elementor-col-50 elementor-top-column elementor-element elementor-element-5e203c40\" data-id=\"5e203c40\" data-element_type=\"column\" data-e-type=\"column\">\n\t\t\t<div class=\"elementor-widget-wrap elementor-element-populated\">\n\t\t\t\t\t\t<div class=\"elementor-element elementor-element-654e2c43 elementor-widget elementor-widget-gallery\" data-id=\"654e2c43\" data-element_type=\"widget\" data-e-type=\"widget\" data-settings=\"{&quot;columns&quot;:1,&quot;columns_mobile&quot;:2,&quot;lazyload&quot;:&quot;yes&quot;,&quot;gallery_layout&quot;:&quot;grid&quot;,&quot;columns_tablet&quot;:2,&quot;gap&quot;:{&quot;unit&quot;:&quot;px&quot;,&quot;size&quot;:10,&quot;sizes&quot;:[]},&quot;gap_tablet&quot;:{&quot;unit&quot;:&quot;px&quot;,&quot;size&quot;:10,&quot;sizes&quot;:[]},&quot;gap_mobile&quot;:{&quot;unit&quot;:&quot;px&quot;,&quot;size&quot;:10,&quot;sizes&quot;:[]},&quot;link_to&quot;:&quot;file&quot;,&quot;aspect_ratio&quot;:&quot;3:2&quot;,&quot;overlay_background&quot;:&quot;yes&quot;,&quot;content_hover_animation&quot;:&quot;fade-in&quot;}\" data-widget_type=\"gallery.default\">\n\t\t\t\t<div class=\"elementor-widget-container\">\n\t\t\t\t\t\t\t<div class=\"elementor-gallery__container\">\n\t\t\t\t\t\t\t<a class=\"e-gallery-item elementor-gallery-item elementor-animated-content\" href=\"https:\/\/rendezvous-vda.it\/wp-content\/uploads\/2026\/04\/Gamba-18-4-2026-009.jpg\" data-elementor-open-lightbox=\"yes\" data-elementor-lightbox-slideshow=\"654e2c43\" data-elementor-lightbox-title=\"Gamba 18-4-2026 009\" data-e-action-hash=\"#elementor-action%3Aaction%3Dlightbox%26settings%3DeyJpZCI6MTk3NDYsInVybCI6Imh0dHBzOlwvXC9yZW5kZXp2b3VzLXZkYS5pdFwvd3AtY29udGVudFwvdXBsb2Fkc1wvMjAyNlwvMDRcL0dhbWJhLTE4LTQtMjAyNi0wMDkuanBnIiwic2xpZGVzaG93IjoiNjU0ZTJjNDMifQ%3D%3D\">\n\t\t\t\t\t<div class=\"e-gallery-image elementor-gallery-item__image\" data-thumbnail=\"https:\/\/rendezvous-vda.it\/wp-content\/uploads\/2026\/04\/Gamba-18-4-2026-009.jpg\" data-width=\"1466\" data-height=\"979\" aria-label=\"\" role=\"img\" ><\/div>\n\t\t\t\t\t\t\t\t\t\t\t<div class=\"elementor-gallery-item__overlay\"><\/div>\n\t\t\t\t\t\t\t\t\t\t\t\t\t\t<\/a>\n\t\t\t\t\t\t\t<a class=\"e-gallery-item elementor-gallery-item elementor-animated-content\" href=\"https:\/\/rendezvous-vda.it\/wp-content\/uploads\/2026\/04\/8.-Scultura--scaled.jpg\" data-elementor-open-lightbox=\"yes\" data-elementor-lightbox-slideshow=\"654e2c43\" data-elementor-lightbox-title=\"8. Scultura\" data-e-action-hash=\"#elementor-action%3Aaction%3Dlightbox%26settings%3DeyJpZCI6MTk3MzUsInVybCI6Imh0dHBzOlwvXC9yZW5kZXp2b3VzLXZkYS5pdFwvd3AtY29udGVudFwvdXBsb2Fkc1wvMjAyNlwvMDRcLzguLVNjdWx0dXJhLS1zY2FsZWQuanBnIiwic2xpZGVzaG93IjoiNjU0ZTJjNDMifQ%3D%3D\">\n\t\t\t\t\t<div class=\"e-gallery-image elementor-gallery-item__image\" data-thumbnail=\"https:\/\/rendezvous-vda.it\/wp-content\/uploads\/2026\/04\/8.-Scultura--scaled.jpg\" data-width=\"1919\" data-height=\"2560\" aria-label=\"\" role=\"img\" ><\/div>\n\t\t\t\t\t\t\t\t\t\t\t<div class=\"elementor-gallery-item__overlay\"><\/div>\n\t\t\t\t\t\t\t\t\t\t\t\t\t\t<\/a>\n\t\t\t\t\t\t\t<a class=\"e-gallery-item elementor-gallery-item elementor-animated-content\" href=\"https:\/\/rendezvous-vda.it\/wp-content\/uploads\/2026\/04\/10.-Solvecchio-Querceta-copia-scaled.jpg\" data-elementor-open-lightbox=\"yes\" data-elementor-lightbox-slideshow=\"654e2c43\" data-elementor-lightbox-title=\"10. Solvecchio - Querceta copia\" data-e-action-hash=\"#elementor-action%3Aaction%3Dlightbox%26settings%3DeyJpZCI6MTk3MzIsInVybCI6Imh0dHBzOlwvXC9yZW5kZXp2b3VzLXZkYS5pdFwvd3AtY29udGVudFwvdXBsb2Fkc1wvMjAyNlwvMDRcLzEwLi1Tb2x2ZWNjaGlvLVF1ZXJjZXRhLWNvcGlhLXNjYWxlZC5qcGciLCJzbGlkZXNob3ciOiI2NTRlMmM0MyJ9\">\n\t\t\t\t\t<div class=\"e-gallery-image elementor-gallery-item__image\" data-thumbnail=\"https:\/\/rendezvous-vda.it\/wp-content\/uploads\/2026\/04\/10.-Solvecchio-Querceta-copia-scaled.jpg\" data-width=\"2460\" data-height=\"2560\" aria-label=\"\" role=\"img\" ><\/div>\n\t\t\t\t\t\t\t\t\t\t\t<div class=\"elementor-gallery-item__overlay\"><\/div>\n\t\t\t\t\t\t\t\t\t\t\t\t\t\t<\/a>\n\t\t\t\t\t\t\t<a class=\"e-gallery-item elementor-gallery-item elementor-animated-content\" href=\"https:\/\/rendezvous-vda.it\/wp-content\/uploads\/2026\/04\/9.-Sole_Aosta_bronzo.jpg\" data-elementor-open-lightbox=\"yes\" data-elementor-lightbox-slideshow=\"654e2c43\" data-elementor-lightbox-title=\"9. Sole_Aosta_bronzo\" data-e-action-hash=\"#elementor-action%3Aaction%3Dlightbox%26settings%3DeyJpZCI6MTk3MzAsInVybCI6Imh0dHBzOlwvXC9yZW5kZXp2b3VzLXZkYS5pdFwvd3AtY29udGVudFwvdXBsb2Fkc1wvMjAyNlwvMDRcLzkuLVNvbGVfQW9zdGFfYnJvbnpvLmpwZyIsInNsaWRlc2hvdyI6IjY1NGUyYzQzIn0%3D\">\n\t\t\t\t\t<div class=\"e-gallery-image elementor-gallery-item__image\" data-thumbnail=\"https:\/\/rendezvous-vda.it\/wp-content\/uploads\/2026\/04\/9.-Sole_Aosta_bronzo.jpg\" data-width=\"1575\" data-height=\"1050\" aria-label=\"\" role=\"img\" ><\/div>\n\t\t\t\t\t\t\t\t\t\t\t<div class=\"elementor-gallery-item__overlay\"><\/div>\n\t\t\t\t\t\t\t\t\t\t\t\t\t\t<\/a>\n\t\t\t\t\t\t\t<a class=\"e-gallery-item elementor-gallery-item elementor-animated-content\" href=\"https:\/\/rendezvous-vda.it\/wp-content\/uploads\/2026\/04\/1.-Pomodoro_94-AC.jpeg\" data-elementor-open-lightbox=\"yes\" data-elementor-lightbox-slideshow=\"654e2c43\" data-elementor-lightbox-title=\"1. Pomodoro_94 AC\" data-e-action-hash=\"#elementor-action%3Aaction%3Dlightbox%26settings%3DeyJpZCI6MTk3MjgsInVybCI6Imh0dHBzOlwvXC9yZW5kZXp2b3VzLXZkYS5pdFwvd3AtY29udGVudFwvdXBsb2Fkc1wvMjAyNlwvMDRcLzEuLVBvbW9kb3JvXzk0LUFDLmpwZWciLCJzbGlkZXNob3ciOiI2NTRlMmM0MyJ9\">\n\t\t\t\t\t<div class=\"e-gallery-image elementor-gallery-item__image\" data-thumbnail=\"https:\/\/rendezvous-vda.it\/wp-content\/uploads\/2026\/04\/1.-Pomodoro_94-AC.jpeg\" data-width=\"562\" data-height=\"850\" aria-label=\"\" role=\"img\" ><\/div>\n\t\t\t\t\t\t\t\t\t\t\t<div class=\"elementor-gallery-item__overlay\"><\/div>\n\t\t\t\t\t\t\t\t\t\t\t\t\t\t<\/a>\n\t\t\t\t\t\t\t<a class=\"e-gallery-item elementor-gallery-item elementor-animated-content\" href=\"https:\/\/rendezvous-vda.it\/wp-content\/uploads\/2026\/04\/Gamba-18-4-2026-002.jpg\" data-elementor-open-lightbox=\"yes\" data-elementor-lightbox-slideshow=\"654e2c43\" data-elementor-lightbox-title=\"Gamba 18-4-2026 002\" data-e-action-hash=\"#elementor-action%3Aaction%3Dlightbox%26settings%3DeyJpZCI6MTk3NDAsInVybCI6Imh0dHBzOlwvXC9yZW5kZXp2b3VzLXZkYS5pdFwvd3AtY29udGVudFwvdXBsb2Fkc1wvMjAyNlwvMDRcL0dhbWJhLTE4LTQtMjAyNi0wMDIuanBnIiwic2xpZGVzaG93IjoiNjU0ZTJjNDMifQ%3D%3D\">\n\t\t\t\t\t<div class=\"e-gallery-image elementor-gallery-item__image\" data-thumbnail=\"https:\/\/rendezvous-vda.it\/wp-content\/uploads\/2026\/04\/Gamba-18-4-2026-002.jpg\" data-width=\"1286\" data-height=\"857\" aria-label=\"\" role=\"img\" ><\/div>\n\t\t\t\t\t\t\t\t\t\t\t<div class=\"elementor-gallery-item__overlay\"><\/div>\n\t\t\t\t\t\t\t\t\t\t\t\t\t\t<\/a>\n\t\t\t\t\t\t\t<a class=\"e-gallery-item elementor-gallery-item elementor-animated-content\" href=\"https:\/\/rendezvous-vda.it\/wp-content\/uploads\/2026\/04\/2.-Dis_a.jpg\" data-elementor-open-lightbox=\"yes\" data-elementor-lightbox-slideshow=\"654e2c43\" data-elementor-lightbox-title=\"2. Dis_a\" data-e-action-hash=\"#elementor-action%3Aaction%3Dlightbox%26settings%3DeyJpZCI6MTk3NTQsInVybCI6Imh0dHBzOlwvXC9yZW5kZXp2b3VzLXZkYS5pdFwvd3AtY29udGVudFwvdXBsb2Fkc1wvMjAyNlwvMDRcLzIuLURpc19hLmpwZyIsInNsaWRlc2hvdyI6IjY1NGUyYzQzIn0%3D\">\n\t\t\t\t\t<div class=\"e-gallery-image elementor-gallery-item__image\" data-thumbnail=\"https:\/\/rendezvous-vda.it\/wp-content\/uploads\/2026\/04\/2.-Dis_a.jpg\" data-width=\"2285\" data-height=\"1623\" aria-label=\"\" role=\"img\" ><\/div>\n\t\t\t\t\t\t\t\t\t\t\t<div class=\"elementor-gallery-item__overlay\"><\/div>\n\t\t\t\t\t\t\t\t\t\t\t\t\t\t<\/a>\n\t\t\t\t\t\t\t<a class=\"e-gallery-item elementor-gallery-item elementor-animated-content\" href=\"https:\/\/rendezvous-vda.it\/wp-content\/uploads\/2026\/04\/3.-Dis_b.jpg\" data-elementor-open-lightbox=\"yes\" data-elementor-lightbox-slideshow=\"654e2c43\" data-elementor-lightbox-title=\"3. Dis_b\" data-e-action-hash=\"#elementor-action%3Aaction%3Dlightbox%26settings%3DeyJpZCI6MTk3NTYsInVybCI6Imh0dHBzOlwvXC9yZW5kZXp2b3VzLXZkYS5pdFwvd3AtY29udGVudFwvdXBsb2Fkc1wvMjAyNlwvMDRcLzMuLURpc19iLmpwZyIsInNsaWRlc2hvdyI6IjY1NGUyYzQzIn0%3D\">\n\t\t\t\t\t<div class=\"e-gallery-image elementor-gallery-item__image\" data-thumbnail=\"https:\/\/rendezvous-vda.it\/wp-content\/uploads\/2026\/04\/3.-Dis_b.jpg\" data-width=\"2478\" data-height=\"760\" aria-label=\"\" role=\"img\" ><\/div>\n\t\t\t\t\t\t\t\t\t\t\t<div class=\"elementor-gallery-item__overlay\"><\/div>\n\t\t\t\t\t\t\t\t\t\t\t\t\t\t<\/a>\n\t\t\t\t\t\t\t<a class=\"e-gallery-item elementor-gallery-item elementor-animated-content\" href=\"https:\/\/rendezvous-vda.it\/wp-content\/uploads\/2026\/04\/4.-Dis_c-scaled.jpg\" data-elementor-open-lightbox=\"yes\" data-elementor-lightbox-slideshow=\"654e2c43\" data-elementor-lightbox-title=\"4. Dis_c\" data-e-action-hash=\"#elementor-action%3Aaction%3Dlightbox%26settings%3DeyJpZCI6MTk3NTgsInVybCI6Imh0dHBzOlwvXC9yZW5kZXp2b3VzLXZkYS5pdFwvd3AtY29udGVudFwvdXBsb2Fkc1wvMjAyNlwvMDRcLzQuLURpc19jLXNjYWxlZC5qcGciLCJzbGlkZXNob3ciOiI2NTRlMmM0MyJ9\">\n\t\t\t\t\t<div class=\"e-gallery-image elementor-gallery-item__image\" data-thumbnail=\"https:\/\/rendezvous-vda.it\/wp-content\/uploads\/2026\/04\/4.-Dis_c-scaled.jpg\" data-width=\"2560\" data-height=\"775\" aria-label=\"\" role=\"img\" ><\/div>\n\t\t\t\t\t\t\t\t\t\t\t<div class=\"elementor-gallery-item__overlay\"><\/div>\n\t\t\t\t\t\t\t\t\t\t\t\t\t\t<\/a>\n\t\t\t\t\t\t\t<a class=\"e-gallery-item elementor-gallery-item elementor-animated-content\" href=\"https:\/\/rendezvous-vda.it\/wp-content\/uploads\/2026\/04\/5.-Dis_d.jpg\" data-elementor-open-lightbox=\"yes\" data-elementor-lightbox-slideshow=\"654e2c43\" data-elementor-lightbox-title=\"5. Dis_d\" data-e-action-hash=\"#elementor-action%3Aaction%3Dlightbox%26settings%3DeyJpZCI6MTk3NjAsInVybCI6Imh0dHBzOlwvXC9yZW5kZXp2b3VzLXZkYS5pdFwvd3AtY29udGVudFwvdXBsb2Fkc1wvMjAyNlwvMDRcLzUuLURpc19kLmpwZyIsInNsaWRlc2hvdyI6IjY1NGUyYzQzIn0%3D\">\n\t\t\t\t\t<div class=\"e-gallery-image elementor-gallery-item__image\" data-thumbnail=\"https:\/\/rendezvous-vda.it\/wp-content\/uploads\/2026\/04\/5.-Dis_d.jpg\" data-width=\"2131\" data-height=\"1764\" aria-label=\"\" role=\"img\" ><\/div>\n\t\t\t\t\t\t\t\t\t\t\t<div class=\"elementor-gallery-item__overlay\"><\/div>\n\t\t\t\t\t\t\t\t\t\t\t\t\t\t<\/a>\n\t\t\t\t\t\t\t<a class=\"e-gallery-item elementor-gallery-item elementor-animated-content\" href=\"https:\/\/rendezvous-vda.it\/wp-content\/uploads\/2026\/03\/Castello-Gamba_Ph.-Archivio-Regione-Autonoma-Valle-dAosta-2.jpg\" data-elementor-open-lightbox=\"yes\" data-elementor-lightbox-slideshow=\"654e2c43\" data-elementor-lightbox-title=\"Castello Gamba_Ph. Archivio Regione Autonoma Valle d&#039;Aosta (2)\" data-e-action-hash=\"#elementor-action%3Aaction%3Dlightbox%26settings%3DeyJpZCI6MTk0MDAsInVybCI6Imh0dHBzOlwvXC9yZW5kZXp2b3VzLXZkYS5pdFwvd3AtY29udGVudFwvdXBsb2Fkc1wvMjAyNlwvMDNcL0Nhc3RlbGxvLUdhbWJhX1BoLi1BcmNoaXZpby1SZWdpb25lLUF1dG9ub21hLVZhbGxlLWRBb3N0YS0yLmpwZyIsInNsaWRlc2hvdyI6IjY1NGUyYzQzIn0%3D\">\n\t\t\t\t\t<div class=\"e-gallery-image elementor-gallery-item__image\" data-thumbnail=\"https:\/\/rendezvous-vda.it\/wp-content\/uploads\/2026\/03\/Castello-Gamba_Ph.-Archivio-Regione-Autonoma-Valle-dAosta-2.jpg\" data-width=\"1701\" data-height=\"1134\" aria-label=\"\" role=\"img\" ><\/div>\n\t\t\t\t\t\t\t\t\t\t\t<div class=\"elementor-gallery-item__overlay\"><\/div>\n\t\t\t\t\t\t\t\t\t\t\t\t\t\t<\/a>\n\t\t\t\t\t\t\t<a class=\"e-gallery-item elementor-gallery-item elementor-animated-content\" href=\"https:\/\/rendezvous-vda.it\/wp-content\/uploads\/2025\/07\/Castello-Gamba-in-notturna-con-la-sua-Orbita_Ph.-Archivio-Regione-autonoma-Valle-dAosta-scaled.jpg\" data-elementor-open-lightbox=\"yes\" data-elementor-lightbox-slideshow=\"654e2c43\" data-elementor-lightbox-title=\"Castello Gamba in notturna con la sua Orbita_Ph. Archivio Regione autonoma Valle d&#039;Aosta\" data-e-action-hash=\"#elementor-action%3Aaction%3Dlightbox%26settings%3DeyJpZCI6MTYyOTIsInVybCI6Imh0dHBzOlwvXC9yZW5kZXp2b3VzLXZkYS5pdFwvd3AtY29udGVudFwvdXBsb2Fkc1wvMjAyNVwvMDdcL0Nhc3RlbGxvLUdhbWJhLWluLW5vdHR1cm5hLWNvbi1sYS1zdWEtT3JiaXRhX1BoLi1BcmNoaXZpby1SZWdpb25lLWF1dG9ub21hLVZhbGxlLWRBb3N0YS1zY2FsZWQuanBnIiwic2xpZGVzaG93IjoiNjU0ZTJjNDMifQ%3D%3D\">\n\t\t\t\t\t<div class=\"e-gallery-image elementor-gallery-item__image\" data-thumbnail=\"https:\/\/rendezvous-vda.it\/wp-content\/uploads\/2025\/07\/Castello-Gamba-in-notturna-con-la-sua-Orbita_Ph.-Archivio-Regione-autonoma-Valle-dAosta-scaled.jpg\" data-width=\"2560\" data-height=\"1440\" aria-label=\"\" role=\"img\" ><\/div>\n\t\t\t\t\t\t\t\t\t\t\t<div class=\"elementor-gallery-item__overlay\"><\/div>\n\t\t\t\t\t\t\t\t\t\t\t\t\t\t<\/a>\n\t\t\t\t\t<\/div>\n\t\t\t\t\t<\/div>\n\t\t\t\t<\/div>\n\t\t\t\t\t<\/div>\n\t\t<\/div>\n\t\t\t\t<div class=\"elementor-column elementor-col-50 elementor-top-column elementor-element elementor-element-58e27289\" data-id=\"58e27289\" data-element_type=\"column\" data-e-type=\"column\">\n\t\t\t<div class=\"elementor-widget-wrap elementor-element-populated\">\n\t\t\t\t\t\t<div class=\"elementor-element elementor-element-1257b28f elementor-widget elementor-widget-heading\" data-id=\"1257b28f\" data-element_type=\"widget\" data-e-type=\"widget\" data-widget_type=\"heading.default\">\n\t\t\t\t<div class=\"elementor-widget-container\">\n\t\t\t\t\t<h2 class=\"elementor-heading-title elementor-size-default\">Exposition: Sole caduto Aosta. Gio\u2019 Pomodoro<\/h2>\t\t\t\t<\/div>\n\t\t\t\t<\/div>\n\t\t\t\t<div class=\"elementor-element elementor-element-49900a99 elementor-widget__width-auto elementor-widget elementor-widget-post-info\" data-id=\"49900a99\" data-element_type=\"widget\" data-e-type=\"widget\" data-widget_type=\"post-info.default\">\n\t\t\t\t<div class=\"elementor-widget-container\">\n\t\t\t\t\t\t\t<ul class=\"elementor-inline-items elementor-icon-list-items elementor-post-info\">\n\t\t\t\t\t\t\t\t<li class=\"elementor-icon-list-item elementor-repeater-item-9ddff1b elementor-inline-item\" itemprop=\"about\">\n\t\t\t\t\t\t\t\t\t\t\t\t\t<span class=\"elementor-icon-list-text elementor-post-info__item elementor-post-info__item--type-terms\">\n\t\t\t\t\t\t\t\t\t\t<span class=\"elementor-post-info__terms-list\">\n\t\t\t\t<a href=\"https:\/\/rendezvous-vda.it\/fr\/category\/news-fr\/arts-et-culture\/\" class=\"elementor-post-info__terms-list-item\">Arts et culture<\/a>\t\t\t\t<\/span>\n\t\t\t\t\t<\/span>\n\t\t\t\t\t\t\t\t<\/li>\n\t\t\t\t<\/ul>\n\t\t\t\t\t\t<\/div>\n\t\t\t\t<\/div>\n\t\t\t\t<div class=\"elementor-element elementor-element-368901f8 elementor-widget__width-auto elementor-widget elementor-widget-post-info\" data-id=\"368901f8\" data-element_type=\"widget\" data-e-type=\"widget\" data-widget_type=\"post-info.default\">\n\t\t\t\t<div class=\"elementor-widget-container\">\n\t\t\t\t\t\t\t<ul class=\"elementor-inline-items elementor-icon-list-items elementor-post-info\">\n\t\t\t\t\t\t\t\t<li class=\"elementor-icon-list-item elementor-repeater-item-39eb51a elementor-inline-item\" itemprop=\"datePublished\">\n\t\t\t\t\t\t\t\t\t\t<span class=\"elementor-icon-list-icon\">\n\t\t\t\t\t\t\t\t<i aria-hidden=\"true\" class=\"fas fa-calendar\"><\/i>\t\t\t\t\t\t\t<\/span>\n\t\t\t\t\t\t\t\t\t<span class=\"elementor-icon-list-text elementor-post-info__item elementor-post-info__item--type-date\">\n\t\t\t\t\t\t\t\t\t\t<time>27\/04\/2026<\/time>\t\t\t\t\t<\/span>\n\t\t\t\t\t\t\t\t<\/li>\n\t\t\t\t<li class=\"elementor-icon-list-item elementor-repeater-item-98ad935 elementor-inline-item\" itemprop=\"author\">\n\t\t\t\t\t\t\t\t\t\t\t\t\t<span class=\"elementor-icon-list-text elementor-post-info__item elementor-post-info__item--type-author\">\n\t\t\t\t\t\t\t<span class=\"elementor-post-info__item-prefix\">di<\/span>\n\t\t\t\t\t\t\t\t\t\tStefania Marchiano\t\t\t\t\t<\/span>\n\t\t\t\t\t\t\t\t<\/li>\n\t\t\t\t<\/ul>\n\t\t\t\t\t\t<\/div>\n\t\t\t\t<\/div>\n\t\t\t\t<div class=\"elementor-element elementor-element-6119554c elementor-widget elementor-widget-heading\" data-id=\"6119554c\" data-element_type=\"widget\" data-e-type=\"widget\" data-widget_type=\"heading.default\">\n\t\t\t\t<div class=\"elementor-widget-container\">\n\t\t\t\t\t<h2 class=\"elementor-heading-title elementor-size-default\">Du 19 avril au 21 juin 2026 au Ch\u00e2teau Gamba de Ch\u00e2tillon (Ao).<\/h2>\t\t\t\t<\/div>\n\t\t\t\t<\/div>\n\t\t\t\t<div class=\"elementor-element elementor-element-4f0d318e elementor-widget elementor-widget-text-editor\" data-id=\"4f0d318e\" data-element_type=\"widget\" data-e-type=\"widget\" data-widget_type=\"text-editor.default\">\n\t\t\t\t<div class=\"elementor-widget-container\">\n\t\t\t\t\t\t\t\t\t<p>Samedi 18 avril 2026 au Ch\u00e2teau Gamba \u2013 Mus\u00e9e d&rsquo;art moderne et contemporain, dans le cadre de la manifestation <em>D\u00e9tails<\/em>, a \u00e9t\u00e9 inaugur\u00e9e l&rsquo;exposition <em>Sole caduto Aosta. Gio&rsquo; Pomodoro<\/em>, organis\u00e9e par l&rsquo;historien de l&rsquo;art Stefano Bruzzese en collaboration avec le fils de l&rsquo;artiste, Bruto Pomodoro, et avec les Archives du sculpteur.<\/p><p>Gio&rsquo; Pomodoro, n\u00e9 en 1930 \u00e0 Orciano di Pesaro, dans le Montefeltro, pr\u00e8s d&rsquo;Urbino, repr\u00e9sente l&rsquo;une des voix les plus significatives dans le panorama de la sculpture internationale du XXe si\u00e8cle. Un artiste souvent en avance sur son temps, dont les recherches conjuguent les finalit\u00e9s expressives de l&rsquo;informel avec la dimension narrative, parfois \u00e9pique, d&rsquo;une cr\u00e9ation artistique visant \u00e0 explorer l&rsquo;origine mythologique de l&rsquo;histoire de l&rsquo;homme.<\/p><p>Parmi les nombreux signes et symboles analys\u00e9s par Pomodoro, le th\u00e8me des \u00absoleils\u00bb occupe une place de premier plan: un \u00e9l\u00e9ment plastique devenu central dans le travail de recherche de l&rsquo;artiste des Marches et dans les projets de requalification environnementale des \u00ablieux sculpt\u00e9s\u00bb. Convaincu de la valeur civique de la sculpture dans l&rsquo;espace public, Pomodoro con\u00e7oit en effet des interventions dans lesquelles l&rsquo;\u0153uvre et l&rsquo;environnement s&rsquo;int\u00e8grent dans une exp\u00e9rience collective.<\/p><p>Les collections d&rsquo;art contemporain du Ch\u00e2teau Gamba conservent deux des \u0153uvres les plus significatives du parcours de recherche autour des \u00absoleils\u00bb: <em>Sole serpente<\/em> (1988) et <em>Sole caduto Aosta<\/em> (1998-2002), produites en Vall\u00e9e d&rsquo;Aoste et pour la Vall\u00e9e d&rsquo;Aoste, pour sublimer un rapport d&rsquo;attachement et d&rsquo;affection pour le territoire vald\u00f4tain entretenu par l&rsquo;artiste au fil du temps. C&rsquo;est de l\u00e0 que prend forme un nouveau chapitre, le huiti\u00e8me, de la manifestation expositive <em>D\u00e9tails<\/em>, une petite exposition destin\u00e9e \u00e0 approfondir la connaissance des \u0153uvres du mus\u00e9e Gamba et, par extension, l&rsquo;histoire culturelle de la Vall\u00e9e d&rsquo;Aoste.<\/p>\t\t\t\t\t\t\t\t<\/div>\n\t\t\t\t<\/div>\n\t\t\t\t<div class=\"elementor-element elementor-element-bf0336e elementor-widget elementor-widget-text-editor\" data-id=\"bf0336e\" data-element_type=\"widget\" data-e-type=\"widget\" data-widget_type=\"text-editor.default\">\n\t\t\t\t<div class=\"elementor-widget-container\">\n\t\t\t\t\t\t\t\t\t<p><em>Sole serpente<\/em>, premi\u00e8re et unique \u0153uvre pour laquelle Pomodoro se lance dans le travail de l&rsquo;acier, est coul\u00e9 en trois \u00e9ditions diff\u00e9rentes dans les aci\u00e9ries de la DeltaCogne de Verr\u00e8s et pr\u00e9sent\u00e9, \u00e0 l&rsquo;\u00e9t\u00e9 1988, \u00e0 l&rsquo;occasion d&rsquo;une \u00e9dition historique de la Biennale de Venise o\u00f9 la Vall\u00e9e d&rsquo;Aoste \u00e9tait invit\u00e9e avec un pavillon qui lui \u00e9tait consacr\u00e9. La version du Ch\u00e2teau Gamba est expos\u00e9e en regard de la reproduction du magnifique mod\u00e8le en marbre conserv\u00e9 chez les h\u00e9ritiers de l&rsquo;artiste.<\/p><p><em>Sole caduto Aosta<\/em> est une \u00e9tude pour un projet plus ambitieux : la refonte compl\u00e8te de la piazza Roncas \u00e0 Aoste, con\u00e7ue par l&rsquo;artiste \u00e0 la suite de l&rsquo;exposition personnelle organis\u00e9e dans la ville en 1998 (<em>Gio&rsquo; Pomodoro. Pietre e marmi, 1965-1997<\/em>). L&rsquo;\u0153uvre est pr\u00e9sent\u00e9e aux c\u00f4t\u00e9s du grand mod\u00e8le, lui aussi en marbre et jamais encore expos\u00e9 en mus\u00e9e, de la nouvelle piazza Roncas imagin\u00e9e par Pomodoro, ainsi que de quatre dessins pr\u00e9paratoires et d&rsquo;un <em>Sole caduto<\/em> en bronze poli appartenant \u00e0 une collection priv\u00e9e. C&rsquo;est l&rsquo;\u00e9tude de ce projet, d&rsquo;une grande importance pour la Vall\u00e9e d&rsquo;Aoste, qui est \u00e0 l&rsquo;origine de cette exposition temporaire.<\/p><p>Vient compl\u00e9ter l&rsquo;exposition un \u00absoleil sur papier\u00bb: <em>Solvecchio<\/em>, issu d&rsquo;une collection priv\u00e9e, aquarelle r\u00e9alis\u00e9e en 1998 pour la Biennale internationale du Caire, mais pr\u00e9sent\u00e9e en avant-premi\u00e8re \u00e0 Aoste lors de l&rsquo;exposition <em>Gio&rsquo; Pomodoro. Pietre e marmi, 1965-1997<\/em> organis\u00e9e au Centre Saint-B\u00e9nin entre juillet et octobre de la m\u00eame ann\u00e9e.<\/p>\t\t\t\t\t\t\t\t<\/div>\n\t\t\t\t<\/div>\n\t\t\t\t<div class=\"elementor-element elementor-element-867c46f elementor-widget elementor-widget-image\" data-id=\"867c46f\" data-element_type=\"widget\" data-e-type=\"widget\" data-widget_type=\"image.default\">\n\t\t\t\t<div class=\"elementor-widget-container\">\n\t\t\t\t\t\t\t\t\t\t\t\t<figure class=\"wp-caption\">\n\t\t\t\t\t\t\t\t\t\t<img fetchpriority=\"high\" decoding=\"async\" width=\"800\" height=\"534\" src=\"https:\/\/rendezvous-vda.it\/wp-content\/uploads\/2026\/04\/Gamba-18-4-2026-004-1024x684.jpg\" class=\"attachment-large size-large wp-image-19742\" alt=\"\" srcset=\"https:\/\/rendezvous-vda.it\/wp-content\/uploads\/2026\/04\/Gamba-18-4-2026-004-1024x684.jpg 1024w, https:\/\/rendezvous-vda.it\/wp-content\/uploads\/2026\/04\/Gamba-18-4-2026-004-300x200.jpg 300w, https:\/\/rendezvous-vda.it\/wp-content\/uploads\/2026\/04\/Gamba-18-4-2026-004-768x513.jpg 768w, https:\/\/rendezvous-vda.it\/wp-content\/uploads\/2026\/04\/Gamba-18-4-2026-004.jpg 1457w\" sizes=\"(max-width: 800px) 100vw, 800px\" \/>\t\t\t\t\t\t\t\t\t\t\t<figcaption class=\"widget-image-caption wp-caption-text\">Gi\u00f2 Pomodoro, installation view, Ch\u00e2teau Gamba, Ph. Diego Pallu<\/figcaption>\n\t\t\t\t\t\t\t\t\t\t<\/figure>\n\t\t\t\t\t\t\t\t\t<\/div>\n\t\t\t\t<\/div>\n\t\t\t\t<div class=\"elementor-element elementor-element-8d036bb elementor-widget elementor-widget-image\" data-id=\"8d036bb\" data-element_type=\"widget\" data-e-type=\"widget\" data-widget_type=\"image.default\">\n\t\t\t\t<div class=\"elementor-widget-container\">\n\t\t\t\t\t\t\t\t\t\t\t\t<figure class=\"wp-caption\">\n\t\t\t\t\t\t\t\t\t\t<img decoding=\"async\" width=\"800\" height=\"534\" src=\"https:\/\/rendezvous-vda.it\/wp-content\/uploads\/2026\/03\/Castello-Gamba_Ph.-Archivio-Regione-Autonoma-Valle-dAosta-1-1024x683.jpg\" class=\"attachment-large size-large wp-image-19398\" alt=\"\" srcset=\"https:\/\/rendezvous-vda.it\/wp-content\/uploads\/2026\/03\/Castello-Gamba_Ph.-Archivio-Regione-Autonoma-Valle-dAosta-1-1024x683.jpg 1024w, https:\/\/rendezvous-vda.it\/wp-content\/uploads\/2026\/03\/Castello-Gamba_Ph.-Archivio-Regione-Autonoma-Valle-dAosta-1-300x200.jpg 300w, https:\/\/rendezvous-vda.it\/wp-content\/uploads\/2026\/03\/Castello-Gamba_Ph.-Archivio-Regione-Autonoma-Valle-dAosta-1-768x512.jpg 768w, https:\/\/rendezvous-vda.it\/wp-content\/uploads\/2026\/03\/Castello-Gamba_Ph.-Archivio-Regione-Autonoma-Valle-dAosta-1-1536x1024.jpg 1536w, https:\/\/rendezvous-vda.it\/wp-content\/uploads\/2026\/03\/Castello-Gamba_Ph.-Archivio-Regione-Autonoma-Valle-dAosta-1.jpg 1701w\" sizes=\"(max-width: 800px) 100vw, 800px\" \/>\t\t\t\t\t\t\t\t\t\t\t<figcaption class=\"widget-image-caption wp-caption-text\">Le Parc du Ch\u00e2teau Gamba - Ph. Archive R\u00e9gion Autonome Vall\u00e9e d'Aoste<\/figcaption>\n\t\t\t\t\t\t\t\t\t\t<\/figure>\n\t\t\t\t\t\t\t\t\t<\/div>\n\t\t\t\t<\/div>\n\t\t\t\t<div class=\"elementor-element elementor-element-c38296b elementor-widget elementor-widget-heading\" data-id=\"c38296b\" data-element_type=\"widget\" data-e-type=\"widget\" data-widget_type=\"heading.default\">\n\t\t\t\t<div class=\"elementor-widget-container\">\n\t\t\t\t\t<h2 class=\"elementor-heading-title elementor-size-default\">informations au public <\/h2>\t\t\t\t<\/div>\n\t\t\t\t<\/div>\n\t\t\t\t<div class=\"elementor-element elementor-element-24b33b27 elementor-widget elementor-widget-text-editor\" data-id=\"24b33b27\" data-element_type=\"widget\" data-e-type=\"widget\" data-widget_type=\"text-editor.default\">\n\t\t\t\t<div class=\"elementor-widget-container\">\n\t\t\t\t\t\t\t\t\t<p><span style=\"text-decoration: underline;\"><em><a href=\"https:\/\/rendezvous-vda.it\/wp-content\/uploads\/2026\/04\/Castello-Gamba_Gio-Pomodoro-catalogo-ufficiale-2026.pdf\"><strong>T\u00e9l\u00e9chargez ici le catalogue officiel (IT-ENG)<\/strong><\/a><\/em><\/span><\/p><p>L&rsquo;exposition, visible jusqu&rsquo;au 21 juin 2026, sera une importante occasion pour appr\u00e9cier \u00e9galement des \u0153uvres en d\u00e9p\u00f4t et jamais pr\u00e9sent\u00e9es au public.<\/p><p>Pour plus d&rsquo;informations :<\/p><p><strong><a href=\"https:\/\/valledaostaheritage.com\/events\/mostra-sole-caduto-aosta-gio-pomodoro\/\">https:\/\/valledaostaheritage.com\/events\/mostra-sole-caduto-aosta-gio-pomodoro\/ <\/a><\/strong>et sur <strong><a href=\"https:\/\/www.castellogamba.vda.it\/\">www.castellogamba.vda.it<\/a><\/strong><\/p><p><em>Source: Assessorat de l&rsquo;Instruction, de la Culture et des Politiques identitaires \u2013 Service de presse R\u00e9gion Autonome Vall\u00e9e d&rsquo;Aoste.<\/em><\/p>\t\t\t\t\t\t\t\t<\/div>\n\t\t\t\t<\/div>\n\t\t\t\t<div class=\"elementor-element elementor-element-56005802 elementor-share-buttons--view-icon elementor-share-buttons--skin-gradient elementor-share-buttons--shape-square elementor-grid-0 elementor-share-buttons--color-official elementor-widget elementor-widget-global elementor-global-1711 elementor-widget-share-buttons\" data-id=\"56005802\" data-element_type=\"widget\" data-e-type=\"widget\" data-widget_type=\"share-buttons.default\">\n\t\t\t\t<div class=\"elementor-widget-container\">\n\t\t\t\t\t\t\t<div class=\"elementor-grid\" role=\"list\">\n\t\t\t\t\t\t\t\t<div class=\"elementor-grid-item\" role=\"listitem\">\n\t\t\t\t\t\t<div class=\"elementor-share-btn elementor-share-btn_facebook\" role=\"button\" tabindex=\"0\" aria-label=\"Partager sur facebook\">\n\t\t\t\t\t\t\t\t\t\t\t\t\t\t\t<span class=\"elementor-share-btn__icon\">\n\t\t\t\t\t\t\t\t<i class=\"fab fa-facebook\" aria-hidden=\"true\"><\/i>\t\t\t\t\t\t\t<\/span>\n\t\t\t\t\t\t\t\t\t\t\t\t\t\t\t\t\t\t\t\t<\/div>\n\t\t\t\t\t<\/div>\n\t\t\t\t\t\t\t\t\t<div class=\"elementor-grid-item\" role=\"listitem\">\n\t\t\t\t\t\t<div class=\"elementor-share-btn elementor-share-btn_twitter\" role=\"button\" tabindex=\"0\" aria-label=\"Partager sur twitter\">\n\t\t\t\t\t\t\t\t\t\t\t\t\t\t\t<span class=\"elementor-share-btn__icon\">\n\t\t\t\t\t\t\t\t<i class=\"fab fa-twitter\" aria-hidden=\"true\"><\/i>\t\t\t\t\t\t\t<\/span>\n\t\t\t\t\t\t\t\t\t\t\t\t\t\t\t\t\t\t\t\t<\/div>\n\t\t\t\t\t<\/div>\n\t\t\t\t\t\t\t\t\t<div class=\"elementor-grid-item\" role=\"listitem\">\n\t\t\t\t\t\t<div class=\"elementor-share-btn elementor-share-btn_linkedin\" role=\"button\" tabindex=\"0\" aria-label=\"Partager sur linkedin\">\n\t\t\t\t\t\t\t\t\t\t\t\t\t\t\t<span class=\"elementor-share-btn__icon\">\n\t\t\t\t\t\t\t\t<i class=\"fab fa-linkedin\" aria-hidden=\"true\"><\/i>\t\t\t\t\t\t\t<\/span>\n\t\t\t\t\t\t\t\t\t\t\t\t\t\t\t\t\t\t\t\t<\/div>\n\t\t\t\t\t<\/div>\n\t\t\t\t\t\t\t\t\t<div class=\"elementor-grid-item\" role=\"listitem\">\n\t\t\t\t\t\t<div class=\"elementor-share-btn elementor-share-btn_email\" role=\"button\" tabindex=\"0\" aria-label=\"Partager sur email\">\n\t\t\t\t\t\t\t\t\t\t\t\t\t\t\t<span class=\"elementor-share-btn__icon\">\n\t\t\t\t\t\t\t\t<i class=\"fas fa-envelope\" aria-hidden=\"true\"><\/i>\t\t\t\t\t\t\t<\/span>\n\t\t\t\t\t\t\t\t\t\t\t\t\t\t\t\t\t\t\t\t<\/div>\n\t\t\t\t\t<\/div>\n\t\t\t\t\t\t\t\t\t<div class=\"elementor-grid-item\" role=\"listitem\">\n\t\t\t\t\t\t<div class=\"elementor-share-btn elementor-share-btn_whatsapp\" role=\"button\" tabindex=\"0\" aria-label=\"Partager sur whatsapp\">\n\t\t\t\t\t\t\t\t\t\t\t\t\t\t\t<span class=\"elementor-share-btn__icon\">\n\t\t\t\t\t\t\t\t<i class=\"fab fa-whatsapp\" aria-hidden=\"true\"><\/i>\t\t\t\t\t\t\t<\/span>\n\t\t\t\t\t\t\t\t\t\t\t\t\t\t\t\t\t\t\t\t<\/div>\n\t\t\t\t\t<\/div>\n\t\t\t\t\t\t<\/div>\n\t\t\t\t\t\t<\/div>\n\t\t\t\t<\/div>\n\t\t\t\t\t<\/div>\n\t\t<\/div>\n\t\t\t\t\t<\/div>\n\t\t<\/section>\n\t\t\t\t<\/div>\n\t\t","protected":false},"excerpt":{"rendered":"<p>Du 19 avril au 21 juin 2026 au Ch\u00e2teau Gamba de Ch\u00e2tillon (Ao). L&rsquo;exposition organis\u00e9e par l&rsquo;historien de l&rsquo;art Stefano Bruzzese en collaboration avec le fils de l&rsquo;artiste&#8230;<\/p>\n","protected":false},"author":3,"featured_media":19289,"comment_status":"closed","ping_status":"closed","sticky":false,"template":"elementor_header_footer","format":"standard","meta":{"footnotes":""},"categories":[52],"tags":[],"class_list":["post-19802","post","type-post","status-publish","format-standard","has-post-thumbnail","hentry","category-arts-et-culture"],"yoast_head":"<!-- This site is optimized with the Yoast SEO plugin v27.4 - https:\/\/yoast.com\/product\/yoast-seo-wordpress\/ -->\n<title>Exposition: Sole caduto Aosta. Gio&#039; Pomodoro - Rendez Vous en Vall\u00e9e d Aoste<\/title>\n<meta name=\"description\" content=\"Du 19 avril au 21 juin 2026 au Ch\u00e2teau Gamba de Ch\u00e2tillon (Ao). L&#039;exposition organis\u00e9e par l&#039;historien de l&#039;art Stefano Bruzzese en collaboration avec le fils de l&#039;artiste...\" \/>\n<meta name=\"robots\" content=\"index, follow, max-snippet:-1, max-image-preview:large, max-video-preview:-1\" \/>\n<link rel=\"canonical\" href=\"https:\/\/rendezvous-vda.it\/fr\/exposition-sole-caduto-aosta-gio-pomodoro\/\" \/>\n<meta property=\"og:locale\" content=\"fr_FR\" \/>\n<meta property=\"og:type\" content=\"article\" \/>\n<meta property=\"og:title\" content=\"Exposition: Sole caduto Aosta. Gio&#039; Pomodoro - Rendez Vous en Vall\u00e9e d Aoste\" \/>\n<meta property=\"og:description\" content=\"Du 19 avril au 21 juin 2026 au Ch\u00e2teau Gamba de Ch\u00e2tillon (Ao). L&#039;exposition organis\u00e9e par l&#039;historien de l&#039;art Stefano Bruzzese en collaboration avec le fils de l&#039;artiste...\" \/>\n<meta property=\"og:url\" content=\"https:\/\/rendezvous-vda.it\/fr\/exposition-sole-caduto-aosta-gio-pomodoro\/\" \/>\n<meta property=\"og:site_name\" content=\"Rendez Vous en Vall\u00e9e d Aoste\" \/>\n<meta property=\"article:published_time\" content=\"2026-04-27T14:41:05+00:00\" \/>\n<meta property=\"article:modified_time\" content=\"2026-04-27T14:41:36+00:00\" \/>\n<meta property=\"og:image\" content=\"https:\/\/rendezvous-vda.it\/wp-content\/uploads\/2026\/03\/Castello-Gamba_Ph.-Archivio-Regione-Autonoma-Valle-dAosta.jpg\" \/>\n\t<meta property=\"og:image:width\" content=\"2048\" \/>\n\t<meta property=\"og:image:height\" content=\"1365\" \/>\n\t<meta property=\"og:image:type\" content=\"image\/jpeg\" \/>\n<meta name=\"author\" content=\"Stefania Marchiano\" \/>\n<meta name=\"twitter:card\" content=\"summary_large_image\" \/>\n<meta name=\"twitter:label1\" content=\"\u00c9crit par\" \/>\n\t<meta name=\"twitter:data1\" content=\"Stefania Marchiano\" \/>\n\t<meta name=\"twitter:label2\" content=\"Dur\u00e9e de lecture estim\u00e9e\" \/>\n\t<meta name=\"twitter:data2\" content=\"4 minutes\" \/>\n<script type=\"application\/ld+json\" class=\"yoast-schema-graph\">{\"@context\":\"https:\\\/\\\/schema.org\",\"@graph\":[{\"@type\":\"Article\",\"@id\":\"https:\\\/\\\/rendezvous-vda.it\\\/fr\\\/exposition-sole-caduto-aosta-gio-pomodoro\\\/#article\",\"isPartOf\":{\"@id\":\"https:\\\/\\\/rendezvous-vda.it\\\/fr\\\/exposition-sole-caduto-aosta-gio-pomodoro\\\/\"},\"author\":{\"name\":\"Stefania Marchiano\",\"@id\":\"https:\\\/\\\/rendezvous-vda.it\\\/#\\\/schema\\\/person\\\/371ee52cdda2605f84d63aba2194bf51\"},\"headline\":\"Exposition: Sole caduto Aosta. Gio&rsquo; Pomodoro\",\"datePublished\":\"2026-04-27T14:41:05+00:00\",\"dateModified\":\"2026-04-27T14:41:36+00:00\",\"mainEntityOfPage\":{\"@id\":\"https:\\\/\\\/rendezvous-vda.it\\\/fr\\\/exposition-sole-caduto-aosta-gio-pomodoro\\\/\"},\"wordCount\":728,\"publisher\":{\"@id\":\"https:\\\/\\\/rendezvous-vda.it\\\/#organization\"},\"image\":{\"@id\":\"https:\\\/\\\/rendezvous-vda.it\\\/fr\\\/exposition-sole-caduto-aosta-gio-pomodoro\\\/#primaryimage\"},\"thumbnailUrl\":\"https:\\\/\\\/rendezvous-vda.it\\\/wp-content\\\/uploads\\\/2026\\\/03\\\/Castello-Gamba_Ph.-Archivio-Regione-Autonoma-Valle-dAosta.jpg\",\"articleSection\":[\"Arts et culture\"],\"inLanguage\":\"fr-FR\"},{\"@type\":\"WebPage\",\"@id\":\"https:\\\/\\\/rendezvous-vda.it\\\/fr\\\/exposition-sole-caduto-aosta-gio-pomodoro\\\/\",\"url\":\"https:\\\/\\\/rendezvous-vda.it\\\/fr\\\/exposition-sole-caduto-aosta-gio-pomodoro\\\/\",\"name\":\"Exposition: Sole caduto Aosta. Gio' Pomodoro - Rendez Vous en Vall\u00e9e d Aoste\",\"isPartOf\":{\"@id\":\"https:\\\/\\\/rendezvous-vda.it\\\/#website\"},\"primaryImageOfPage\":{\"@id\":\"https:\\\/\\\/rendezvous-vda.it\\\/fr\\\/exposition-sole-caduto-aosta-gio-pomodoro\\\/#primaryimage\"},\"image\":{\"@id\":\"https:\\\/\\\/rendezvous-vda.it\\\/fr\\\/exposition-sole-caduto-aosta-gio-pomodoro\\\/#primaryimage\"},\"thumbnailUrl\":\"https:\\\/\\\/rendezvous-vda.it\\\/wp-content\\\/uploads\\\/2026\\\/03\\\/Castello-Gamba_Ph.-Archivio-Regione-Autonoma-Valle-dAosta.jpg\",\"datePublished\":\"2026-04-27T14:41:05+00:00\",\"dateModified\":\"2026-04-27T14:41:36+00:00\",\"description\":\"Du 19 avril au 21 juin 2026 au Ch\u00e2teau Gamba de Ch\u00e2tillon (Ao). L'exposition organis\u00e9e par l'historien de l'art Stefano Bruzzese en collaboration avec le fils de l'artiste...\",\"breadcrumb\":{\"@id\":\"https:\\\/\\\/rendezvous-vda.it\\\/fr\\\/exposition-sole-caduto-aosta-gio-pomodoro\\\/#breadcrumb\"},\"inLanguage\":\"fr-FR\",\"potentialAction\":[{\"@type\":\"ReadAction\",\"target\":[\"https:\\\/\\\/rendezvous-vda.it\\\/fr\\\/exposition-sole-caduto-aosta-gio-pomodoro\\\/\"]}]},{\"@type\":\"ImageObject\",\"inLanguage\":\"fr-FR\",\"@id\":\"https:\\\/\\\/rendezvous-vda.it\\\/fr\\\/exposition-sole-caduto-aosta-gio-pomodoro\\\/#primaryimage\",\"url\":\"https:\\\/\\\/rendezvous-vda.it\\\/wp-content\\\/uploads\\\/2026\\\/03\\\/Castello-Gamba_Ph.-Archivio-Regione-Autonoma-Valle-dAosta.jpg\",\"contentUrl\":\"https:\\\/\\\/rendezvous-vda.it\\\/wp-content\\\/uploads\\\/2026\\\/03\\\/Castello-Gamba_Ph.-Archivio-Regione-Autonoma-Valle-dAosta.jpg\",\"width\":2048,\"height\":1365},{\"@type\":\"BreadcrumbList\",\"@id\":\"https:\\\/\\\/rendezvous-vda.it\\\/fr\\\/exposition-sole-caduto-aosta-gio-pomodoro\\\/#breadcrumb\",\"itemListElement\":[{\"@type\":\"ListItem\",\"position\":1,\"name\":\"Home\",\"item\":\"https:\\\/\\\/rendezvous-vda.it\\\/fr\\\/\"},{\"@type\":\"ListItem\",\"position\":2,\"name\":\"Exposition: Sole caduto Aosta. Gio&rsquo; Pomodoro\"}]},{\"@type\":\"WebSite\",\"@id\":\"https:\\\/\\\/rendezvous-vda.it\\\/#website\",\"url\":\"https:\\\/\\\/rendezvous-vda.it\\\/\",\"name\":\"Rendez Vous en Vall\u00e9e d Aoste\",\"description\":\"Arte, Cultura, Sport, Tradizioni, Enogastronomia, Tempo libero...\",\"publisher\":{\"@id\":\"https:\\\/\\\/rendezvous-vda.it\\\/#organization\"},\"potentialAction\":[{\"@type\":\"SearchAction\",\"target\":{\"@type\":\"EntryPoint\",\"urlTemplate\":\"https:\\\/\\\/rendezvous-vda.it\\\/?s={search_term_string}\"},\"query-input\":{\"@type\":\"PropertyValueSpecification\",\"valueRequired\":true,\"valueName\":\"search_term_string\"}}],\"inLanguage\":\"fr-FR\"},{\"@type\":\"Organization\",\"@id\":\"https:\\\/\\\/rendezvous-vda.it\\\/#organization\",\"name\":\"Rendez Vous en Vall\u00e9e d Aoste\",\"url\":\"https:\\\/\\\/rendezvous-vda.it\\\/\",\"logo\":{\"@type\":\"ImageObject\",\"inLanguage\":\"fr-FR\",\"@id\":\"https:\\\/\\\/rendezvous-vda.it\\\/#\\\/schema\\\/logo\\\/image\\\/\",\"url\":\"https:\\\/\\\/rendezvous-vda.it\\\/wp-content\\\/uploads\\\/2021\\\/05\\\/R.V_ITA-450.png\",\"contentUrl\":\"https:\\\/\\\/rendezvous-vda.it\\\/wp-content\\\/uploads\\\/2021\\\/05\\\/R.V_ITA-450.png\",\"width\":450,\"height\":83,\"caption\":\"Rendez Vous en Vall\u00e9e d Aoste\"},\"image\":{\"@id\":\"https:\\\/\\\/rendezvous-vda.it\\\/#\\\/schema\\\/logo\\\/image\\\/\"}},{\"@type\":\"Person\",\"@id\":\"https:\\\/\\\/rendezvous-vda.it\\\/#\\\/schema\\\/person\\\/371ee52cdda2605f84d63aba2194bf51\",\"name\":\"Stefania Marchiano\",\"image\":{\"@type\":\"ImageObject\",\"inLanguage\":\"fr-FR\",\"@id\":\"https:\\\/\\\/secure.gravatar.com\\\/avatar\\\/9713161bef4053755bb1daa0659edcdc43db479e05c7ccd143e2d3a5d6f5479c?s=96&d=mm&r=g\",\"url\":\"https:\\\/\\\/secure.gravatar.com\\\/avatar\\\/9713161bef4053755bb1daa0659edcdc43db479e05c7ccd143e2d3a5d6f5479c?s=96&d=mm&r=g\",\"contentUrl\":\"https:\\\/\\\/secure.gravatar.com\\\/avatar\\\/9713161bef4053755bb1daa0659edcdc43db479e05c7ccd143e2d3a5d6f5479c?s=96&d=mm&r=g\",\"caption\":\"Stefania Marchiano\"},\"url\":\"https:\\\/\\\/rendezvous-vda.it\\\/fr\\\/author\\\/stefaniamarchiano\\\/\"}]}<\/script>\n<!-- \/ Yoast SEO plugin. -->","yoast_head_json":{"title":"Exposition: Sole caduto Aosta. Gio' Pomodoro - Rendez Vous en Vall\u00e9e d Aoste","description":"Du 19 avril au 21 juin 2026 au Ch\u00e2teau Gamba de Ch\u00e2tillon (Ao). L'exposition organis\u00e9e par l'historien de l'art Stefano Bruzzese en collaboration avec le fils de l'artiste...","robots":{"index":"index","follow":"follow","max-snippet":"max-snippet:-1","max-image-preview":"max-image-preview:large","max-video-preview":"max-video-preview:-1"},"canonical":"https:\/\/rendezvous-vda.it\/fr\/exposition-sole-caduto-aosta-gio-pomodoro\/","og_locale":"fr_FR","og_type":"article","og_title":"Exposition: Sole caduto Aosta. Gio' Pomodoro - Rendez Vous en Vall\u00e9e d Aoste","og_description":"Du 19 avril au 21 juin 2026 au Ch\u00e2teau Gamba de Ch\u00e2tillon (Ao). L'exposition organis\u00e9e par l'historien de l'art Stefano Bruzzese en collaboration avec le fils de l'artiste...","og_url":"https:\/\/rendezvous-vda.it\/fr\/exposition-sole-caduto-aosta-gio-pomodoro\/","og_site_name":"Rendez Vous en Vall\u00e9e d Aoste","article_published_time":"2026-04-27T14:41:05+00:00","article_modified_time":"2026-04-27T14:41:36+00:00","og_image":[{"width":2048,"height":1365,"url":"https:\/\/rendezvous-vda.it\/wp-content\/uploads\/2026\/03\/Castello-Gamba_Ph.-Archivio-Regione-Autonoma-Valle-dAosta.jpg","type":"image\/jpeg"}],"author":"Stefania Marchiano","twitter_card":"summary_large_image","twitter_misc":{"\u00c9crit par":"Stefania Marchiano","Dur\u00e9e de lecture estim\u00e9e":"4 minutes"},"schema":{"@context":"https:\/\/schema.org","@graph":[{"@type":"Article","@id":"https:\/\/rendezvous-vda.it\/fr\/exposition-sole-caduto-aosta-gio-pomodoro\/#article","isPartOf":{"@id":"https:\/\/rendezvous-vda.it\/fr\/exposition-sole-caduto-aosta-gio-pomodoro\/"},"author":{"name":"Stefania Marchiano","@id":"https:\/\/rendezvous-vda.it\/#\/schema\/person\/371ee52cdda2605f84d63aba2194bf51"},"headline":"Exposition: Sole caduto Aosta. Gio&rsquo; Pomodoro","datePublished":"2026-04-27T14:41:05+00:00","dateModified":"2026-04-27T14:41:36+00:00","mainEntityOfPage":{"@id":"https:\/\/rendezvous-vda.it\/fr\/exposition-sole-caduto-aosta-gio-pomodoro\/"},"wordCount":728,"publisher":{"@id":"https:\/\/rendezvous-vda.it\/#organization"},"image":{"@id":"https:\/\/rendezvous-vda.it\/fr\/exposition-sole-caduto-aosta-gio-pomodoro\/#primaryimage"},"thumbnailUrl":"https:\/\/rendezvous-vda.it\/wp-content\/uploads\/2026\/03\/Castello-Gamba_Ph.-Archivio-Regione-Autonoma-Valle-dAosta.jpg","articleSection":["Arts et culture"],"inLanguage":"fr-FR"},{"@type":"WebPage","@id":"https:\/\/rendezvous-vda.it\/fr\/exposition-sole-caduto-aosta-gio-pomodoro\/","url":"https:\/\/rendezvous-vda.it\/fr\/exposition-sole-caduto-aosta-gio-pomodoro\/","name":"Exposition: Sole caduto Aosta. Gio' Pomodoro - Rendez Vous en Vall\u00e9e d Aoste","isPartOf":{"@id":"https:\/\/rendezvous-vda.it\/#website"},"primaryImageOfPage":{"@id":"https:\/\/rendezvous-vda.it\/fr\/exposition-sole-caduto-aosta-gio-pomodoro\/#primaryimage"},"image":{"@id":"https:\/\/rendezvous-vda.it\/fr\/exposition-sole-caduto-aosta-gio-pomodoro\/#primaryimage"},"thumbnailUrl":"https:\/\/rendezvous-vda.it\/wp-content\/uploads\/2026\/03\/Castello-Gamba_Ph.-Archivio-Regione-Autonoma-Valle-dAosta.jpg","datePublished":"2026-04-27T14:41:05+00:00","dateModified":"2026-04-27T14:41:36+00:00","description":"Du 19 avril au 21 juin 2026 au Ch\u00e2teau Gamba de Ch\u00e2tillon (Ao). L'exposition organis\u00e9e par l'historien de l'art Stefano Bruzzese en collaboration avec le fils de l'artiste...","breadcrumb":{"@id":"https:\/\/rendezvous-vda.it\/fr\/exposition-sole-caduto-aosta-gio-pomodoro\/#breadcrumb"},"inLanguage":"fr-FR","potentialAction":[{"@type":"ReadAction","target":["https:\/\/rendezvous-vda.it\/fr\/exposition-sole-caduto-aosta-gio-pomodoro\/"]}]},{"@type":"ImageObject","inLanguage":"fr-FR","@id":"https:\/\/rendezvous-vda.it\/fr\/exposition-sole-caduto-aosta-gio-pomodoro\/#primaryimage","url":"https:\/\/rendezvous-vda.it\/wp-content\/uploads\/2026\/03\/Castello-Gamba_Ph.-Archivio-Regione-Autonoma-Valle-dAosta.jpg","contentUrl":"https:\/\/rendezvous-vda.it\/wp-content\/uploads\/2026\/03\/Castello-Gamba_Ph.-Archivio-Regione-Autonoma-Valle-dAosta.jpg","width":2048,"height":1365},{"@type":"BreadcrumbList","@id":"https:\/\/rendezvous-vda.it\/fr\/exposition-sole-caduto-aosta-gio-pomodoro\/#breadcrumb","itemListElement":[{"@type":"ListItem","position":1,"name":"Home","item":"https:\/\/rendezvous-vda.it\/fr\/"},{"@type":"ListItem","position":2,"name":"Exposition: Sole caduto Aosta. Gio&rsquo; Pomodoro"}]},{"@type":"WebSite","@id":"https:\/\/rendezvous-vda.it\/#website","url":"https:\/\/rendezvous-vda.it\/","name":"Rendez Vous en Vall\u00e9e d Aoste","description":"Arte, Cultura, Sport, Tradizioni, Enogastronomia, Tempo libero...","publisher":{"@id":"https:\/\/rendezvous-vda.it\/#organization"},"potentialAction":[{"@type":"SearchAction","target":{"@type":"EntryPoint","urlTemplate":"https:\/\/rendezvous-vda.it\/?s={search_term_string}"},"query-input":{"@type":"PropertyValueSpecification","valueRequired":true,"valueName":"search_term_string"}}],"inLanguage":"fr-FR"},{"@type":"Organization","@id":"https:\/\/rendezvous-vda.it\/#organization","name":"Rendez Vous en Vall\u00e9e d Aoste","url":"https:\/\/rendezvous-vda.it\/","logo":{"@type":"ImageObject","inLanguage":"fr-FR","@id":"https:\/\/rendezvous-vda.it\/#\/schema\/logo\/image\/","url":"https:\/\/rendezvous-vda.it\/wp-content\/uploads\/2021\/05\/R.V_ITA-450.png","contentUrl":"https:\/\/rendezvous-vda.it\/wp-content\/uploads\/2021\/05\/R.V_ITA-450.png","width":450,"height":83,"caption":"Rendez Vous en Vall\u00e9e d Aoste"},"image":{"@id":"https:\/\/rendezvous-vda.it\/#\/schema\/logo\/image\/"}},{"@type":"Person","@id":"https:\/\/rendezvous-vda.it\/#\/schema\/person\/371ee52cdda2605f84d63aba2194bf51","name":"Stefania Marchiano","image":{"@type":"ImageObject","inLanguage":"fr-FR","@id":"https:\/\/secure.gravatar.com\/avatar\/9713161bef4053755bb1daa0659edcdc43db479e05c7ccd143e2d3a5d6f5479c?s=96&d=mm&r=g","url":"https:\/\/secure.gravatar.com\/avatar\/9713161bef4053755bb1daa0659edcdc43db479e05c7ccd143e2d3a5d6f5479c?s=96&d=mm&r=g","contentUrl":"https:\/\/secure.gravatar.com\/avatar\/9713161bef4053755bb1daa0659edcdc43db479e05c7ccd143e2d3a5d6f5479c?s=96&d=mm&r=g","caption":"Stefania Marchiano"},"url":"https:\/\/rendezvous-vda.it\/fr\/author\/stefaniamarchiano\/"}]}},"_links":{"self":[{"href":"https:\/\/rendezvous-vda.it\/fr\/wp-json\/wp\/v2\/posts\/19802","targetHints":{"allow":["GET"]}}],"collection":[{"href":"https:\/\/rendezvous-vda.it\/fr\/wp-json\/wp\/v2\/posts"}],"about":[{"href":"https:\/\/rendezvous-vda.it\/fr\/wp-json\/wp\/v2\/types\/post"}],"author":[{"embeddable":true,"href":"https:\/\/rendezvous-vda.it\/fr\/wp-json\/wp\/v2\/users\/3"}],"replies":[{"embeddable":true,"href":"https:\/\/rendezvous-vda.it\/fr\/wp-json\/wp\/v2\/comments?post=19802"}],"version-history":[{"count":7,"href":"https:\/\/rendezvous-vda.it\/fr\/wp-json\/wp\/v2\/posts\/19802\/revisions"}],"predecessor-version":[{"id":19809,"href":"https:\/\/rendezvous-vda.it\/fr\/wp-json\/wp\/v2\/posts\/19802\/revisions\/19809"}],"wp:featuredmedia":[{"embeddable":true,"href":"https:\/\/rendezvous-vda.it\/fr\/wp-json\/wp\/v2\/media\/19289"}],"wp:attachment":[{"href":"https:\/\/rendezvous-vda.it\/fr\/wp-json\/wp\/v2\/media?parent=19802"}],"wp:term":[{"taxonomy":"category","embeddable":true,"href":"https:\/\/rendezvous-vda.it\/fr\/wp-json\/wp\/v2\/categories?post=19802"},{"taxonomy":"post_tag","embeddable":true,"href":"https:\/\/rendezvous-vda.it\/fr\/wp-json\/wp\/v2\/tags?post=19802"}],"curies":[{"name":"wp","href":"https:\/\/api.w.org\/{rel}","templated":true}]}}