{"id":19195,"date":"2026-03-13T17:50:49","date_gmt":"2026-03-13T16:50:49","guid":{"rendered":"https:\/\/rendezvous-vda.it\/?p=19195"},"modified":"2026-03-13T17:54:59","modified_gmt":"2026-03-13T16:54:59","slug":"grigory-gluckmann-entre-lumiere-et-grace","status":"publish","type":"post","link":"https:\/\/rendezvous-vda.it\/fr\/grigory-gluckmann-entre-lumiere-et-grace\/","title":{"rendered":"Grigory Gluckmann. Entre lumi\u00e8re et gr\u00e2ce."},"content":{"rendered":"\t\t<div data-elementor-type=\"wp-post\" data-elementor-id=\"19195\" class=\"elementor elementor-19195 elementor-19004\" data-elementor-post-type=\"post\">\n\t\t\t\t\t\t<section class=\"elementor-section elementor-top-section elementor-element elementor-element-1f90f8d5 elementor-section-height-min-height elementor-section-items-stretch elementor-section-boxed elementor-section-height-default\" data-id=\"1f90f8d5\" data-element_type=\"section\" data-e-type=\"section\">\n\t\t\t\t\t\t<div class=\"elementor-container elementor-column-gap-default\">\n\t\t\t\t\t<div class=\"elementor-column elementor-col-100 elementor-top-column elementor-element elementor-element-46fdae22\" data-id=\"46fdae22\" data-element_type=\"column\" data-e-type=\"column\" data-settings=\"{&quot;background_background&quot;:&quot;classic&quot;}\">\n\t\t\t<div class=\"elementor-widget-wrap\">\n\t\t\t\t\t\t\t<\/div>\n\t\t<\/div>\n\t\t\t\t\t<\/div>\n\t\t<\/section>\n\t\t\t\t<section class=\"elementor-section elementor-top-section elementor-element elementor-element-6603c78a elementor-reverse-mobile elementor-section-boxed elementor-section-height-default elementor-section-height-default\" data-id=\"6603c78a\" data-element_type=\"section\" data-e-type=\"section\">\n\t\t\t\t\t\t<div class=\"elementor-container elementor-column-gap-default\">\n\t\t\t\t\t<div class=\"elementor-column elementor-col-50 elementor-top-column elementor-element elementor-element-3a9bf4f5\" data-id=\"3a9bf4f5\" data-element_type=\"column\" data-e-type=\"column\">\n\t\t\t<div class=\"elementor-widget-wrap elementor-element-populated\">\n\t\t\t\t\t\t<div class=\"elementor-element elementor-element-1a5a9a52 elementor-widget elementor-widget-gallery\" data-id=\"1a5a9a52\" data-element_type=\"widget\" data-e-type=\"widget\" data-settings=\"{&quot;columns&quot;:1,&quot;columns_mobile&quot;:2,&quot;lazyload&quot;:&quot;yes&quot;,&quot;gallery_layout&quot;:&quot;grid&quot;,&quot;columns_tablet&quot;:2,&quot;gap&quot;:{&quot;unit&quot;:&quot;px&quot;,&quot;size&quot;:10,&quot;sizes&quot;:[]},&quot;gap_tablet&quot;:{&quot;unit&quot;:&quot;px&quot;,&quot;size&quot;:10,&quot;sizes&quot;:[]},&quot;gap_mobile&quot;:{&quot;unit&quot;:&quot;px&quot;,&quot;size&quot;:10,&quot;sizes&quot;:[]},&quot;link_to&quot;:&quot;file&quot;,&quot;aspect_ratio&quot;:&quot;3:2&quot;,&quot;overlay_background&quot;:&quot;yes&quot;,&quot;content_hover_animation&quot;:&quot;fade-in&quot;}\" data-widget_type=\"gallery.default\">\n\t\t\t\t<div class=\"elementor-widget-container\">\n\t\t\t\t\t\t\t<div class=\"elementor-gallery__container\">\n\t\t\t\t\t\t\t<a class=\"e-gallery-item elementor-gallery-item elementor-animated-content\" href=\"https:\/\/rendezvous-vda.it\/wp-content\/uploads\/2026\/02\/Daydreams_Grigory-Gluckmann.jpg\" data-elementor-open-lightbox=\"yes\" data-elementor-lightbox-slideshow=\"1a5a9a52\" data-elementor-lightbox-title=\"Daydreams_Grigory Gluckmann\" data-e-action-hash=\"#elementor-action%3Aaction%3Dlightbox%26settings%3DeyJpZCI6MTkwMDksInVybCI6Imh0dHBzOlwvXC9yZW5kZXp2b3VzLXZkYS5pdFwvd3AtY29udGVudFwvdXBsb2Fkc1wvMjAyNlwvMDJcL0RheWRyZWFtc19Hcmlnb3J5LUdsdWNrbWFubi5qcGciLCJzbGlkZXNob3ciOiIxYTVhOWE1MiJ9\">\n\t\t\t\t\t<div class=\"e-gallery-image elementor-gallery-item__image\" data-thumbnail=\"https:\/\/rendezvous-vda.it\/wp-content\/uploads\/2026\/02\/Daydreams_Grigory-Gluckmann.jpg\" data-width=\"670\" data-height=\"537\" aria-label=\"\" role=\"img\" ><\/div>\n\t\t\t\t\t\t\t\t\t\t\t<div class=\"elementor-gallery-item__overlay\"><\/div>\n\t\t\t\t\t\t\t\t\t\t\t\t\t\t<\/a>\n\t\t\t\t\t\t\t<a class=\"e-gallery-item elementor-gallery-item elementor-animated-content\" href=\"https:\/\/rendezvous-vda.it\/wp-content\/uploads\/2026\/02\/The-Great-expectations_Grigory-Gluckmann.jpg\" data-elementor-open-lightbox=\"yes\" data-elementor-lightbox-slideshow=\"1a5a9a52\" data-elementor-lightbox-title=\"The Great expectations_Grigory Gluckmann.\" data-e-action-hash=\"#elementor-action%3Aaction%3Dlightbox%26settings%3DeyJpZCI6MTkwMTEsInVybCI6Imh0dHBzOlwvXC9yZW5kZXp2b3VzLXZkYS5pdFwvd3AtY29udGVudFwvdXBsb2Fkc1wvMjAyNlwvMDJcL1RoZS1HcmVhdC1leHBlY3RhdGlvbnNfR3JpZ29yeS1HbHVja21hbm4uanBnIiwic2xpZGVzaG93IjoiMWE1YTlhNTIifQ%3D%3D\">\n\t\t\t\t\t<div class=\"e-gallery-image elementor-gallery-item__image\" data-thumbnail=\"https:\/\/rendezvous-vda.it\/wp-content\/uploads\/2026\/02\/The-Great-expectations_Grigory-Gluckmann.jpg\" data-width=\"620\" data-height=\"580\" aria-label=\"\" role=\"img\" ><\/div>\n\t\t\t\t\t\t\t\t\t\t\t<div class=\"elementor-gallery-item__overlay\"><\/div>\n\t\t\t\t\t\t\t\t\t\t\t\t\t\t<\/a>\n\t\t\t\t\t\t\t<a class=\"e-gallery-item elementor-gallery-item elementor-animated-content\" href=\"https:\/\/rendezvous-vda.it\/wp-content\/uploads\/2026\/02\/Composition.jpg\" data-elementor-open-lightbox=\"yes\" data-elementor-lightbox-slideshow=\"1a5a9a52\" data-elementor-lightbox-title=\"Composition\" data-e-action-hash=\"#elementor-action%3Aaction%3Dlightbox%26settings%3DeyJpZCI6MTkwMDYsInVybCI6Imh0dHBzOlwvXC9yZW5kZXp2b3VzLXZkYS5pdFwvd3AtY29udGVudFwvdXBsb2Fkc1wvMjAyNlwvMDJcL0NvbXBvc2l0aW9uLmpwZyIsInNsaWRlc2hvdyI6IjFhNWE5YTUyIn0%3D\">\n\t\t\t\t\t<div class=\"e-gallery-image elementor-gallery-item__image\" data-thumbnail=\"https:\/\/rendezvous-vda.it\/wp-content\/uploads\/2026\/02\/Composition.jpg\" data-width=\"676\" data-height=\"507\" aria-label=\"\" role=\"img\" ><\/div>\n\t\t\t\t\t\t\t\t\t\t\t<div class=\"elementor-gallery-item__overlay\"><\/div>\n\t\t\t\t\t\t\t\t\t\t\t\t\t\t<\/a>\n\t\t\t\t\t\t\t<a class=\"e-gallery-item elementor-gallery-item elementor-animated-content\" href=\"https:\/\/rendezvous-vda.it\/wp-content\/uploads\/2021\/07\/Museo-Archeologico-scaled-e1629105476858.jpg\" data-elementor-open-lightbox=\"yes\" data-elementor-lightbox-slideshow=\"1a5a9a52\" data-elementor-lightbox-title=\"Museo Archeologico\" data-e-action-hash=\"#elementor-action%3Aaction%3Dlightbox%26settings%3DeyJpZCI6MzQ3MiwidXJsIjoiaHR0cHM6XC9cL3JlbmRlenZvdXMtdmRhLml0XC93cC1jb250ZW50XC91cGxvYWRzXC8yMDIxXC8wN1wvTXVzZW8tQXJjaGVvbG9naWNvLXNjYWxlZC1lMTYyOTEwNTQ3Njg1OC5qcGciLCJzbGlkZXNob3ciOiIxYTVhOWE1MiJ9\">\n\t\t\t\t\t<div class=\"e-gallery-image elementor-gallery-item__image\" data-thumbnail=\"https:\/\/rendezvous-vda.it\/wp-content\/uploads\/2021\/07\/Museo-Archeologico-scaled-e1629105476858.jpg\" data-width=\"2560\" data-height=\"2355\" aria-label=\"\" role=\"img\" ><\/div>\n\t\t\t\t\t\t\t\t\t\t\t<div class=\"elementor-gallery-item__overlay\"><\/div>\n\t\t\t\t\t\t\t\t\t\t\t\t\t\t<\/a>\n\t\t\t\t\t<\/div>\n\t\t\t\t\t<\/div>\n\t\t\t\t<\/div>\n\t\t\t\t\t<\/div>\n\t\t<\/div>\n\t\t\t\t<div class=\"elementor-column elementor-col-50 elementor-top-column elementor-element elementor-element-77971f\" data-id=\"77971f\" data-element_type=\"column\" data-e-type=\"column\">\n\t\t\t<div class=\"elementor-widget-wrap elementor-element-populated\">\n\t\t\t\t\t\t<div class=\"elementor-element elementor-element-37534813 elementor-widget elementor-widget-heading\" data-id=\"37534813\" data-element_type=\"widget\" data-e-type=\"widget\" data-widget_type=\"heading.default\">\n\t\t\t\t<div class=\"elementor-widget-container\">\n\t\t\t\t\t<h2 class=\"elementor-heading-title elementor-size-default\">\u00e0 aoste l'exposition Grigory Gluckmann. Entre lumi\u00e8re et gr\u00e2ce<\/h2>\t\t\t\t<\/div>\n\t\t\t\t<\/div>\n\t\t\t\t<div class=\"elementor-element elementor-element-379ff52d elementor-widget__width-auto elementor-widget elementor-widget-post-info\" data-id=\"379ff52d\" data-element_type=\"widget\" data-e-type=\"widget\" data-widget_type=\"post-info.default\">\n\t\t\t\t<div class=\"elementor-widget-container\">\n\t\t\t\t\t\t\t<ul class=\"elementor-inline-items elementor-icon-list-items elementor-post-info\">\n\t\t\t\t\t\t\t\t<li class=\"elementor-icon-list-item elementor-repeater-item-9ddff1b elementor-inline-item\" itemprop=\"about\">\n\t\t\t\t\t\t\t\t\t\t\t\t\t<span class=\"elementor-icon-list-text elementor-post-info__item elementor-post-info__item--type-terms\">\n\t\t\t\t\t\t\t\t\t\t<span class=\"elementor-post-info__terms-list\">\n\t\t\t\t<a href=\"https:\/\/rendezvous-vda.it\/fr\/category\/news-fr\/arts-et-culture\/\" class=\"elementor-post-info__terms-list-item\">Arts et culture<\/a>\t\t\t\t<\/span>\n\t\t\t\t\t<\/span>\n\t\t\t\t\t\t\t\t<\/li>\n\t\t\t\t<\/ul>\n\t\t\t\t\t\t<\/div>\n\t\t\t\t<\/div>\n\t\t\t\t<div class=\"elementor-element elementor-element-4491d9d7 elementor-widget__width-auto elementor-widget elementor-widget-post-info\" data-id=\"4491d9d7\" data-element_type=\"widget\" data-e-type=\"widget\" data-widget_type=\"post-info.default\">\n\t\t\t\t<div class=\"elementor-widget-container\">\n\t\t\t\t\t\t\t<ul class=\"elementor-inline-items elementor-icon-list-items elementor-post-info\">\n\t\t\t\t\t\t\t\t<li class=\"elementor-icon-list-item elementor-repeater-item-39eb51a elementor-inline-item\" itemprop=\"datePublished\">\n\t\t\t\t\t\t\t\t\t\t<span class=\"elementor-icon-list-icon\">\n\t\t\t\t\t\t\t\t<i aria-hidden=\"true\" class=\"fas fa-calendar\"><\/i>\t\t\t\t\t\t\t<\/span>\n\t\t\t\t\t\t\t\t\t<span class=\"elementor-icon-list-text elementor-post-info__item elementor-post-info__item--type-date\">\n\t\t\t\t\t\t\t\t\t\t<time>13\/03\/2026<\/time>\t\t\t\t\t<\/span>\n\t\t\t\t\t\t\t\t<\/li>\n\t\t\t\t<li class=\"elementor-icon-list-item elementor-repeater-item-98ad935 elementor-inline-item\" itemprop=\"author\">\n\t\t\t\t\t\t\t\t\t\t\t\t\t<span class=\"elementor-icon-list-text elementor-post-info__item elementor-post-info__item--type-author\">\n\t\t\t\t\t\t\t<span class=\"elementor-post-info__item-prefix\">di<\/span>\n\t\t\t\t\t\t\t\t\t\tChristel Tillier\t\t\t\t\t<\/span>\n\t\t\t\t\t\t\t\t<\/li>\n\t\t\t\t<\/ul>\n\t\t\t\t\t\t<\/div>\n\t\t\t\t<\/div>\n\t\t\t\t<div class=\"elementor-element elementor-element-52684c68 elementor-widget elementor-widget-heading\" data-id=\"52684c68\" data-element_type=\"widget\" data-e-type=\"widget\" data-widget_type=\"heading.default\">\n\t\t\t\t<div class=\"elementor-widget-container\">\n\t\t\t\t\t<h2 class=\"elementor-heading-title elementor-size-default\">Du 28 f\u00e9vrier au 2 juin 2026, le Mus\u00e9e Arch\u00e9ologique R\u00e9gional d'Aoste <\/h2>\t\t\t\t<\/div>\n\t\t\t\t<\/div>\n\t\t\t\t<div class=\"elementor-element elementor-element-66928ec7 elementor-widget elementor-widget-text-editor\" data-id=\"66928ec7\" data-element_type=\"widget\" data-e-type=\"widget\" data-widget_type=\"text-editor.default\">\n\t\t\t\t<div class=\"elementor-widget-container\">\n\t\t\t\t\t\t\t\t\t<p>Du 28 f\u00e9vrier au 2 juin 2026, le Mus\u00e9e Arch\u00e9ologique R\u00e9gional d&rsquo;Aoste accueille <em>Grigory Gluckmann. Entre lumi\u00e8re et gr\u00e2ce<\/em>, premi\u00e8re exposition anthologique en Italie d\u00e9di\u00e9e au peintre am\u00e9ricain d&rsquo;origine bi\u00e9lorusse (1898-1973). Con\u00e7ue par <strong>Valeria Gorbova<\/strong> et <strong>Daria Jorioz<\/strong>, l&rsquo;exposition rassemble une s\u00e9lection de <strong>35 peintures<\/strong> et s&rsquo;inscrit dans le parcours d&rsquo;approfondissement sur l&rsquo;art entre XIXe et XXe si\u00e8cles promu ces derni\u00e8res ann\u00e9es par le lieu d&rsquo;exposition r\u00e9gional.<\/p><p>Le parcours de l&rsquo;exposition vise \u00e0 restituer la physionomie d&rsquo;un artiste difficilement classifiable, capable d&rsquo;entrem\u00ealer le modernisme fran\u00e7ais avec l&rsquo;h\u00e9ritage de la Renaissance italienne. Sa biographie \u2013 marqu\u00e9e par des d\u00e9placements entre l&rsquo;Europe (Allemagne, Italie, France) et les \u00c9tats-Unis \u2013 refl\u00e8te l&rsquo;histoire plus vaste de l&rsquo;exil artistique et de la migration culturelle du XXe si\u00e8cle; mais c&rsquo;est surtout dans la peinture que l&rsquo;on saisit le chiffre original de son travail: une figuration qui offre une vision intime du monde loin des effets spectaculaires.<\/p><p>Le parcours s&rsquo;articule en <strong>cinq sections th\u00e9matiques<\/strong> (Caf\u00e9s et int\u00e9rieurs, Enfance, La danse, L&rsquo;\u00e9cho du classique et Fragments de vie), qui permettent de traverser les noyaux centraux de sa recherche. Dans les sc\u00e8nes de ballet, parmi les sujets de pr\u00e9dilection de Gluckmann, \u00e9merge un dialogue id\u00e9al avec Edgar Degas, surtout dans l&rsquo;attention port\u00e9e aux moments d&rsquo;attente et \u00e0 la dimension psychologique des figures, \u00e0 leurs fragilit\u00e9s int\u00e9rieures. En sont un exemple les \u0153uvres pr\u00e9sentes dans l&rsquo;exposition \u00abGrandes attentes\u00bb, \u00abR\u00eaves de demain\u00bb et \u00abPremi\u00e8re apparition\u00bb.<\/p><p>Dans les nus f\u00e9minins, en revanche, l&rsquo;artiste regarde vers les anciens ma\u00eetres, r\u00e9cup\u00e9rant la technique de l&rsquo;huile sur bois, choix rare au XXe si\u00e8cle mais qui, \u00e0 partir de la p\u00e9riode florentine, caract\u00e9risa toute sa carri\u00e8re. Les surfaces pr\u00e9cieuses et \u00e9maill\u00e9es, construites par superpositions successives, t\u00e9moignent d&rsquo;une volont\u00e9 de continuit\u00e9 avec la tradition mais qui se traduit par une r\u00e9\u00e9laboration personnelle, comme on le voit dans l&rsquo;\u0153uvre de la maturit\u00e9 \u00abComposition\u00bb.<\/p><p>Comme l&rsquo;observe la curatrice Daria Jorioz, l&rsquo;artiste semble osciller entre la contemplation de l&rsquo;Antique et un regard pleinement novecentesque, capable d&rsquo;\u00e9voquer, par sensibilit\u00e9, m\u00eame des suggestions proches d&rsquo;Henri de Toulouse-Lautrec.<\/p><p>L&rsquo;exposition d&rsquo;Aoste ne na\u00eet pas seulement de la volont\u00e9 de red\u00e9couverte d&rsquo;un artiste qui occupe une place unique dans l&rsquo;art du XXe si\u00e8cle, mais veut \u00eatre une r\u00e9flexion sur le pluralisme des exp\u00e9riences artistiques du XXe si\u00e8cle: migrations culturelles, synth\u00e8ses stylistiques et recherche d&rsquo;harmonie dans une \u00e9poque marqu\u00e9e par des fractures historiques. Une occasion unique pour relire, \u00e0 travers un auteur encore peu connu du public italien, dont les \u0153uvres sont conserv\u00e9es dans des collections publiques et priv\u00e9es en Europe et aux \u00c9tats-Unis, la complexit\u00e9 de la peinture figurative moderne.<\/p>\t\t\t\t\t\t\t\t<\/div>\n\t\t\t\t<\/div>\n\t\t\t\t<div class=\"elementor-element elementor-element-6c6c1cac elementor-widget elementor-widget-heading\" data-id=\"6c6c1cac\" data-element_type=\"widget\" data-e-type=\"widget\" data-widget_type=\"heading.default\">\n\t\t\t\t<div class=\"elementor-widget-container\">\n\t\t\t\t\t<h2 class=\"elementor-heading-title elementor-size-default\">informations au public<\/h2>\t\t\t\t<\/div>\n\t\t\t\t<\/div>\n\t\t\t\t<div class=\"elementor-element elementor-element-1cd43bc7 elementor-widget elementor-widget-text-editor\" data-id=\"1cd43bc7\" data-element_type=\"widget\" data-e-type=\"widget\" data-widget_type=\"text-editor.default\">\n\t\t\t\t<div class=\"elementor-widget-container\">\n\t\t\t\t\t\t\t\t\t<p>L&rsquo;exposition est accompagn\u00e9e d&rsquo;un catalogue bilingue en double version italien-fran\u00e7ais et italien-anglais, \u00e9dit\u00e9 par Mandragora, avec des textes de Valeria Gorbova, Daria Jorioz et Marty Wolpert, disponible \u00e0 l&rsquo;achat lors de l&rsquo;exposition au prix de 32 \u20ac.<\/p><p><strong>Billets<\/strong>: plein tarif 8 \u20ac, tarif r\u00e9duit 6 \u20ac.<\/p><p>L&rsquo;exposition est int\u00e9gr\u00e9e au circuit Abbonamento Musei.<\/p><p>Mus\u00e9e Arch\u00e9ologique R\u00e9gional Place Roncas 12 &#8211; 11100 Aoste\u00a0 (IT)<\/p><p>T\u00e9l. +390165275902<\/p><p><strong>Horaires d&rsquo;ouverture<\/strong>: 10h-13h et 14h-18h. Ferm\u00e9 le lundi.<\/p><p>T\u00e9l. +390165275937<\/p><p><em>Source: R\u00e9gion autonome Vall\u00e9e d&rsquo;Aoste &#8211; Assessorat \u00e0 l&rsquo;Instruction, \u00e0 la Culture et aux Politiques identitaires &#8211; Structure Activit\u00e9s d&rsquo;exposition et promotion de l&rsquo;identit\u00e9 culturelle<\/em><\/p>\t\t\t\t\t\t\t\t<\/div>\n\t\t\t\t<\/div>\n\t\t\t\t<div class=\"elementor-element elementor-element-344df81 elementor-share-buttons--view-icon elementor-share-buttons--skin-gradient elementor-share-buttons--shape-square elementor-grid-0 elementor-share-buttons--color-official elementor-widget elementor-widget-global elementor-global-1711 elementor-widget-share-buttons\" data-id=\"344df81\" data-element_type=\"widget\" data-e-type=\"widget\" data-widget_type=\"share-buttons.default\">\n\t\t\t\t<div class=\"elementor-widget-container\">\n\t\t\t\t\t\t\t<div class=\"elementor-grid\" role=\"list\">\n\t\t\t\t\t\t\t\t<div class=\"elementor-grid-item\" role=\"listitem\">\n\t\t\t\t\t\t<div class=\"elementor-share-btn elementor-share-btn_facebook\" role=\"button\" tabindex=\"0\" aria-label=\"Partager sur facebook\">\n\t\t\t\t\t\t\t\t\t\t\t\t\t\t\t<span class=\"elementor-share-btn__icon\">\n\t\t\t\t\t\t\t\t<i class=\"fab fa-facebook\" aria-hidden=\"true\"><\/i>\t\t\t\t\t\t\t<\/span>\n\t\t\t\t\t\t\t\t\t\t\t\t\t\t\t\t\t\t\t\t<\/div>\n\t\t\t\t\t<\/div>\n\t\t\t\t\t\t\t\t\t<div class=\"elementor-grid-item\" role=\"listitem\">\n\t\t\t\t\t\t<div class=\"elementor-share-btn elementor-share-btn_twitter\" role=\"button\" tabindex=\"0\" aria-label=\"Partager sur twitter\">\n\t\t\t\t\t\t\t\t\t\t\t\t\t\t\t<span class=\"elementor-share-btn__icon\">\n\t\t\t\t\t\t\t\t<i class=\"fab fa-twitter\" aria-hidden=\"true\"><\/i>\t\t\t\t\t\t\t<\/span>\n\t\t\t\t\t\t\t\t\t\t\t\t\t\t\t\t\t\t\t\t<\/div>\n\t\t\t\t\t<\/div>\n\t\t\t\t\t\t\t\t\t<div class=\"elementor-grid-item\" role=\"listitem\">\n\t\t\t\t\t\t<div class=\"elementor-share-btn elementor-share-btn_linkedin\" role=\"button\" tabindex=\"0\" aria-label=\"Partager sur linkedin\">\n\t\t\t\t\t\t\t\t\t\t\t\t\t\t\t<span class=\"elementor-share-btn__icon\">\n\t\t\t\t\t\t\t\t<i class=\"fab fa-linkedin\" aria-hidden=\"true\"><\/i>\t\t\t\t\t\t\t<\/span>\n\t\t\t\t\t\t\t\t\t\t\t\t\t\t\t\t\t\t\t\t<\/div>\n\t\t\t\t\t<\/div>\n\t\t\t\t\t\t\t\t\t<div class=\"elementor-grid-item\" role=\"listitem\">\n\t\t\t\t\t\t<div class=\"elementor-share-btn elementor-share-btn_email\" role=\"button\" tabindex=\"0\" aria-label=\"Partager sur email\">\n\t\t\t\t\t\t\t\t\t\t\t\t\t\t\t<span class=\"elementor-share-btn__icon\">\n\t\t\t\t\t\t\t\t<i class=\"fas fa-envelope\" aria-hidden=\"true\"><\/i>\t\t\t\t\t\t\t<\/span>\n\t\t\t\t\t\t\t\t\t\t\t\t\t\t\t\t\t\t\t\t<\/div>\n\t\t\t\t\t<\/div>\n\t\t\t\t\t\t\t\t\t<div class=\"elementor-grid-item\" role=\"listitem\">\n\t\t\t\t\t\t<div class=\"elementor-share-btn elementor-share-btn_whatsapp\" role=\"button\" tabindex=\"0\" aria-label=\"Partager sur whatsapp\">\n\t\t\t\t\t\t\t\t\t\t\t\t\t\t\t<span class=\"elementor-share-btn__icon\">\n\t\t\t\t\t\t\t\t<i class=\"fab fa-whatsapp\" aria-hidden=\"true\"><\/i>\t\t\t\t\t\t\t<\/span>\n\t\t\t\t\t\t\t\t\t\t\t\t\t\t\t\t\t\t\t\t<\/div>\n\t\t\t\t\t<\/div>\n\t\t\t\t\t\t<\/div>\n\t\t\t\t\t\t<\/div>\n\t\t\t\t<\/div>\n\t\t\t\t\t<\/div>\n\t\t<\/div>\n\t\t\t\t\t<\/div>\n\t\t<\/section>\n\t\t\t\t<\/div>\n\t\t","protected":false},"excerpt":{"rendered":"<p>Du 28 f\u00e9vrier au 2 juin 2026, le Mus\u00e9e Arch\u00e9ologique R\u00e9gional d&rsquo;Aoste accueille Grigory Gluckmann. Entre lumi\u00e8re et gr\u00e2ce&#8230;<\/p>\n","protected":false},"author":4,"featured_media":19006,"comment_status":"closed","ping_status":"closed","sticky":false,"template":"elementor_header_footer","format":"standard","meta":{"footnotes":""},"categories":[52],"tags":[],"class_list":["post-19195","post","type-post","status-publish","format-standard","has-post-thumbnail","hentry","category-arts-et-culture"],"yoast_head":"<!-- This site is optimized with the Yoast SEO plugin v27.4 - https:\/\/yoast.com\/product\/yoast-seo-wordpress\/ -->\n<title>Grigory Gluckmann. Entre lumi\u00e8re et gr\u00e2ce. - Rendez Vous en Vall\u00e9e d Aoste<\/title>\n<meta name=\"description\" content=\"Du 28 f\u00e9vrier au 2 juin 2026, le Mus\u00e9e Arch\u00e9ologique R\u00e9gional d&#039;Aoste accueille Grigory Gluckmann. Entre lumi\u00e8re et gr\u00e2ce...\" \/>\n<meta name=\"robots\" content=\"index, follow, max-snippet:-1, max-image-preview:large, max-video-preview:-1\" \/>\n<link rel=\"canonical\" href=\"https:\/\/rendezvous-vda.it\/fr\/grigory-gluckmann-entre-lumiere-et-grace\/\" \/>\n<meta property=\"og:locale\" content=\"fr_FR\" \/>\n<meta property=\"og:type\" content=\"article\" \/>\n<meta property=\"og:title\" content=\"Grigory Gluckmann. Entre lumi\u00e8re et gr\u00e2ce. - Rendez Vous en Vall\u00e9e d Aoste\" \/>\n<meta property=\"og:description\" content=\"Du 28 f\u00e9vrier au 2 juin 2026, le Mus\u00e9e Arch\u00e9ologique R\u00e9gional d&#039;Aoste accueille Grigory Gluckmann. Entre lumi\u00e8re et gr\u00e2ce...\" \/>\n<meta property=\"og:url\" content=\"https:\/\/rendezvous-vda.it\/fr\/grigory-gluckmann-entre-lumiere-et-grace\/\" \/>\n<meta property=\"og:site_name\" content=\"Rendez Vous en Vall\u00e9e d Aoste\" \/>\n<meta property=\"article:published_time\" content=\"2026-03-13T16:50:49+00:00\" \/>\n<meta property=\"article:modified_time\" content=\"2026-03-13T16:54:59+00:00\" \/>\n<meta property=\"og:image\" content=\"https:\/\/rendezvous-vda.it\/wp-content\/uploads\/2026\/02\/Composition.jpg\" \/>\n\t<meta property=\"og:image:width\" content=\"676\" \/>\n\t<meta property=\"og:image:height\" content=\"507\" \/>\n\t<meta property=\"og:image:type\" content=\"image\/jpeg\" \/>\n<meta name=\"author\" content=\"Christel Tillier\" \/>\n<meta name=\"twitter:card\" content=\"summary_large_image\" \/>\n<meta name=\"twitter:label1\" content=\"\u00c9crit par\" \/>\n\t<meta name=\"twitter:data1\" content=\"Christel Tillier\" \/>\n\t<meta name=\"twitter:label2\" content=\"Dur\u00e9e de lecture estim\u00e9e\" \/>\n\t<meta name=\"twitter:data2\" content=\"3 minutes\" \/>\n<script type=\"application\/ld+json\" class=\"yoast-schema-graph\">{\"@context\":\"https:\\\/\\\/schema.org\",\"@graph\":[{\"@type\":\"Article\",\"@id\":\"https:\\\/\\\/rendezvous-vda.it\\\/fr\\\/grigory-gluckmann-entre-lumiere-et-grace\\\/#article\",\"isPartOf\":{\"@id\":\"https:\\\/\\\/rendezvous-vda.it\\\/fr\\\/grigory-gluckmann-entre-lumiere-et-grace\\\/\"},\"author\":{\"name\":\"Christel Tillier\",\"@id\":\"https:\\\/\\\/rendezvous-vda.it\\\/#\\\/schema\\\/person\\\/1172ea72e2906ecf2b0a3e84c87fcd92\"},\"headline\":\"Grigory Gluckmann. Entre lumi\u00e8re et gr\u00e2ce.\",\"datePublished\":\"2026-03-13T16:50:49+00:00\",\"dateModified\":\"2026-03-13T16:54:59+00:00\",\"mainEntityOfPage\":{\"@id\":\"https:\\\/\\\/rendezvous-vda.it\\\/fr\\\/grigory-gluckmann-entre-lumiere-et-grace\\\/\"},\"wordCount\":656,\"publisher\":{\"@id\":\"https:\\\/\\\/rendezvous-vda.it\\\/#organization\"},\"image\":{\"@id\":\"https:\\\/\\\/rendezvous-vda.it\\\/fr\\\/grigory-gluckmann-entre-lumiere-et-grace\\\/#primaryimage\"},\"thumbnailUrl\":\"https:\\\/\\\/rendezvous-vda.it\\\/wp-content\\\/uploads\\\/2026\\\/02\\\/Composition.jpg\",\"articleSection\":[\"Arts et culture\"],\"inLanguage\":\"fr-FR\"},{\"@type\":\"WebPage\",\"@id\":\"https:\\\/\\\/rendezvous-vda.it\\\/fr\\\/grigory-gluckmann-entre-lumiere-et-grace\\\/\",\"url\":\"https:\\\/\\\/rendezvous-vda.it\\\/fr\\\/grigory-gluckmann-entre-lumiere-et-grace\\\/\",\"name\":\"Grigory Gluckmann. Entre lumi\u00e8re et gr\u00e2ce. - Rendez Vous en Vall\u00e9e d Aoste\",\"isPartOf\":{\"@id\":\"https:\\\/\\\/rendezvous-vda.it\\\/#website\"},\"primaryImageOfPage\":{\"@id\":\"https:\\\/\\\/rendezvous-vda.it\\\/fr\\\/grigory-gluckmann-entre-lumiere-et-grace\\\/#primaryimage\"},\"image\":{\"@id\":\"https:\\\/\\\/rendezvous-vda.it\\\/fr\\\/grigory-gluckmann-entre-lumiere-et-grace\\\/#primaryimage\"},\"thumbnailUrl\":\"https:\\\/\\\/rendezvous-vda.it\\\/wp-content\\\/uploads\\\/2026\\\/02\\\/Composition.jpg\",\"datePublished\":\"2026-03-13T16:50:49+00:00\",\"dateModified\":\"2026-03-13T16:54:59+00:00\",\"description\":\"Du 28 f\u00e9vrier au 2 juin 2026, le Mus\u00e9e Arch\u00e9ologique R\u00e9gional d'Aoste accueille Grigory Gluckmann. Entre lumi\u00e8re et gr\u00e2ce...\",\"breadcrumb\":{\"@id\":\"https:\\\/\\\/rendezvous-vda.it\\\/fr\\\/grigory-gluckmann-entre-lumiere-et-grace\\\/#breadcrumb\"},\"inLanguage\":\"fr-FR\",\"potentialAction\":[{\"@type\":\"ReadAction\",\"target\":[\"https:\\\/\\\/rendezvous-vda.it\\\/fr\\\/grigory-gluckmann-entre-lumiere-et-grace\\\/\"]}]},{\"@type\":\"ImageObject\",\"inLanguage\":\"fr-FR\",\"@id\":\"https:\\\/\\\/rendezvous-vda.it\\\/fr\\\/grigory-gluckmann-entre-lumiere-et-grace\\\/#primaryimage\",\"url\":\"https:\\\/\\\/rendezvous-vda.it\\\/wp-content\\\/uploads\\\/2026\\\/02\\\/Composition.jpg\",\"contentUrl\":\"https:\\\/\\\/rendezvous-vda.it\\\/wp-content\\\/uploads\\\/2026\\\/02\\\/Composition.jpg\",\"width\":676,\"height\":507},{\"@type\":\"BreadcrumbList\",\"@id\":\"https:\\\/\\\/rendezvous-vda.it\\\/fr\\\/grigory-gluckmann-entre-lumiere-et-grace\\\/#breadcrumb\",\"itemListElement\":[{\"@type\":\"ListItem\",\"position\":1,\"name\":\"Home\",\"item\":\"https:\\\/\\\/rendezvous-vda.it\\\/fr\\\/\"},{\"@type\":\"ListItem\",\"position\":2,\"name\":\"Grigory Gluckmann. Entre lumi\u00e8re et gr\u00e2ce.\"}]},{\"@type\":\"WebSite\",\"@id\":\"https:\\\/\\\/rendezvous-vda.it\\\/#website\",\"url\":\"https:\\\/\\\/rendezvous-vda.it\\\/\",\"name\":\"Rendez Vous en Vall\u00e9e d Aoste\",\"description\":\"Arte, Cultura, Sport, Tradizioni, Enogastronomia, Tempo libero...\",\"publisher\":{\"@id\":\"https:\\\/\\\/rendezvous-vda.it\\\/#organization\"},\"potentialAction\":[{\"@type\":\"SearchAction\",\"target\":{\"@type\":\"EntryPoint\",\"urlTemplate\":\"https:\\\/\\\/rendezvous-vda.it\\\/?s={search_term_string}\"},\"query-input\":{\"@type\":\"PropertyValueSpecification\",\"valueRequired\":true,\"valueName\":\"search_term_string\"}}],\"inLanguage\":\"fr-FR\"},{\"@type\":\"Organization\",\"@id\":\"https:\\\/\\\/rendezvous-vda.it\\\/#organization\",\"name\":\"Rendez Vous en Vall\u00e9e d Aoste\",\"url\":\"https:\\\/\\\/rendezvous-vda.it\\\/\",\"logo\":{\"@type\":\"ImageObject\",\"inLanguage\":\"fr-FR\",\"@id\":\"https:\\\/\\\/rendezvous-vda.it\\\/#\\\/schema\\\/logo\\\/image\\\/\",\"url\":\"https:\\\/\\\/rendezvous-vda.it\\\/wp-content\\\/uploads\\\/2021\\\/05\\\/R.V_ITA-450.png\",\"contentUrl\":\"https:\\\/\\\/rendezvous-vda.it\\\/wp-content\\\/uploads\\\/2021\\\/05\\\/R.V_ITA-450.png\",\"width\":450,\"height\":83,\"caption\":\"Rendez Vous en Vall\u00e9e d Aoste\"},\"image\":{\"@id\":\"https:\\\/\\\/rendezvous-vda.it\\\/#\\\/schema\\\/logo\\\/image\\\/\"}},{\"@type\":\"Person\",\"@id\":\"https:\\\/\\\/rendezvous-vda.it\\\/#\\\/schema\\\/person\\\/1172ea72e2906ecf2b0a3e84c87fcd92\",\"name\":\"Christel Tillier\",\"image\":{\"@type\":\"ImageObject\",\"inLanguage\":\"fr-FR\",\"@id\":\"https:\\\/\\\/secure.gravatar.com\\\/avatar\\\/129b5ebbda82bf7f19659fcfbf3d36e958ab3f25d07ab2354bcd402b8a09bb83?s=96&d=mm&r=g\",\"url\":\"https:\\\/\\\/secure.gravatar.com\\\/avatar\\\/129b5ebbda82bf7f19659fcfbf3d36e958ab3f25d07ab2354bcd402b8a09bb83?s=96&d=mm&r=g\",\"contentUrl\":\"https:\\\/\\\/secure.gravatar.com\\\/avatar\\\/129b5ebbda82bf7f19659fcfbf3d36e958ab3f25d07ab2354bcd402b8a09bb83?s=96&d=mm&r=g\",\"caption\":\"Christel Tillier\"},\"url\":\"https:\\\/\\\/rendezvous-vda.it\\\/fr\\\/author\\\/christel\\\/\"}]}<\/script>\n<!-- \/ Yoast SEO plugin. -->","yoast_head_json":{"title":"Grigory Gluckmann. Entre lumi\u00e8re et gr\u00e2ce. - Rendez Vous en Vall\u00e9e d Aoste","description":"Du 28 f\u00e9vrier au 2 juin 2026, le Mus\u00e9e Arch\u00e9ologique R\u00e9gional d'Aoste accueille Grigory Gluckmann. Entre lumi\u00e8re et gr\u00e2ce...","robots":{"index":"index","follow":"follow","max-snippet":"max-snippet:-1","max-image-preview":"max-image-preview:large","max-video-preview":"max-video-preview:-1"},"canonical":"https:\/\/rendezvous-vda.it\/fr\/grigory-gluckmann-entre-lumiere-et-grace\/","og_locale":"fr_FR","og_type":"article","og_title":"Grigory Gluckmann. Entre lumi\u00e8re et gr\u00e2ce. - Rendez Vous en Vall\u00e9e d Aoste","og_description":"Du 28 f\u00e9vrier au 2 juin 2026, le Mus\u00e9e Arch\u00e9ologique R\u00e9gional d'Aoste accueille Grigory Gluckmann. Entre lumi\u00e8re et gr\u00e2ce...","og_url":"https:\/\/rendezvous-vda.it\/fr\/grigory-gluckmann-entre-lumiere-et-grace\/","og_site_name":"Rendez Vous en Vall\u00e9e d Aoste","article_published_time":"2026-03-13T16:50:49+00:00","article_modified_time":"2026-03-13T16:54:59+00:00","og_image":[{"width":676,"height":507,"url":"https:\/\/rendezvous-vda.it\/wp-content\/uploads\/2026\/02\/Composition.jpg","type":"image\/jpeg"}],"author":"Christel Tillier","twitter_card":"summary_large_image","twitter_misc":{"\u00c9crit par":"Christel Tillier","Dur\u00e9e de lecture estim\u00e9e":"3 minutes"},"schema":{"@context":"https:\/\/schema.org","@graph":[{"@type":"Article","@id":"https:\/\/rendezvous-vda.it\/fr\/grigory-gluckmann-entre-lumiere-et-grace\/#article","isPartOf":{"@id":"https:\/\/rendezvous-vda.it\/fr\/grigory-gluckmann-entre-lumiere-et-grace\/"},"author":{"name":"Christel Tillier","@id":"https:\/\/rendezvous-vda.it\/#\/schema\/person\/1172ea72e2906ecf2b0a3e84c87fcd92"},"headline":"Grigory Gluckmann. Entre lumi\u00e8re et gr\u00e2ce.","datePublished":"2026-03-13T16:50:49+00:00","dateModified":"2026-03-13T16:54:59+00:00","mainEntityOfPage":{"@id":"https:\/\/rendezvous-vda.it\/fr\/grigory-gluckmann-entre-lumiere-et-grace\/"},"wordCount":656,"publisher":{"@id":"https:\/\/rendezvous-vda.it\/#organization"},"image":{"@id":"https:\/\/rendezvous-vda.it\/fr\/grigory-gluckmann-entre-lumiere-et-grace\/#primaryimage"},"thumbnailUrl":"https:\/\/rendezvous-vda.it\/wp-content\/uploads\/2026\/02\/Composition.jpg","articleSection":["Arts et culture"],"inLanguage":"fr-FR"},{"@type":"WebPage","@id":"https:\/\/rendezvous-vda.it\/fr\/grigory-gluckmann-entre-lumiere-et-grace\/","url":"https:\/\/rendezvous-vda.it\/fr\/grigory-gluckmann-entre-lumiere-et-grace\/","name":"Grigory Gluckmann. Entre lumi\u00e8re et gr\u00e2ce. - Rendez Vous en Vall\u00e9e d Aoste","isPartOf":{"@id":"https:\/\/rendezvous-vda.it\/#website"},"primaryImageOfPage":{"@id":"https:\/\/rendezvous-vda.it\/fr\/grigory-gluckmann-entre-lumiere-et-grace\/#primaryimage"},"image":{"@id":"https:\/\/rendezvous-vda.it\/fr\/grigory-gluckmann-entre-lumiere-et-grace\/#primaryimage"},"thumbnailUrl":"https:\/\/rendezvous-vda.it\/wp-content\/uploads\/2026\/02\/Composition.jpg","datePublished":"2026-03-13T16:50:49+00:00","dateModified":"2026-03-13T16:54:59+00:00","description":"Du 28 f\u00e9vrier au 2 juin 2026, le Mus\u00e9e Arch\u00e9ologique R\u00e9gional d'Aoste accueille Grigory Gluckmann. Entre lumi\u00e8re et gr\u00e2ce...","breadcrumb":{"@id":"https:\/\/rendezvous-vda.it\/fr\/grigory-gluckmann-entre-lumiere-et-grace\/#breadcrumb"},"inLanguage":"fr-FR","potentialAction":[{"@type":"ReadAction","target":["https:\/\/rendezvous-vda.it\/fr\/grigory-gluckmann-entre-lumiere-et-grace\/"]}]},{"@type":"ImageObject","inLanguage":"fr-FR","@id":"https:\/\/rendezvous-vda.it\/fr\/grigory-gluckmann-entre-lumiere-et-grace\/#primaryimage","url":"https:\/\/rendezvous-vda.it\/wp-content\/uploads\/2026\/02\/Composition.jpg","contentUrl":"https:\/\/rendezvous-vda.it\/wp-content\/uploads\/2026\/02\/Composition.jpg","width":676,"height":507},{"@type":"BreadcrumbList","@id":"https:\/\/rendezvous-vda.it\/fr\/grigory-gluckmann-entre-lumiere-et-grace\/#breadcrumb","itemListElement":[{"@type":"ListItem","position":1,"name":"Home","item":"https:\/\/rendezvous-vda.it\/fr\/"},{"@type":"ListItem","position":2,"name":"Grigory Gluckmann. Entre lumi\u00e8re et gr\u00e2ce."}]},{"@type":"WebSite","@id":"https:\/\/rendezvous-vda.it\/#website","url":"https:\/\/rendezvous-vda.it\/","name":"Rendez Vous en Vall\u00e9e d Aoste","description":"Arte, Cultura, Sport, Tradizioni, Enogastronomia, Tempo libero...","publisher":{"@id":"https:\/\/rendezvous-vda.it\/#organization"},"potentialAction":[{"@type":"SearchAction","target":{"@type":"EntryPoint","urlTemplate":"https:\/\/rendezvous-vda.it\/?s={search_term_string}"},"query-input":{"@type":"PropertyValueSpecification","valueRequired":true,"valueName":"search_term_string"}}],"inLanguage":"fr-FR"},{"@type":"Organization","@id":"https:\/\/rendezvous-vda.it\/#organization","name":"Rendez Vous en Vall\u00e9e d Aoste","url":"https:\/\/rendezvous-vda.it\/","logo":{"@type":"ImageObject","inLanguage":"fr-FR","@id":"https:\/\/rendezvous-vda.it\/#\/schema\/logo\/image\/","url":"https:\/\/rendezvous-vda.it\/wp-content\/uploads\/2021\/05\/R.V_ITA-450.png","contentUrl":"https:\/\/rendezvous-vda.it\/wp-content\/uploads\/2021\/05\/R.V_ITA-450.png","width":450,"height":83,"caption":"Rendez Vous en Vall\u00e9e d Aoste"},"image":{"@id":"https:\/\/rendezvous-vda.it\/#\/schema\/logo\/image\/"}},{"@type":"Person","@id":"https:\/\/rendezvous-vda.it\/#\/schema\/person\/1172ea72e2906ecf2b0a3e84c87fcd92","name":"Christel Tillier","image":{"@type":"ImageObject","inLanguage":"fr-FR","@id":"https:\/\/secure.gravatar.com\/avatar\/129b5ebbda82bf7f19659fcfbf3d36e958ab3f25d07ab2354bcd402b8a09bb83?s=96&d=mm&r=g","url":"https:\/\/secure.gravatar.com\/avatar\/129b5ebbda82bf7f19659fcfbf3d36e958ab3f25d07ab2354bcd402b8a09bb83?s=96&d=mm&r=g","contentUrl":"https:\/\/secure.gravatar.com\/avatar\/129b5ebbda82bf7f19659fcfbf3d36e958ab3f25d07ab2354bcd402b8a09bb83?s=96&d=mm&r=g","caption":"Christel Tillier"},"url":"https:\/\/rendezvous-vda.it\/fr\/author\/christel\/"}]}},"_links":{"self":[{"href":"https:\/\/rendezvous-vda.it\/fr\/wp-json\/wp\/v2\/posts\/19195","targetHints":{"allow":["GET"]}}],"collection":[{"href":"https:\/\/rendezvous-vda.it\/fr\/wp-json\/wp\/v2\/posts"}],"about":[{"href":"https:\/\/rendezvous-vda.it\/fr\/wp-json\/wp\/v2\/types\/post"}],"author":[{"embeddable":true,"href":"https:\/\/rendezvous-vda.it\/fr\/wp-json\/wp\/v2\/users\/4"}],"replies":[{"embeddable":true,"href":"https:\/\/rendezvous-vda.it\/fr\/wp-json\/wp\/v2\/comments?post=19195"}],"version-history":[{"count":10,"href":"https:\/\/rendezvous-vda.it\/fr\/wp-json\/wp\/v2\/posts\/19195\/revisions"}],"predecessor-version":[{"id":19206,"href":"https:\/\/rendezvous-vda.it\/fr\/wp-json\/wp\/v2\/posts\/19195\/revisions\/19206"}],"wp:featuredmedia":[{"embeddable":true,"href":"https:\/\/rendezvous-vda.it\/fr\/wp-json\/wp\/v2\/media\/19006"}],"wp:attachment":[{"href":"https:\/\/rendezvous-vda.it\/fr\/wp-json\/wp\/v2\/media?parent=19195"}],"wp:term":[{"taxonomy":"category","embeddable":true,"href":"https:\/\/rendezvous-vda.it\/fr\/wp-json\/wp\/v2\/categories?post=19195"},{"taxonomy":"post_tag","embeddable":true,"href":"https:\/\/rendezvous-vda.it\/fr\/wp-json\/wp\/v2\/tags?post=19195"}],"curies":[{"name":"wp","href":"https:\/\/api.w.org\/{rel}","templated":true}]}}