{"id":18387,"date":"2025-12-10T10:26:53","date_gmt":"2025-12-10T09:26:53","guid":{"rendered":"https:\/\/rendezvous-vda.it\/?p=18387"},"modified":"2026-01-08T09:48:41","modified_gmt":"2026-01-08T08:48:41","slug":"kin-lor-japonais-au-megamusee-daoste","status":"publish","type":"post","link":"https:\/\/rendezvous-vda.it\/fr\/kin-lor-japonais-au-megamusee-daoste\/","title":{"rendered":"Kin: l&rsquo;or japonais au M\u00e9gamus\u00e9e d&rsquo;Aoste"},"content":{"rendered":"\t\t<div data-elementor-type=\"wp-post\" data-elementor-id=\"18387\" class=\"elementor elementor-18387 elementor-18364\" data-elementor-post-type=\"post\">\n\t\t\t\t\t\t<section class=\"elementor-section elementor-top-section elementor-element elementor-element-40121aeb elementor-section-height-min-height elementor-section-items-stretch elementor-section-boxed elementor-section-height-default\" data-id=\"40121aeb\" data-element_type=\"section\" data-e-type=\"section\">\n\t\t\t\t\t\t<div class=\"elementor-container elementor-column-gap-default\">\n\t\t\t\t\t<div class=\"elementor-column elementor-col-100 elementor-top-column elementor-element elementor-element-69819019\" data-id=\"69819019\" data-element_type=\"column\" data-e-type=\"column\" data-settings=\"{&quot;background_background&quot;:&quot;classic&quot;}\">\n\t\t\t<div class=\"elementor-widget-wrap\">\n\t\t\t\t\t\t\t<\/div>\n\t\t<\/div>\n\t\t\t\t\t<\/div>\n\t\t<\/section>\n\t\t\t\t<section class=\"elementor-section elementor-top-section elementor-element elementor-element-319c6896 elementor-reverse-mobile elementor-section-boxed elementor-section-height-default elementor-section-height-default\" data-id=\"319c6896\" data-element_type=\"section\" data-e-type=\"section\">\n\t\t\t\t\t\t<div class=\"elementor-container elementor-column-gap-default\">\n\t\t\t\t\t<div class=\"elementor-column elementor-col-50 elementor-top-column elementor-element elementor-element-7e9a88b7\" data-id=\"7e9a88b7\" data-element_type=\"column\" data-e-type=\"column\">\n\t\t\t<div class=\"elementor-widget-wrap elementor-element-populated\">\n\t\t\t\t\t\t<div class=\"elementor-element elementor-element-5b5868c elementor-widget elementor-widget-gallery\" data-id=\"5b5868c\" data-element_type=\"widget\" data-e-type=\"widget\" data-settings=\"{&quot;columns&quot;:1,&quot;columns_mobile&quot;:2,&quot;lazyload&quot;:&quot;yes&quot;,&quot;gallery_layout&quot;:&quot;grid&quot;,&quot;columns_tablet&quot;:2,&quot;gap&quot;:{&quot;unit&quot;:&quot;px&quot;,&quot;size&quot;:10,&quot;sizes&quot;:[]},&quot;gap_tablet&quot;:{&quot;unit&quot;:&quot;px&quot;,&quot;size&quot;:10,&quot;sizes&quot;:[]},&quot;gap_mobile&quot;:{&quot;unit&quot;:&quot;px&quot;,&quot;size&quot;:10,&quot;sizes&quot;:[]},&quot;link_to&quot;:&quot;file&quot;,&quot;aspect_ratio&quot;:&quot;3:2&quot;,&quot;overlay_background&quot;:&quot;yes&quot;,&quot;content_hover_animation&quot;:&quot;fade-in&quot;}\" data-widget_type=\"gallery.default\">\n\t\t\t\t<div class=\"elementor-widget-container\">\n\t\t\t\t\t\t\t<div class=\"elementor-gallery__container\">\n\t\t\t\t\t\t\t<a class=\"e-gallery-item elementor-gallery-item elementor-animated-content\" href=\"https:\/\/rendezvous-vda.it\/wp-content\/uploads\/2025\/12\/Takashi-Murakami-scaled.jpg\" data-elementor-open-lightbox=\"yes\" data-elementor-lightbox-slideshow=\"5b5868c\" data-elementor-lightbox-title=\"Takashi Murakami\" data-e-action-hash=\"#elementor-action%3Aaction%3Dlightbox%26settings%3DeyJpZCI6MTgzNzcsInVybCI6Imh0dHBzOlwvXC9yZW5kZXp2b3VzLXZkYS5pdFwvd3AtY29udGVudFwvdXBsb2Fkc1wvMjAyNVwvMTJcL1Rha2FzaGktTXVyYWthbWktc2NhbGVkLmpwZyIsInNsaWRlc2hvdyI6IjViNTg2OGMifQ%3D%3D\">\n\t\t\t\t\t<div class=\"e-gallery-image elementor-gallery-item__image\" data-thumbnail=\"https:\/\/rendezvous-vda.it\/wp-content\/uploads\/2025\/12\/Takashi-Murakami-scaled.jpg\" data-width=\"2531\" data-height=\"2560\" aria-label=\"\" role=\"img\" ><\/div>\n\t\t\t\t\t\t\t\t\t\t\t<div class=\"elementor-gallery-item__overlay\"><\/div>\n\t\t\t\t\t\t\t\t\t\t\t\t\t\t<\/a>\n\t\t\t\t\t\t\t<a class=\"e-gallery-item elementor-gallery-item elementor-animated-content\" href=\"https:\/\/rendezvous-vda.it\/wp-content\/uploads\/2025\/12\/Obi-con-paesaggi-seta-e-fili-dorati-seconda-meta-XX-secolo-copia-scaled.jpg\" data-elementor-open-lightbox=\"yes\" data-elementor-lightbox-slideshow=\"5b5868c\" data-elementor-lightbox-title=\"Obi con paesaggi, seta e fili dorati, seconda met\u00e0 XX secolo copia\" data-e-action-hash=\"#elementor-action%3Aaction%3Dlightbox%26settings%3DeyJpZCI6MTgzNzMsInVybCI6Imh0dHBzOlwvXC9yZW5kZXp2b3VzLXZkYS5pdFwvd3AtY29udGVudFwvdXBsb2Fkc1wvMjAyNVwvMTJcL09iaS1jb24tcGFlc2FnZ2ktc2V0YS1lLWZpbGktZG9yYXRpLXNlY29uZGEtbWV0YS1YWC1zZWNvbG8tY29waWEtc2NhbGVkLmpwZyIsInNsaWRlc2hvdyI6IjViNTg2OGMifQ%3D%3D\">\n\t\t\t\t\t<div class=\"e-gallery-image elementor-gallery-item__image\" data-thumbnail=\"https:\/\/rendezvous-vda.it\/wp-content\/uploads\/2025\/12\/Obi-con-paesaggi-seta-e-fili-dorati-seconda-meta-XX-secolo-copia-scaled.jpg\" data-width=\"1501\" data-height=\"2560\" aria-label=\"\" role=\"img\" ><\/div>\n\t\t\t\t\t\t\t\t\t\t\t<div class=\"elementor-gallery-item__overlay\"><\/div>\n\t\t\t\t\t\t\t\t\t\t\t\t\t\t<\/a>\n\t\t\t\t\t\t\t<a class=\"e-gallery-item elementor-gallery-item elementor-animated-content\" href=\"https:\/\/rendezvous-vda.it\/wp-content\/uploads\/2025\/12\/Aiko-Zushi_Via-Lattea-kintsugi.jpg\" data-elementor-open-lightbox=\"yes\" data-elementor-lightbox-slideshow=\"5b5868c\" data-elementor-lightbox-title=\"Aiko Zushi_Via Lattea kintsugi\" data-e-action-hash=\"#elementor-action%3Aaction%3Dlightbox%26settings%3DeyJpZCI6MTgzNjksInVybCI6Imh0dHBzOlwvXC9yZW5kZXp2b3VzLXZkYS5pdFwvd3AtY29udGVudFwvdXBsb2Fkc1wvMjAyNVwvMTJcL0Fpa28tWnVzaGlfVmlhLUxhdHRlYS1raW50c3VnaS5qcGciLCJzbGlkZXNob3ciOiI1YjU4NjhjIn0%3D\">\n\t\t\t\t\t<div class=\"e-gallery-image elementor-gallery-item__image\" data-thumbnail=\"https:\/\/rendezvous-vda.it\/wp-content\/uploads\/2025\/12\/Aiko-Zushi_Via-Lattea-kintsugi.jpg\" data-width=\"1567\" data-height=\"1045\" aria-label=\"\" role=\"img\" ><\/div>\n\t\t\t\t\t\t\t\t\t\t\t<div class=\"elementor-gallery-item__overlay\"><\/div>\n\t\t\t\t\t\t\t\t\t\t\t\t\t\t<\/a>\n\t\t\t\t\t\t\t<a class=\"e-gallery-item elementor-gallery-item elementor-animated-content\" href=\"https:\/\/rendezvous-vda.it\/wp-content\/uploads\/2025\/12\/scatola-cerimonia-incensi.jpg\" data-elementor-open-lightbox=\"yes\" data-elementor-lightbox-slideshow=\"5b5868c\" data-elementor-lightbox-title=\"scatola cerimonia incensi\" data-e-action-hash=\"#elementor-action%3Aaction%3Dlightbox%26settings%3DeyJpZCI6MTgzNzUsInVybCI6Imh0dHBzOlwvXC9yZW5kZXp2b3VzLXZkYS5pdFwvd3AtY29udGVudFwvdXBsb2Fkc1wvMjAyNVwvMTJcL3NjYXRvbGEtY2VyaW1vbmlhLWluY2Vuc2kuanBnIiwic2xpZGVzaG93IjoiNWI1ODY4YyJ9\">\n\t\t\t\t\t<div class=\"e-gallery-image elementor-gallery-item__image\" data-thumbnail=\"https:\/\/rendezvous-vda.it\/wp-content\/uploads\/2025\/12\/scatola-cerimonia-incensi.jpg\" data-width=\"2236\" data-height=\"1670\" aria-label=\"\" role=\"img\" ><\/div>\n\t\t\t\t\t\t\t\t\t\t\t<div class=\"elementor-gallery-item__overlay\"><\/div>\n\t\t\t\t\t\t\t\t\t\t\t\t\t\t<\/a>\n\t\t\t\t\t\t\t<a class=\"e-gallery-item elementor-gallery-item elementor-animated-content\" href=\"https:\/\/rendezvous-vda.it\/wp-content\/uploads\/2025\/12\/Aiko-Zushi_yobitsugi-scaled.jpg\" data-elementor-open-lightbox=\"yes\" data-elementor-lightbox-slideshow=\"5b5868c\" data-elementor-lightbox-title=\"Aiko Zushi_yobitsugi\" data-e-action-hash=\"#elementor-action%3Aaction%3Dlightbox%26settings%3DeyJpZCI6MTgzNzEsInVybCI6Imh0dHBzOlwvXC9yZW5kZXp2b3VzLXZkYS5pdFwvd3AtY29udGVudFwvdXBsb2Fkc1wvMjAyNVwvMTJcL0Fpa28tWnVzaGlfeW9iaXRzdWdpLXNjYWxlZC5qcGciLCJzbGlkZXNob3ciOiI1YjU4NjhjIn0%3D\">\n\t\t\t\t\t<div class=\"e-gallery-image elementor-gallery-item__image\" data-thumbnail=\"https:\/\/rendezvous-vda.it\/wp-content\/uploads\/2025\/12\/Aiko-Zushi_yobitsugi-scaled.jpg\" data-width=\"2560\" data-height=\"1707\" aria-label=\"\" role=\"img\" ><\/div>\n\t\t\t\t\t\t\t\t\t\t\t<div class=\"elementor-gallery-item__overlay\"><\/div>\n\t\t\t\t\t\t\t\t\t\t\t\t\t\t<\/a>\n\t\t\t\t\t\t\t<a class=\"e-gallery-item elementor-gallery-item elementor-animated-content\" href=\"https:\/\/rendezvous-vda.it\/wp-content\/uploads\/2025\/03\/MegaMuseo_Ph.-Archivio-Regione-Autonoma-Valle-dAosta-3-scaled.jpg\" data-elementor-open-lightbox=\"yes\" data-elementor-lightbox-slideshow=\"5b5868c\" data-elementor-lightbox-title=\"MegaMuseo_Ph. Archivio Regione Autonoma Valle d&#039;Aosta (3)\" data-e-action-hash=\"#elementor-action%3Aaction%3Dlightbox%26settings%3DeyJpZCI6MTU0MDYsInVybCI6Imh0dHBzOlwvXC9yZW5kZXp2b3VzLXZkYS5pdFwvd3AtY29udGVudFwvdXBsb2Fkc1wvMjAyNVwvMDNcL01lZ2FNdXNlb19QaC4tQXJjaGl2aW8tUmVnaW9uZS1BdXRvbm9tYS1WYWxsZS1kQW9zdGEtMy1zY2FsZWQuanBnIiwic2xpZGVzaG93IjoiNWI1ODY4YyJ9\">\n\t\t\t\t\t<div class=\"e-gallery-image elementor-gallery-item__image\" data-thumbnail=\"https:\/\/rendezvous-vda.it\/wp-content\/uploads\/2025\/03\/MegaMuseo_Ph.-Archivio-Regione-Autonoma-Valle-dAosta-3-scaled.jpg\" data-width=\"2560\" data-height=\"1707\" aria-label=\"\" role=\"img\" ><\/div>\n\t\t\t\t\t\t\t\t\t\t\t<div class=\"elementor-gallery-item__overlay\"><\/div>\n\t\t\t\t\t\t\t\t\t\t\t\t\t\t<\/a>\n\t\t\t\t\t<\/div>\n\t\t\t\t\t<\/div>\n\t\t\t\t<\/div>\n\t\t\t\t\t<\/div>\n\t\t<\/div>\n\t\t\t\t<div class=\"elementor-column elementor-col-50 elementor-top-column elementor-element elementor-element-445d5f76\" data-id=\"445d5f76\" data-element_type=\"column\" data-e-type=\"column\">\n\t\t\t<div class=\"elementor-widget-wrap elementor-element-populated\">\n\t\t\t\t\t\t<div class=\"elementor-element elementor-element-36053bb0 elementor-widget elementor-widget-heading\" data-id=\"36053bb0\" data-element_type=\"widget\" data-e-type=\"widget\" data-widget_type=\"heading.default\">\n\t\t\t\t<div class=\"elementor-widget-container\">\n\t\t\t\t\t<h2 class=\"elementor-heading-title elementor-size-default\">Kin: l'or japonais au M\u00e9gamus\u00e9e d'Aoste<\/h2>\t\t\t\t<\/div>\n\t\t\t\t<\/div>\n\t\t\t\t<div class=\"elementor-element elementor-element-2e56c306 elementor-widget__width-auto elementor-widget elementor-widget-post-info\" data-id=\"2e56c306\" data-element_type=\"widget\" data-e-type=\"widget\" data-widget_type=\"post-info.default\">\n\t\t\t\t<div class=\"elementor-widget-container\">\n\t\t\t\t\t\t\t<ul class=\"elementor-inline-items elementor-icon-list-items elementor-post-info\">\n\t\t\t\t\t\t\t\t<li class=\"elementor-icon-list-item elementor-repeater-item-9ddff1b elementor-inline-item\" itemprop=\"about\">\n\t\t\t\t\t\t\t\t\t\t\t\t\t<span class=\"elementor-icon-list-text elementor-post-info__item elementor-post-info__item--type-terms\">\n\t\t\t\t\t\t\t\t\t\t<span class=\"elementor-post-info__terms-list\">\n\t\t\t\t<a href=\"https:\/\/rendezvous-vda.it\/category\/news\/arte-e-cultura\/\" class=\"elementor-post-info__terms-list-item\">Arte e cultura<\/a>\t\t\t\t<\/span>\n\t\t\t\t\t<\/span>\n\t\t\t\t\t\t\t\t<\/li>\n\t\t\t\t<\/ul>\n\t\t\t\t\t\t<\/div>\n\t\t\t\t<\/div>\n\t\t\t\t<div class=\"elementor-element elementor-element-c74b415 elementor-widget__width-auto elementor-widget elementor-widget-post-info\" data-id=\"c74b415\" data-element_type=\"widget\" data-e-type=\"widget\" data-widget_type=\"post-info.default\">\n\t\t\t\t<div class=\"elementor-widget-container\">\n\t\t\t\t\t\t\t<ul class=\"elementor-inline-items elementor-icon-list-items elementor-post-info\">\n\t\t\t\t\t\t\t\t<li class=\"elementor-icon-list-item elementor-repeater-item-39eb51a elementor-inline-item\" itemprop=\"datePublished\">\n\t\t\t\t\t\t\t\t\t\t<span class=\"elementor-icon-list-icon\">\n\t\t\t\t\t\t\t\t<i aria-hidden=\"true\" class=\"fas fa-calendar\"><\/i>\t\t\t\t\t\t\t<\/span>\n\t\t\t\t\t\t\t\t\t<span class=\"elementor-icon-list-text elementor-post-info__item elementor-post-info__item--type-date\">\n\t\t\t\t\t\t\t\t\t\t<time>10\/12\/2025<\/time>\t\t\t\t\t<\/span>\n\t\t\t\t\t\t\t\t<\/li>\n\t\t\t\t<li class=\"elementor-icon-list-item elementor-repeater-item-98ad935 elementor-inline-item\" itemprop=\"author\">\n\t\t\t\t\t\t\t\t\t\t\t\t\t<span class=\"elementor-icon-list-text elementor-post-info__item elementor-post-info__item--type-author\">\n\t\t\t\t\t\t\t<span class=\"elementor-post-info__item-prefix\">di<\/span>\n\t\t\t\t\t\t\t\t\t\tRedazione RV\t\t\t\t\t<\/span>\n\t\t\t\t\t\t\t\t<\/li>\n\t\t\t\t<\/ul>\n\t\t\t\t\t\t<\/div>\n\t\t\t\t<\/div>\n\t\t\t\t<div class=\"elementor-element elementor-element-407b8aac elementor-widget elementor-widget-heading\" data-id=\"407b8aac\" data-element_type=\"widget\" data-e-type=\"widget\" data-widget_type=\"heading.default\">\n\t\t\t\t<div class=\"elementor-widget-container\">\n\t\t\t\t\t<h2 class=\"elementor-heading-title elementor-size-default\">Du 28 novembre 2025 au 6 avril 2026<\/h2>\t\t\t\t<\/div>\n\t\t\t\t<\/div>\n\t\t\t\t<div class=\"elementor-element elementor-element-fa9214b elementor-widget elementor-widget-text-editor\" data-id=\"fa9214b\" data-element_type=\"widget\" data-e-type=\"widget\" data-widget_type=\"text-editor.default\">\n\t\t\t\t<div class=\"elementor-widget-container\">\n\t\t\t\t\t\t\t\t\t<p>Un katana sign\u00e9 Masamune du XVe si\u00e8cle, les \u0153uvres du c\u00e9l\u00e8bre Takashi Murakami, les peintures calligraphiques de Kazuko Hiraoka sur feuille d&rsquo;or et les c\u00e9ramiques restaur\u00e9es avec la technique du kintsugi : voici quelques-unes des particularit\u00e9s qui caract\u00e9risent l&rsquo;exposition \u00ab KIN \u91d1 \u2013 L&rsquo;or dans les arts japonais \u00bb, qui s&rsquo;ouvre le 28 novembre au M\u00e9ga Mus\u00e9e d&rsquo;Aoste. L&rsquo;exposition est organis\u00e9e par la japonologue Roberta Vergagni, avec le patronage du Consulat G\u00e9n\u00e9ral du Japon \u00e0 Milan. Cette exposition, qui se tient \u00e0 Aoste jusqu&rsquo;au 6 avril 2026, conduit le visiteur \u00e0 la d\u00e9couverte de la culture mat\u00e9rielle japonaise, avec des objets d&rsquo;art qui vont du milieu du XVe si\u00e8cle jusqu&rsquo;\u00e0 nos jours.<\/p><p>Dans la tradition japonaise, l&rsquo;or n&rsquo;est pas seulement un mat\u00e9riau pr\u00e9cieux : il est pure lumi\u00e8re. Dans le bouddhisme, il repr\u00e9sente la splendeur de la lumi\u00e8re du Bouddha, tandis que dans le th\u00e9\u00e2tre traditionnel N\u00f4, il incarne la dimension sacr\u00e9e qui distingue les divinit\u00e9s des \u00eatres humains. Avec le passage \u00e0 l&rsquo;art moderne, l&rsquo;or devient la plus brillante de toutes les couleurs, en conservant son effet luxueux.<\/p><p>\u00c0 partir de la p\u00e9riode Edo (1603-1868), l&rsquo;or devient essentiel pour les \u0153uvres d&rsquo;art d\u00e9coratives, se perfectionnant durant la p\u00e9riode Meiji (1868-1912) et dans les si\u00e8cles suivants. Kinpaku, kirigane, kinran, kintsugi, maki-e : les techniques o\u00f9 l&rsquo;or est protagoniste sont multiples. De la feuille d&rsquo;or \u00e0 l&rsquo;or en poudre, l&rsquo;usage constant de l&rsquo;or a affin\u00e9 la sensibilit\u00e9 japonaise, conduisant \u00e0 l&rsquo;une des traditions les plus sophistiqu\u00e9es au monde dans l&rsquo;art de l&rsquo;or.<\/p>\t\t\t\t\t\t\t\t<\/div>\n\t\t\t\t<\/div>\n\t\t\t\t<div class=\"elementor-element elementor-element-2817d1d8 elementor-widget elementor-widget-heading\" data-id=\"2817d1d8\" data-element_type=\"widget\" data-e-type=\"widget\" data-widget_type=\"heading.default\">\n\t\t\t\t<div class=\"elementor-widget-container\">\n\t\t\t\t\t<h2 class=\"elementor-heading-title elementor-size-default\">l'exposition<\/h2>\t\t\t\t<\/div>\n\t\t\t\t<\/div>\n\t\t\t\t<div class=\"elementor-element elementor-element-11173586 elementor-widget elementor-widget-text-editor\" data-id=\"11173586\" data-element_type=\"widget\" data-e-type=\"widget\" data-widget_type=\"text-editor.default\">\n\t\t\t\t<div class=\"elementor-widget-container\">\n\t\t\t\t\t\t\t\t\t<p><strong>L&rsquo;exposition s&rsquo;articule en trois sections<\/strong> qui offrent diff\u00e9rents niveaux de lecture: de la pure admiration esth\u00e9tique \u00e0 l&rsquo;approfondissement technique et culturel.<\/p><p><strong>La premi\u00e8re section<\/strong> offre un panorama d&rsquo;objets d&rsquo;art qui traversent les si\u00e8cles. Le visiteur peut admirer le katana sign\u00e9 Masamune du XVe si\u00e8cle, des objets laqu\u00e9s et dor\u00e9s nurimono, des c\u00e9ramiques originales, des tissus haori et kimono illumin\u00e9s de fils dor\u00e9s, d&rsquo;\u00e9l\u00e9gantes ceintures obi, des peintures sur rouleau vertical kakemono o\u00f9 la feuille d&rsquo;or dialogue avec l&rsquo;encre, et des objets en bronze du monde bushi. L&rsquo;exposition joue avec les contrastes chromatiques : d&rsquo;une part l&rsquo;essentialit\u00e9 de l&rsquo;or et du noir, d&rsquo;autre part la somptuosit\u00e9 de l&rsquo;or en dialogue avec une riche palette de couleurs.<\/p><p><strong>La deuxi\u00e8me section<\/strong> est consacr\u00e9e aux estampes de graveurs modernes et contemporains, phase \u00e9volutive des xylographies ukiyo-e, qui ont enrichi leurs \u0153uvres avec l&rsquo;or. Pour conclure cette section, une \u0153uvre de Takashi Murakami, fondateur du mouvement Superflat. Sa lithographie The Golden Age: Hokkyo Takashi (2016) fusionne la peinture artistique traditionnelle d&rsquo;Edo avec la Pop art moderne : cr\u00e2nes et fleurs souriantes sur fond dor\u00e9 incarnent l&rsquo;union entre tradition et contemporan\u00e9it\u00e9.<\/p><p><strong>La troisi\u00e8me section<\/strong> pr\u00e9sente les \u0153uvres de deux extraordinaires artistes contemporaines: Kazuko Hiraoka et Aiko Zushi.<\/p><p>Kazuko Hiraoka combine la magie de la feuille d&rsquo;or avec l&rsquo;expressivit\u00e9 de la calligraphie japonaise shod\u014d. Dipl\u00f4m\u00e9e en 1973 de l&rsquo;Acad\u00e9mie d&rsquo;Art Bijutsu Daigaku de Musashino, elle a travaill\u00e9 comme graphiste chez Sony avant de se consacrer \u00e0 la calligraphie. En 1999, elle a obtenu le titre de Ma\u00eetresse calligraphe apr\u00e8s 15 ans d&rsquo;\u00e9tudes \u00e0 l&rsquo;Akitsu-Kai, la plus importante \u00c9cole d&rsquo;arts graphiques du Japon, sous la guidance de Kanichi Nakata, Ma\u00eetre de la famille imp\u00e9riale. Depuis 2000, elle vit en Italie, o\u00f9 elle diffuse l&rsquo;art calligraphique japonais. Dans ses peintures, les nuances de l&rsquo;encre noire sont exalt\u00e9es par la luminosit\u00e9 de l&rsquo;or.<\/p><p>Aiko Zushi est ma\u00eetresse de kintsugi, l&rsquo;art de la restauration c\u00e9ramique avec laque et or qui transforme les fractures en nouvelle beaut\u00e9. Originaire de la pr\u00e9fecture de Yamanashi, o\u00f9 elle a suivi un Master en Beaux-Arts, elle a \u00e9tudi\u00e9 cette technique avec la ma\u00eetresse Yoko Furuya. Elle a v\u00e9cu \u00e0 Turin, o\u00f9 elle a ouvert un atelier et enseign\u00e9 \u00e0 l&rsquo;Association Interculturelle Italie-Japon Sakura, avant de retourner au Japon. Ses c\u00e9ramiques r\u00e9par\u00e9es vivent une nouvelle vie : technique, philosophie et esth\u00e9tique se fondent dans l&rsquo;art de la restauration.<\/p><p>KIN \u91d1 repr\u00e9sente une occasion unique de d\u00e9couvrir comment l&rsquo;or a travers\u00e9 les si\u00e8cles de la culture japonaise en gardant intact son pouvoir d&rsquo;\u00e9merveiller.<\/p>\t\t\t\t\t\t\t\t<\/div>\n\t\t\t\t<\/div>\n\t\t\t\t<div class=\"elementor-element elementor-element-8f24f95 elementor-widget elementor-widget-heading\" data-id=\"8f24f95\" data-element_type=\"widget\" data-e-type=\"widget\" data-widget_type=\"heading.default\">\n\t\t\t\t<div class=\"elementor-widget-container\">\n\t\t\t\t\t<h2 class=\"elementor-heading-title elementor-size-default\">informations au public<\/h2>\t\t\t\t<\/div>\n\t\t\t\t<\/div>\n\t\t\t\t<div class=\"elementor-element elementor-element-df8e567 elementor-widget elementor-widget-text-editor\" data-id=\"df8e567\" data-element_type=\"widget\" data-e-type=\"widget\" data-widget_type=\"text-editor.default\">\n\t\t\t\t<div class=\"elementor-widget-container\">\n\t\t\t\t\t\t\t\t\t<div class=\"em-item-meta-line em-event-date em-event-meta-datetime\">Du 28 novembre 2025 au 6 avril 2026<\/div><div class=\"em-item-meta-line em-event-location\"><p>MegaMuseo \u2013 Mus\u00e9e Arch\u00e9ologique Contemporain<br \/>Cours Saint-Martin-de Corl\u00e9ans 258 11100 Aoste (Vall\u00e9e d&rsquo;Aoste &#8211; IT)<br \/>T\u00e9l. +390165552420<\/p><p><strong>Horaires<\/strong><br \/>Octobre &#8211; Mars: 10h00 &#8211; 18h00<br \/>Avril &#8211; Septembre: 9h00 &#8211; 19h00<br \/>Ferm\u00e9 le lundi<\/p><\/div><p><strong><a href=\"https:\/\/valledaostaheritage.com\/events\/mostra-kin-loro-nelle-arti-giapponesi\/\">https:\/\/valledaostaheritage.com\/events\/mostra-kin-loro-nelle-arti-giapponesi\/<\/a><\/strong><\/p>\t\t\t\t\t\t\t\t<\/div>\n\t\t\t\t<\/div>\n\t\t\t\t<div class=\"elementor-element elementor-element-cc0e49f elementor-share-buttons--view-icon elementor-share-buttons--skin-gradient elementor-share-buttons--shape-square elementor-grid-0 elementor-share-buttons--color-official elementor-widget elementor-widget-global elementor-global-1711 elementor-widget-share-buttons\" data-id=\"cc0e49f\" data-element_type=\"widget\" data-e-type=\"widget\" data-widget_type=\"share-buttons.default\">\n\t\t\t\t<div class=\"elementor-widget-container\">\n\t\t\t\t\t\t\t<div class=\"elementor-grid\" role=\"list\">\n\t\t\t\t\t\t\t\t<div class=\"elementor-grid-item\" role=\"listitem\">\n\t\t\t\t\t\t<div class=\"elementor-share-btn elementor-share-btn_facebook\" role=\"button\" tabindex=\"0\" aria-label=\"Partager sur facebook\">\n\t\t\t\t\t\t\t\t\t\t\t\t\t\t\t<span class=\"elementor-share-btn__icon\">\n\t\t\t\t\t\t\t\t<i class=\"fab fa-facebook\" aria-hidden=\"true\"><\/i>\t\t\t\t\t\t\t<\/span>\n\t\t\t\t\t\t\t\t\t\t\t\t\t\t\t\t\t\t\t\t<\/div>\n\t\t\t\t\t<\/div>\n\t\t\t\t\t\t\t\t\t<div class=\"elementor-grid-item\" role=\"listitem\">\n\t\t\t\t\t\t<div class=\"elementor-share-btn elementor-share-btn_twitter\" role=\"button\" tabindex=\"0\" aria-label=\"Partager sur twitter\">\n\t\t\t\t\t\t\t\t\t\t\t\t\t\t\t<span class=\"elementor-share-btn__icon\">\n\t\t\t\t\t\t\t\t<i class=\"fab fa-twitter\" aria-hidden=\"true\"><\/i>\t\t\t\t\t\t\t<\/span>\n\t\t\t\t\t\t\t\t\t\t\t\t\t\t\t\t\t\t\t\t<\/div>\n\t\t\t\t\t<\/div>\n\t\t\t\t\t\t\t\t\t<div class=\"elementor-grid-item\" role=\"listitem\">\n\t\t\t\t\t\t<div class=\"elementor-share-btn elementor-share-btn_linkedin\" role=\"button\" tabindex=\"0\" aria-label=\"Partager sur linkedin\">\n\t\t\t\t\t\t\t\t\t\t\t\t\t\t\t<span class=\"elementor-share-btn__icon\">\n\t\t\t\t\t\t\t\t<i class=\"fab fa-linkedin\" aria-hidden=\"true\"><\/i>\t\t\t\t\t\t\t<\/span>\n\t\t\t\t\t\t\t\t\t\t\t\t\t\t\t\t\t\t\t\t<\/div>\n\t\t\t\t\t<\/div>\n\t\t\t\t\t\t\t\t\t<div class=\"elementor-grid-item\" role=\"listitem\">\n\t\t\t\t\t\t<div class=\"elementor-share-btn elementor-share-btn_email\" role=\"button\" tabindex=\"0\" aria-label=\"Partager sur email\">\n\t\t\t\t\t\t\t\t\t\t\t\t\t\t\t<span class=\"elementor-share-btn__icon\">\n\t\t\t\t\t\t\t\t<i class=\"fas fa-envelope\" aria-hidden=\"true\"><\/i>\t\t\t\t\t\t\t<\/span>\n\t\t\t\t\t\t\t\t\t\t\t\t\t\t\t\t\t\t\t\t<\/div>\n\t\t\t\t\t<\/div>\n\t\t\t\t\t\t\t\t\t<div class=\"elementor-grid-item\" role=\"listitem\">\n\t\t\t\t\t\t<div class=\"elementor-share-btn elementor-share-btn_whatsapp\" role=\"button\" tabindex=\"0\" aria-label=\"Partager sur whatsapp\">\n\t\t\t\t\t\t\t\t\t\t\t\t\t\t\t<span class=\"elementor-share-btn__icon\">\n\t\t\t\t\t\t\t\t<i class=\"fab fa-whatsapp\" aria-hidden=\"true\"><\/i>\t\t\t\t\t\t\t<\/span>\n\t\t\t\t\t\t\t\t\t\t\t\t\t\t\t\t\t\t\t\t<\/div>\n\t\t\t\t\t<\/div>\n\t\t\t\t\t\t<\/div>\n\t\t\t\t\t\t<\/div>\n\t\t\t\t<\/div>\n\t\t\t\t\t<\/div>\n\t\t<\/div>\n\t\t\t\t\t<\/div>\n\t\t<\/section>\n\t\t\t\t<\/div>\n\t\t","protected":false},"excerpt":{"rendered":"<p>Du 28 novembre 2025 au 6 avril 2026 l&rsquo;exposition KIN \u91d1 \u2013 L&rsquo;or dans les arts japonais au M\u00e9ga Mus\u00e9e d&rsquo;Aoste&#8230;<\/p>\n","protected":false},"author":8,"featured_media":18366,"comment_status":"closed","ping_status":"closed","sticky":false,"template":"elementor_header_footer","format":"standard","meta":{"footnotes":""},"categories":[8],"tags":[],"class_list":["post-18387","post","type-post","status-publish","format-standard","has-post-thumbnail","hentry","category-arte-e-cultura"],"yoast_head":"<!-- This site is optimized with the Yoast SEO plugin v27.5 - https:\/\/yoast.com\/product\/yoast-seo-wordpress\/ -->\n<title>Kin: l&#039;or japonais au M\u00e9gamus\u00e9e d&#039;Aoste - Rendez Vous en Vall\u00e9e d Aoste<\/title>\n<meta name=\"description\" content=\"Du 28 novembre 2025 au 6 avril 2026 l&#039;exposition KIN \u91d1 \u2013 L&#039;or dans les arts japonais au M\u00e9ga Mus\u00e9e d&#039;Aoste...\" \/>\n<meta name=\"robots\" content=\"index, follow, max-snippet:-1, max-image-preview:large, max-video-preview:-1\" \/>\n<link rel=\"canonical\" href=\"https:\/\/rendezvous-vda.it\/fr\/kin-lor-japonais-au-megamusee-daoste\/\" \/>\n<meta property=\"og:locale\" content=\"fr_FR\" \/>\n<meta property=\"og:type\" content=\"article\" \/>\n<meta property=\"og:title\" content=\"Kin: l&#039;or japonais au M\u00e9gamus\u00e9e d&#039;Aoste - Rendez Vous en Vall\u00e9e d Aoste\" \/>\n<meta property=\"og:description\" content=\"Du 28 novembre 2025 au 6 avril 2026 l&#039;exposition KIN \u91d1 \u2013 L&#039;or dans les arts japonais au M\u00e9ga Mus\u00e9e d&#039;Aoste...\" \/>\n<meta property=\"og:url\" content=\"https:\/\/rendezvous-vda.it\/fr\/kin-lor-japonais-au-megamusee-daoste\/\" \/>\n<meta property=\"og:site_name\" content=\"Rendez Vous en Vall\u00e9e d Aoste\" \/>\n<meta property=\"article:published_time\" content=\"2025-12-10T09:26:53+00:00\" \/>\n<meta property=\"article:modified_time\" content=\"2026-01-08T08:48:41+00:00\" \/>\n<meta property=\"og:image\" content=\"https:\/\/rendezvous-vda.it\/wp-content\/uploads\/2025\/12\/Particolare-di-paravento-scaled.jpg\" \/>\n\t<meta property=\"og:image:width\" content=\"2560\" \/>\n\t<meta property=\"og:image:height\" content=\"1920\" \/>\n\t<meta property=\"og:image:type\" content=\"image\/jpeg\" \/>\n<meta name=\"author\" content=\"Redazione RV\" \/>\n<meta name=\"twitter:card\" content=\"summary_large_image\" \/>\n<meta name=\"twitter:label1\" content=\"\u00c9crit par\" \/>\n\t<meta name=\"twitter:data1\" content=\"Redazione RV\" \/>\n\t<meta name=\"twitter:label2\" content=\"Dur\u00e9e de lecture estim\u00e9e\" \/>\n\t<meta name=\"twitter:data2\" content=\"4 minutes\" \/>\n<script type=\"application\/ld+json\" class=\"yoast-schema-graph\">{\"@context\":\"https:\\\/\\\/schema.org\",\"@graph\":[{\"@type\":\"Article\",\"@id\":\"https:\\\/\\\/rendezvous-vda.it\\\/fr\\\/kin-lor-japonais-au-megamusee-daoste\\\/#article\",\"isPartOf\":{\"@id\":\"https:\\\/\\\/rendezvous-vda.it\\\/fr\\\/kin-lor-japonais-au-megamusee-daoste\\\/\"},\"author\":{\"name\":\"Redazione RV\",\"@id\":\"https:\\\/\\\/rendezvous-vda.it\\\/#\\\/schema\\\/person\\\/26d79f6dbeaace8f49f6785137f0a34e\"},\"headline\":\"Kin: l&rsquo;or japonais au M\u00e9gamus\u00e9e d&rsquo;Aoste\",\"datePublished\":\"2025-12-10T09:26:53+00:00\",\"dateModified\":\"2026-01-08T08:48:41+00:00\",\"mainEntityOfPage\":{\"@id\":\"https:\\\/\\\/rendezvous-vda.it\\\/fr\\\/kin-lor-japonais-au-megamusee-daoste\\\/\"},\"wordCount\":826,\"publisher\":{\"@id\":\"https:\\\/\\\/rendezvous-vda.it\\\/#organization\"},\"image\":{\"@id\":\"https:\\\/\\\/rendezvous-vda.it\\\/fr\\\/kin-lor-japonais-au-megamusee-daoste\\\/#primaryimage\"},\"thumbnailUrl\":\"https:\\\/\\\/rendezvous-vda.it\\\/wp-content\\\/uploads\\\/2025\\\/12\\\/Particolare-di-paravento-scaled.jpg\",\"articleSection\":[\"Arte e cultura\"],\"inLanguage\":\"fr-FR\"},{\"@type\":\"WebPage\",\"@id\":\"https:\\\/\\\/rendezvous-vda.it\\\/fr\\\/kin-lor-japonais-au-megamusee-daoste\\\/\",\"url\":\"https:\\\/\\\/rendezvous-vda.it\\\/fr\\\/kin-lor-japonais-au-megamusee-daoste\\\/\",\"name\":\"Kin: l'or japonais au M\u00e9gamus\u00e9e d'Aoste - Rendez Vous en Vall\u00e9e d Aoste\",\"isPartOf\":{\"@id\":\"https:\\\/\\\/rendezvous-vda.it\\\/#website\"},\"primaryImageOfPage\":{\"@id\":\"https:\\\/\\\/rendezvous-vda.it\\\/fr\\\/kin-lor-japonais-au-megamusee-daoste\\\/#primaryimage\"},\"image\":{\"@id\":\"https:\\\/\\\/rendezvous-vda.it\\\/fr\\\/kin-lor-japonais-au-megamusee-daoste\\\/#primaryimage\"},\"thumbnailUrl\":\"https:\\\/\\\/rendezvous-vda.it\\\/wp-content\\\/uploads\\\/2025\\\/12\\\/Particolare-di-paravento-scaled.jpg\",\"datePublished\":\"2025-12-10T09:26:53+00:00\",\"dateModified\":\"2026-01-08T08:48:41+00:00\",\"description\":\"Du 28 novembre 2025 au 6 avril 2026 l'exposition KIN \u91d1 \u2013 L'or dans les arts japonais au M\u00e9ga Mus\u00e9e d'Aoste...\",\"breadcrumb\":{\"@id\":\"https:\\\/\\\/rendezvous-vda.it\\\/fr\\\/kin-lor-japonais-au-megamusee-daoste\\\/#breadcrumb\"},\"inLanguage\":\"fr-FR\",\"potentialAction\":[{\"@type\":\"ReadAction\",\"target\":[\"https:\\\/\\\/rendezvous-vda.it\\\/fr\\\/kin-lor-japonais-au-megamusee-daoste\\\/\"]}]},{\"@type\":\"ImageObject\",\"inLanguage\":\"fr-FR\",\"@id\":\"https:\\\/\\\/rendezvous-vda.it\\\/fr\\\/kin-lor-japonais-au-megamusee-daoste\\\/#primaryimage\",\"url\":\"https:\\\/\\\/rendezvous-vda.it\\\/wp-content\\\/uploads\\\/2025\\\/12\\\/Particolare-di-paravento-scaled.jpg\",\"contentUrl\":\"https:\\\/\\\/rendezvous-vda.it\\\/wp-content\\\/uploads\\\/2025\\\/12\\\/Particolare-di-paravento-scaled.jpg\",\"width\":2560,\"height\":1920},{\"@type\":\"BreadcrumbList\",\"@id\":\"https:\\\/\\\/rendezvous-vda.it\\\/fr\\\/kin-lor-japonais-au-megamusee-daoste\\\/#breadcrumb\",\"itemListElement\":[{\"@type\":\"ListItem\",\"position\":1,\"name\":\"Home\",\"item\":\"https:\\\/\\\/rendezvous-vda.it\\\/fr\\\/\"},{\"@type\":\"ListItem\",\"position\":2,\"name\":\"Kin: l&rsquo;or japonais au M\u00e9gamus\u00e9e d&rsquo;Aoste\"}]},{\"@type\":\"WebSite\",\"@id\":\"https:\\\/\\\/rendezvous-vda.it\\\/#website\",\"url\":\"https:\\\/\\\/rendezvous-vda.it\\\/\",\"name\":\"Rendez Vous en Vall\u00e9e d Aoste\",\"description\":\"Arte, Cultura, Sport, Tradizioni, Enogastronomia, Tempo libero...\",\"publisher\":{\"@id\":\"https:\\\/\\\/rendezvous-vda.it\\\/#organization\"},\"potentialAction\":[{\"@type\":\"SearchAction\",\"target\":{\"@type\":\"EntryPoint\",\"urlTemplate\":\"https:\\\/\\\/rendezvous-vda.it\\\/?s={search_term_string}\"},\"query-input\":{\"@type\":\"PropertyValueSpecification\",\"valueRequired\":true,\"valueName\":\"search_term_string\"}}],\"inLanguage\":\"fr-FR\"},{\"@type\":\"Organization\",\"@id\":\"https:\\\/\\\/rendezvous-vda.it\\\/#organization\",\"name\":\"Rendez Vous en Vall\u00e9e d Aoste\",\"url\":\"https:\\\/\\\/rendezvous-vda.it\\\/\",\"logo\":{\"@type\":\"ImageObject\",\"inLanguage\":\"fr-FR\",\"@id\":\"https:\\\/\\\/rendezvous-vda.it\\\/#\\\/schema\\\/logo\\\/image\\\/\",\"url\":\"https:\\\/\\\/rendezvous-vda.it\\\/wp-content\\\/uploads\\\/2021\\\/05\\\/R.V_ITA-450.png\",\"contentUrl\":\"https:\\\/\\\/rendezvous-vda.it\\\/wp-content\\\/uploads\\\/2021\\\/05\\\/R.V_ITA-450.png\",\"width\":450,\"height\":83,\"caption\":\"Rendez Vous en Vall\u00e9e d Aoste\"},\"image\":{\"@id\":\"https:\\\/\\\/rendezvous-vda.it\\\/#\\\/schema\\\/logo\\\/image\\\/\"}},{\"@type\":\"Person\",\"@id\":\"https:\\\/\\\/rendezvous-vda.it\\\/#\\\/schema\\\/person\\\/26d79f6dbeaace8f49f6785137f0a34e\",\"name\":\"Redazione RV\",\"image\":{\"@type\":\"ImageObject\",\"inLanguage\":\"fr-FR\",\"@id\":\"https:\\\/\\\/secure.gravatar.com\\\/avatar\\\/0082012e4cff670801768efb03cd0e066347e982930d7c9ceb4cfb808cbb0597?s=96&d=mm&r=g\",\"url\":\"https:\\\/\\\/secure.gravatar.com\\\/avatar\\\/0082012e4cff670801768efb03cd0e066347e982930d7c9ceb4cfb808cbb0597?s=96&d=mm&r=g\",\"contentUrl\":\"https:\\\/\\\/secure.gravatar.com\\\/avatar\\\/0082012e4cff670801768efb03cd0e066347e982930d7c9ceb4cfb808cbb0597?s=96&d=mm&r=g\",\"caption\":\"Redazione RV\"},\"url\":\"https:\\\/\\\/rendezvous-vda.it\\\/fr\\\/author\\\/redazione\\\/\"}]}<\/script>\n<!-- \/ Yoast SEO plugin. -->","yoast_head_json":{"title":"Kin: l'or japonais au M\u00e9gamus\u00e9e d'Aoste - Rendez Vous en Vall\u00e9e d Aoste","description":"Du 28 novembre 2025 au 6 avril 2026 l'exposition KIN \u91d1 \u2013 L'or dans les arts japonais au M\u00e9ga Mus\u00e9e d'Aoste...","robots":{"index":"index","follow":"follow","max-snippet":"max-snippet:-1","max-image-preview":"max-image-preview:large","max-video-preview":"max-video-preview:-1"},"canonical":"https:\/\/rendezvous-vda.it\/fr\/kin-lor-japonais-au-megamusee-daoste\/","og_locale":"fr_FR","og_type":"article","og_title":"Kin: l'or japonais au M\u00e9gamus\u00e9e d'Aoste - Rendez Vous en Vall\u00e9e d Aoste","og_description":"Du 28 novembre 2025 au 6 avril 2026 l'exposition KIN \u91d1 \u2013 L'or dans les arts japonais au M\u00e9ga Mus\u00e9e d'Aoste...","og_url":"https:\/\/rendezvous-vda.it\/fr\/kin-lor-japonais-au-megamusee-daoste\/","og_site_name":"Rendez Vous en Vall\u00e9e d Aoste","article_published_time":"2025-12-10T09:26:53+00:00","article_modified_time":"2026-01-08T08:48:41+00:00","og_image":[{"width":2560,"height":1920,"url":"https:\/\/rendezvous-vda.it\/wp-content\/uploads\/2025\/12\/Particolare-di-paravento-scaled.jpg","type":"image\/jpeg"}],"author":"Redazione RV","twitter_card":"summary_large_image","twitter_misc":{"\u00c9crit par":"Redazione RV","Dur\u00e9e de lecture estim\u00e9e":"4 minutes"},"schema":{"@context":"https:\/\/schema.org","@graph":[{"@type":"Article","@id":"https:\/\/rendezvous-vda.it\/fr\/kin-lor-japonais-au-megamusee-daoste\/#article","isPartOf":{"@id":"https:\/\/rendezvous-vda.it\/fr\/kin-lor-japonais-au-megamusee-daoste\/"},"author":{"name":"Redazione RV","@id":"https:\/\/rendezvous-vda.it\/#\/schema\/person\/26d79f6dbeaace8f49f6785137f0a34e"},"headline":"Kin: l&rsquo;or japonais au M\u00e9gamus\u00e9e d&rsquo;Aoste","datePublished":"2025-12-10T09:26:53+00:00","dateModified":"2026-01-08T08:48:41+00:00","mainEntityOfPage":{"@id":"https:\/\/rendezvous-vda.it\/fr\/kin-lor-japonais-au-megamusee-daoste\/"},"wordCount":826,"publisher":{"@id":"https:\/\/rendezvous-vda.it\/#organization"},"image":{"@id":"https:\/\/rendezvous-vda.it\/fr\/kin-lor-japonais-au-megamusee-daoste\/#primaryimage"},"thumbnailUrl":"https:\/\/rendezvous-vda.it\/wp-content\/uploads\/2025\/12\/Particolare-di-paravento-scaled.jpg","articleSection":["Arte e cultura"],"inLanguage":"fr-FR"},{"@type":"WebPage","@id":"https:\/\/rendezvous-vda.it\/fr\/kin-lor-japonais-au-megamusee-daoste\/","url":"https:\/\/rendezvous-vda.it\/fr\/kin-lor-japonais-au-megamusee-daoste\/","name":"Kin: l'or japonais au M\u00e9gamus\u00e9e d'Aoste - Rendez Vous en Vall\u00e9e d Aoste","isPartOf":{"@id":"https:\/\/rendezvous-vda.it\/#website"},"primaryImageOfPage":{"@id":"https:\/\/rendezvous-vda.it\/fr\/kin-lor-japonais-au-megamusee-daoste\/#primaryimage"},"image":{"@id":"https:\/\/rendezvous-vda.it\/fr\/kin-lor-japonais-au-megamusee-daoste\/#primaryimage"},"thumbnailUrl":"https:\/\/rendezvous-vda.it\/wp-content\/uploads\/2025\/12\/Particolare-di-paravento-scaled.jpg","datePublished":"2025-12-10T09:26:53+00:00","dateModified":"2026-01-08T08:48:41+00:00","description":"Du 28 novembre 2025 au 6 avril 2026 l'exposition KIN \u91d1 \u2013 L'or dans les arts japonais au M\u00e9ga Mus\u00e9e d'Aoste...","breadcrumb":{"@id":"https:\/\/rendezvous-vda.it\/fr\/kin-lor-japonais-au-megamusee-daoste\/#breadcrumb"},"inLanguage":"fr-FR","potentialAction":[{"@type":"ReadAction","target":["https:\/\/rendezvous-vda.it\/fr\/kin-lor-japonais-au-megamusee-daoste\/"]}]},{"@type":"ImageObject","inLanguage":"fr-FR","@id":"https:\/\/rendezvous-vda.it\/fr\/kin-lor-japonais-au-megamusee-daoste\/#primaryimage","url":"https:\/\/rendezvous-vda.it\/wp-content\/uploads\/2025\/12\/Particolare-di-paravento-scaled.jpg","contentUrl":"https:\/\/rendezvous-vda.it\/wp-content\/uploads\/2025\/12\/Particolare-di-paravento-scaled.jpg","width":2560,"height":1920},{"@type":"BreadcrumbList","@id":"https:\/\/rendezvous-vda.it\/fr\/kin-lor-japonais-au-megamusee-daoste\/#breadcrumb","itemListElement":[{"@type":"ListItem","position":1,"name":"Home","item":"https:\/\/rendezvous-vda.it\/fr\/"},{"@type":"ListItem","position":2,"name":"Kin: l&rsquo;or japonais au M\u00e9gamus\u00e9e d&rsquo;Aoste"}]},{"@type":"WebSite","@id":"https:\/\/rendezvous-vda.it\/#website","url":"https:\/\/rendezvous-vda.it\/","name":"Rendez Vous en Vall\u00e9e d Aoste","description":"Arte, Cultura, Sport, Tradizioni, Enogastronomia, Tempo libero...","publisher":{"@id":"https:\/\/rendezvous-vda.it\/#organization"},"potentialAction":[{"@type":"SearchAction","target":{"@type":"EntryPoint","urlTemplate":"https:\/\/rendezvous-vda.it\/?s={search_term_string}"},"query-input":{"@type":"PropertyValueSpecification","valueRequired":true,"valueName":"search_term_string"}}],"inLanguage":"fr-FR"},{"@type":"Organization","@id":"https:\/\/rendezvous-vda.it\/#organization","name":"Rendez Vous en Vall\u00e9e d Aoste","url":"https:\/\/rendezvous-vda.it\/","logo":{"@type":"ImageObject","inLanguage":"fr-FR","@id":"https:\/\/rendezvous-vda.it\/#\/schema\/logo\/image\/","url":"https:\/\/rendezvous-vda.it\/wp-content\/uploads\/2021\/05\/R.V_ITA-450.png","contentUrl":"https:\/\/rendezvous-vda.it\/wp-content\/uploads\/2021\/05\/R.V_ITA-450.png","width":450,"height":83,"caption":"Rendez Vous en Vall\u00e9e d Aoste"},"image":{"@id":"https:\/\/rendezvous-vda.it\/#\/schema\/logo\/image\/"}},{"@type":"Person","@id":"https:\/\/rendezvous-vda.it\/#\/schema\/person\/26d79f6dbeaace8f49f6785137f0a34e","name":"Redazione RV","image":{"@type":"ImageObject","inLanguage":"fr-FR","@id":"https:\/\/secure.gravatar.com\/avatar\/0082012e4cff670801768efb03cd0e066347e982930d7c9ceb4cfb808cbb0597?s=96&d=mm&r=g","url":"https:\/\/secure.gravatar.com\/avatar\/0082012e4cff670801768efb03cd0e066347e982930d7c9ceb4cfb808cbb0597?s=96&d=mm&r=g","contentUrl":"https:\/\/secure.gravatar.com\/avatar\/0082012e4cff670801768efb03cd0e066347e982930d7c9ceb4cfb808cbb0597?s=96&d=mm&r=g","caption":"Redazione RV"},"url":"https:\/\/rendezvous-vda.it\/fr\/author\/redazione\/"}]}},"_links":{"self":[{"href":"https:\/\/rendezvous-vda.it\/fr\/wp-json\/wp\/v2\/posts\/18387","targetHints":{"allow":["GET"]}}],"collection":[{"href":"https:\/\/rendezvous-vda.it\/fr\/wp-json\/wp\/v2\/posts"}],"about":[{"href":"https:\/\/rendezvous-vda.it\/fr\/wp-json\/wp\/v2\/types\/post"}],"author":[{"embeddable":true,"href":"https:\/\/rendezvous-vda.it\/fr\/wp-json\/wp\/v2\/users\/8"}],"replies":[{"embeddable":true,"href":"https:\/\/rendezvous-vda.it\/fr\/wp-json\/wp\/v2\/comments?post=18387"}],"version-history":[{"count":10,"href":"https:\/\/rendezvous-vda.it\/fr\/wp-json\/wp\/v2\/posts\/18387\/revisions"}],"predecessor-version":[{"id":18648,"href":"https:\/\/rendezvous-vda.it\/fr\/wp-json\/wp\/v2\/posts\/18387\/revisions\/18648"}],"wp:featuredmedia":[{"embeddable":true,"href":"https:\/\/rendezvous-vda.it\/fr\/wp-json\/wp\/v2\/media\/18366"}],"wp:attachment":[{"href":"https:\/\/rendezvous-vda.it\/fr\/wp-json\/wp\/v2\/media?parent=18387"}],"wp:term":[{"taxonomy":"category","embeddable":true,"href":"https:\/\/rendezvous-vda.it\/fr\/wp-json\/wp\/v2\/categories?post=18387"},{"taxonomy":"post_tag","embeddable":true,"href":"https:\/\/rendezvous-vda.it\/fr\/wp-json\/wp\/v2\/tags?post=18387"}],"curies":[{"name":"wp","href":"https:\/\/api.w.org\/{rel}","templated":true}]}}