{"id":17845,"date":"2026-01-01T17:39:00","date_gmt":"2026-01-01T16:39:00","guid":{"rendered":"https:\/\/k91y7tbwrjk.preview.infomaniak.website\/?p=17845"},"modified":"2026-01-07T11:19:50","modified_gmt":"2026-01-07T10:19:50","slug":"foire-de-saint-ours-de-donnas-2026","status":"publish","type":"post","link":"https:\/\/rendezvous-vda.it\/fr\/foire-de-saint-ours-de-donnas-2026\/","title":{"rendered":"Donnas se pare de tradition"},"content":{"rendered":"\t\t<div data-elementor-type=\"wp-post\" data-elementor-id=\"17845\" class=\"elementor elementor-17845 elementor-17840\" data-elementor-post-type=\"post\">\n\t\t\t\t\t\t<section class=\"elementor-section elementor-top-section elementor-element elementor-element-8e3992c elementor-section-height-min-height elementor-section-items-stretch elementor-section-boxed elementor-section-height-default\" data-id=\"8e3992c\" data-element_type=\"section\" data-e-type=\"section\">\n\t\t\t\t\t\t<div class=\"elementor-container elementor-column-gap-default\">\n\t\t\t\t\t<div class=\"elementor-column elementor-col-100 elementor-top-column elementor-element elementor-element-4d4c0802\" data-id=\"4d4c0802\" data-element_type=\"column\" data-e-type=\"column\" data-settings=\"{&quot;background_background&quot;:&quot;classic&quot;}\">\n\t\t\t<div class=\"elementor-widget-wrap\">\n\t\t\t\t\t\t\t<\/div>\n\t\t<\/div>\n\t\t\t\t\t<\/div>\n\t\t<\/section>\n\t\t\t\t<section class=\"elementor-section elementor-top-section elementor-element elementor-element-68f4d6ba elementor-reverse-mobile elementor-section-boxed elementor-section-height-default elementor-section-height-default\" data-id=\"68f4d6ba\" data-element_type=\"section\" data-e-type=\"section\">\n\t\t\t\t\t\t<div class=\"elementor-container elementor-column-gap-default\">\n\t\t\t\t\t<div class=\"elementor-column elementor-col-50 elementor-top-column elementor-element elementor-element-4a0782b1\" data-id=\"4a0782b1\" data-element_type=\"column\" data-e-type=\"column\">\n\t\t\t<div class=\"elementor-widget-wrap elementor-element-populated\">\n\t\t\t\t\t\t<div class=\"elementor-element elementor-element-479947b4 elementor-widget elementor-widget-gallery\" data-id=\"479947b4\" data-element_type=\"widget\" data-e-type=\"widget\" data-settings=\"{&quot;columns&quot;:1,&quot;columns_mobile&quot;:2,&quot;lazyload&quot;:&quot;yes&quot;,&quot;gallery_layout&quot;:&quot;grid&quot;,&quot;columns_tablet&quot;:2,&quot;gap&quot;:{&quot;unit&quot;:&quot;px&quot;,&quot;size&quot;:10,&quot;sizes&quot;:[]},&quot;gap_tablet&quot;:{&quot;unit&quot;:&quot;px&quot;,&quot;size&quot;:10,&quot;sizes&quot;:[]},&quot;gap_mobile&quot;:{&quot;unit&quot;:&quot;px&quot;,&quot;size&quot;:10,&quot;sizes&quot;:[]},&quot;link_to&quot;:&quot;file&quot;,&quot;aspect_ratio&quot;:&quot;3:2&quot;,&quot;overlay_background&quot;:&quot;yes&quot;,&quot;content_hover_animation&quot;:&quot;fade-in&quot;}\" data-widget_type=\"gallery.default\">\n\t\t\t\t<div class=\"elementor-widget-container\">\n\t\t\t\t\t\t\t<div class=\"elementor-gallery__container\">\n\t\t\t\t\t\t\t<a class=\"e-gallery-item elementor-gallery-item elementor-animated-content\" href=\"https:\/\/rendezvous-vda.it\/wp-content\/uploads\/2023\/12\/Ph.-Archivio-Comitato-Foire-de-Saint-Ours-di-Donnas-8.jpg\" data-elementor-open-lightbox=\"yes\" data-elementor-lightbox-slideshow=\"479947b4\" data-elementor-lightbox-title=\"Ph. Archivio Comitato Foire de Saint Ours di Donnas (8)\" data-e-action-hash=\"#elementor-action%3Aaction%3Dlightbox%26settings%3DeyJpZCI6MTE3NjgsInVybCI6Imh0dHBzOlwvXC9yZW5kZXp2b3VzLXZkYS5pdFwvd3AtY29udGVudFwvdXBsb2Fkc1wvMjAyM1wvMTJcL1BoLi1BcmNoaXZpby1Db21pdGF0by1Gb2lyZS1kZS1TYWludC1PdXJzLWRpLURvbm5hcy04LmpwZyIsInNsaWRlc2hvdyI6IjQ3OTk0N2I0In0%3D\">\n\t\t\t\t\t<div class=\"e-gallery-image elementor-gallery-item__image\" data-thumbnail=\"https:\/\/rendezvous-vda.it\/wp-content\/uploads\/2023\/12\/Ph.-Archivio-Comitato-Foire-de-Saint-Ours-di-Donnas-8.jpg\" data-width=\"2560\" data-height=\"1703\" aria-label=\"\" role=\"img\" ><\/div>\n\t\t\t\t\t\t\t\t\t\t\t<div class=\"elementor-gallery-item__overlay\"><\/div>\n\t\t\t\t\t\t\t\t\t\t\t\t\t\t<\/a>\n\t\t\t\t\t\t\t<a class=\"e-gallery-item elementor-gallery-item elementor-animated-content\" href=\"https:\/\/rendezvous-vda.it\/wp-content\/uploads\/2023\/12\/Ph.-Archivio-Comitato-Foire-de-Saint-Ours-di-Donnas-6.jpg\" data-elementor-open-lightbox=\"yes\" data-elementor-lightbox-slideshow=\"479947b4\" data-elementor-lightbox-title=\"Ph. Archivio Comitato Foire de Saint Ours di Donnas (6)\" data-e-action-hash=\"#elementor-action%3Aaction%3Dlightbox%26settings%3DeyJpZCI6MTE3NjQsInVybCI6Imh0dHBzOlwvXC9yZW5kZXp2b3VzLXZkYS5pdFwvd3AtY29udGVudFwvdXBsb2Fkc1wvMjAyM1wvMTJcL1BoLi1BcmNoaXZpby1Db21pdGF0by1Gb2lyZS1kZS1TYWludC1PdXJzLWRpLURvbm5hcy02LmpwZyIsInNsaWRlc2hvdyI6IjQ3OTk0N2I0In0%3D\">\n\t\t\t\t\t<div class=\"e-gallery-image elementor-gallery-item__image\" data-thumbnail=\"https:\/\/rendezvous-vda.it\/wp-content\/uploads\/2023\/12\/Ph.-Archivio-Comitato-Foire-de-Saint-Ours-di-Donnas-6.jpg\" data-width=\"2560\" data-height=\"1703\" aria-label=\"\" role=\"img\" ><\/div>\n\t\t\t\t\t\t\t\t\t\t\t<div class=\"elementor-gallery-item__overlay\"><\/div>\n\t\t\t\t\t\t\t\t\t\t\t\t\t\t<\/a>\n\t\t\t\t\t\t\t<a class=\"e-gallery-item elementor-gallery-item elementor-animated-content\" href=\"https:\/\/rendezvous-vda.it\/wp-content\/uploads\/2023\/12\/Ph.-Archivio-Comitato-Foire-de-Saint-Ours-di-Donnas-3.jpg\" data-elementor-open-lightbox=\"yes\" data-elementor-lightbox-slideshow=\"479947b4\" data-elementor-lightbox-title=\"Ph. Archivio Comitato Foire de Saint Ours di Donnas (3)\" data-e-action-hash=\"#elementor-action%3Aaction%3Dlightbox%26settings%3DeyJpZCI6MTE3NjAsInVybCI6Imh0dHBzOlwvXC9yZW5kZXp2b3VzLXZkYS5pdFwvd3AtY29udGVudFwvdXBsb2Fkc1wvMjAyM1wvMTJcL1BoLi1BcmNoaXZpby1Db21pdGF0by1Gb2lyZS1kZS1TYWludC1PdXJzLWRpLURvbm5hcy0zLmpwZyIsInNsaWRlc2hvdyI6IjQ3OTk0N2I0In0%3D\">\n\t\t\t\t\t<div class=\"e-gallery-image elementor-gallery-item__image\" data-thumbnail=\"https:\/\/rendezvous-vda.it\/wp-content\/uploads\/2023\/12\/Ph.-Archivio-Comitato-Foire-de-Saint-Ours-di-Donnas-3.jpg\" data-width=\"2560\" data-height=\"1703\" aria-label=\"\" role=\"img\" ><\/div>\n\t\t\t\t\t\t\t\t\t\t\t<div class=\"elementor-gallery-item__overlay\"><\/div>\n\t\t\t\t\t\t\t\t\t\t\t\t\t\t<\/a>\n\t\t\t\t\t\t\t<a class=\"e-gallery-item elementor-gallery-item elementor-animated-content\" href=\"https:\/\/rendezvous-vda.it\/wp-content\/uploads\/2023\/12\/Ph.-Archivio-Comitato-Foire-de-Saint-Ours-di-Donnas-4.jpg\" data-elementor-open-lightbox=\"yes\" data-elementor-lightbox-slideshow=\"479947b4\" data-elementor-lightbox-title=\"Ph. Archivio Comitato Foire de Saint Ours di Donnas (4)\" data-e-action-hash=\"#elementor-action%3Aaction%3Dlightbox%26settings%3DeyJpZCI6MTE3NTQsInVybCI6Imh0dHBzOlwvXC9yZW5kZXp2b3VzLXZkYS5pdFwvd3AtY29udGVudFwvdXBsb2Fkc1wvMjAyM1wvMTJcL1BoLi1BcmNoaXZpby1Db21pdGF0by1Gb2lyZS1kZS1TYWludC1PdXJzLWRpLURvbm5hcy00LmpwZyIsInNsaWRlc2hvdyI6IjQ3OTk0N2I0In0%3D\">\n\t\t\t\t\t<div class=\"e-gallery-image elementor-gallery-item__image\" data-thumbnail=\"https:\/\/rendezvous-vda.it\/wp-content\/uploads\/2023\/12\/Ph.-Archivio-Comitato-Foire-de-Saint-Ours-di-Donnas-4.jpg\" data-width=\"2560\" data-height=\"1703\" aria-label=\"\" role=\"img\" ><\/div>\n\t\t\t\t\t\t\t\t\t\t\t<div class=\"elementor-gallery-item__overlay\"><\/div>\n\t\t\t\t\t\t\t\t\t\t\t\t\t\t<\/a>\n\t\t\t\t\t\t\t<a class=\"e-gallery-item elementor-gallery-item elementor-animated-content\" href=\"https:\/\/rendezvous-vda.it\/wp-content\/uploads\/2022\/12\/DSC_2787-FERNANDO-CASETTA-scaled.jpg\" data-elementor-open-lightbox=\"yes\" data-elementor-lightbox-slideshow=\"479947b4\" data-elementor-lightbox-title=\"DSC_2787-FERNANDO-CASETTA\" data-e-action-hash=\"#elementor-action%3Aaction%3Dlightbox%26settings%3DeyJpZCI6ODY3MiwidXJsIjoiaHR0cHM6XC9cL3JlbmRlenZvdXMtdmRhLml0XC93cC1jb250ZW50XC91cGxvYWRzXC8yMDIyXC8xMlwvRFNDXzI3ODctRkVSTkFORE8tQ0FTRVRUQS1zY2FsZWQuanBnIiwic2xpZGVzaG93IjoiNDc5OTQ3YjQifQ%3D%3D\">\n\t\t\t\t\t<div class=\"e-gallery-image elementor-gallery-item__image\" data-thumbnail=\"https:\/\/rendezvous-vda.it\/wp-content\/uploads\/2022\/12\/DSC_2787-FERNANDO-CASETTA-scaled.jpg\" data-width=\"2560\" data-height=\"1703\" aria-label=\"\" role=\"img\" ><\/div>\n\t\t\t\t\t\t\t\t\t\t\t<div class=\"elementor-gallery-item__overlay\"><\/div>\n\t\t\t\t\t\t\t\t\t\t\t\t\t\t<\/a>\n\t\t\t\t\t\t\t<a class=\"e-gallery-item elementor-gallery-item elementor-animated-content\" href=\"https:\/\/rendezvous-vda.it\/wp-content\/uploads\/2023\/12\/Ph.-Archivio-Comitato-Foire-de-Saint-Ours-di-Donnas.jpg\" data-elementor-open-lightbox=\"yes\" data-elementor-lightbox-slideshow=\"479947b4\" data-elementor-lightbox-title=\"Ph. Archivio Comitato Foire de Saint Ours di Donnas\" data-e-action-hash=\"#elementor-action%3Aaction%3Dlightbox%26settings%3DeyJpZCI6MTE3NzAsInVybCI6Imh0dHBzOlwvXC9yZW5kZXp2b3VzLXZkYS5pdFwvd3AtY29udGVudFwvdXBsb2Fkc1wvMjAyM1wvMTJcL1BoLi1BcmNoaXZpby1Db21pdGF0by1Gb2lyZS1kZS1TYWludC1PdXJzLWRpLURvbm5hcy5qcGciLCJzbGlkZXNob3ciOiI0Nzk5NDdiNCJ9\">\n\t\t\t\t\t<div class=\"e-gallery-image elementor-gallery-item__image\" data-thumbnail=\"https:\/\/rendezvous-vda.it\/wp-content\/uploads\/2023\/12\/Ph.-Archivio-Comitato-Foire-de-Saint-Ours-di-Donnas.jpg\" data-width=\"2560\" data-height=\"1703\" aria-label=\"\" role=\"img\" ><\/div>\n\t\t\t\t\t\t\t\t\t\t\t<div class=\"elementor-gallery-item__overlay\"><\/div>\n\t\t\t\t\t\t\t\t\t\t\t\t\t\t<\/a>\n\t\t\t\t\t\t\t<a class=\"e-gallery-item elementor-gallery-item elementor-animated-content\" href=\"https:\/\/rendezvous-vda.it\/wp-content\/uploads\/2023\/12\/Ph.-Archivio-Comitato-Foire-de-Saint-Ours-di-Donnas-7.jpg\" data-elementor-open-lightbox=\"yes\" data-elementor-lightbox-slideshow=\"479947b4\" data-elementor-lightbox-title=\"Ph. Archivio Comitato Foire de Saint Ours di Donnas (7)\" data-e-action-hash=\"#elementor-action%3Aaction%3Dlightbox%26settings%3DeyJpZCI6MTE3NjYsInVybCI6Imh0dHBzOlwvXC9yZW5kZXp2b3VzLXZkYS5pdFwvd3AtY29udGVudFwvdXBsb2Fkc1wvMjAyM1wvMTJcL1BoLi1BcmNoaXZpby1Db21pdGF0by1Gb2lyZS1kZS1TYWludC1PdXJzLWRpLURvbm5hcy03LmpwZyIsInNsaWRlc2hvdyI6IjQ3OTk0N2I0In0%3D\">\n\t\t\t\t\t<div class=\"e-gallery-image elementor-gallery-item__image\" data-thumbnail=\"https:\/\/rendezvous-vda.it\/wp-content\/uploads\/2023\/12\/Ph.-Archivio-Comitato-Foire-de-Saint-Ours-di-Donnas-7.jpg\" data-width=\"2560\" data-height=\"1703\" aria-label=\"\" role=\"img\" ><\/div>\n\t\t\t\t\t\t\t\t\t\t\t<div class=\"elementor-gallery-item__overlay\"><\/div>\n\t\t\t\t\t\t\t\t\t\t\t\t\t\t<\/a>\n\t\t\t\t\t\t\t<a class=\"e-gallery-item elementor-gallery-item elementor-animated-content\" href=\"https:\/\/rendezvous-vda.it\/wp-content\/uploads\/2023\/12\/Ph.-Archivio-Comitato-Foire-de-Saint-Ours-di-Donnas-2.jpg\" data-elementor-open-lightbox=\"yes\" data-elementor-lightbox-slideshow=\"479947b4\" data-elementor-lightbox-title=\"Ph. Archivio Comitato Foire de Saint Ours di Donnas (2)\" data-e-action-hash=\"#elementor-action%3Aaction%3Dlightbox%26settings%3DeyJpZCI6MTE3NTgsInVybCI6Imh0dHBzOlwvXC9yZW5kZXp2b3VzLXZkYS5pdFwvd3AtY29udGVudFwvdXBsb2Fkc1wvMjAyM1wvMTJcL1BoLi1BcmNoaXZpby1Db21pdGF0by1Gb2lyZS1kZS1TYWludC1PdXJzLWRpLURvbm5hcy0yLmpwZyIsInNsaWRlc2hvdyI6IjQ3OTk0N2I0In0%3D\">\n\t\t\t\t\t<div class=\"e-gallery-image elementor-gallery-item__image\" data-thumbnail=\"https:\/\/rendezvous-vda.it\/wp-content\/uploads\/2023\/12\/Ph.-Archivio-Comitato-Foire-de-Saint-Ours-di-Donnas-2.jpg\" data-width=\"2560\" data-height=\"1703\" aria-label=\"\" role=\"img\" ><\/div>\n\t\t\t\t\t\t\t\t\t\t\t<div class=\"elementor-gallery-item__overlay\"><\/div>\n\t\t\t\t\t\t\t\t\t\t\t\t\t\t<\/a>\n\t\t\t\t\t<\/div>\n\t\t\t\t\t<\/div>\n\t\t\t\t<\/div>\n\t\t\t\t\t<\/div>\n\t\t<\/div>\n\t\t\t\t<div class=\"elementor-column elementor-col-50 elementor-top-column elementor-element elementor-element-7e38584f\" data-id=\"7e38584f\" data-element_type=\"column\" data-e-type=\"column\">\n\t\t\t<div class=\"elementor-widget-wrap elementor-element-populated\">\n\t\t\t\t\t\t<div class=\"elementor-element elementor-element-3a551e8d elementor-widget elementor-widget-heading\" data-id=\"3a551e8d\" data-element_type=\"widget\" data-e-type=\"widget\" data-widget_type=\"heading.default\">\n\t\t\t\t<div class=\"elementor-widget-container\">\n\t\t\t\t\t<h2 class=\"elementor-heading-title elementor-size-default\">Donnas se pare de tradition<\/h2>\t\t\t\t<\/div>\n\t\t\t\t<\/div>\n\t\t\t\t<div class=\"elementor-element elementor-element-418634ee elementor-widget__width-auto elementor-widget elementor-widget-post-info\" data-id=\"418634ee\" data-element_type=\"widget\" data-e-type=\"widget\" data-widget_type=\"post-info.default\">\n\t\t\t\t<div class=\"elementor-widget-container\">\n\t\t\t\t\t\t\t<ul class=\"elementor-inline-items elementor-icon-list-items elementor-post-info\">\n\t\t\t\t\t\t\t\t<li class=\"elementor-icon-list-item elementor-repeater-item-9ddff1b elementor-inline-item\" itemprop=\"about\">\n\t\t\t\t\t\t\t\t\t\t\t\t\t<span class=\"elementor-icon-list-text elementor-post-info__item elementor-post-info__item--type-terms\">\n\t\t\t\t\t\t\t\t\t\t<span class=\"elementor-post-info__terms-list\">\n\t\t\t\t<a href=\"https:\/\/rendezvous-vda.it\/fr\/category\/news-fr\/traditions-fr\/\" class=\"elementor-post-info__terms-list-item\">Traditions<\/a>\t\t\t\t<\/span>\n\t\t\t\t\t<\/span>\n\t\t\t\t\t\t\t\t<\/li>\n\t\t\t\t<\/ul>\n\t\t\t\t\t\t<\/div>\n\t\t\t\t<\/div>\n\t\t\t\t<div class=\"elementor-element elementor-element-30d72f01 elementor-widget__width-auto elementor-widget elementor-widget-post-info\" data-id=\"30d72f01\" data-element_type=\"widget\" data-e-type=\"widget\" data-widget_type=\"post-info.default\">\n\t\t\t\t<div class=\"elementor-widget-container\">\n\t\t\t\t\t\t\t<ul class=\"elementor-inline-items elementor-icon-list-items elementor-post-info\">\n\t\t\t\t\t\t\t\t<li class=\"elementor-icon-list-item elementor-repeater-item-39eb51a elementor-inline-item\" itemprop=\"datePublished\">\n\t\t\t\t\t\t\t\t\t\t<span class=\"elementor-icon-list-icon\">\n\t\t\t\t\t\t\t\t<i aria-hidden=\"true\" class=\"fas fa-calendar\"><\/i>\t\t\t\t\t\t\t<\/span>\n\t\t\t\t\t\t\t\t\t<span class=\"elementor-icon-list-text elementor-post-info__item elementor-post-info__item--type-date\">\n\t\t\t\t\t\t\t\t\t\t<time>01\/01\/2026<\/time>\t\t\t\t\t<\/span>\n\t\t\t\t\t\t\t\t<\/li>\n\t\t\t\t<li class=\"elementor-icon-list-item elementor-repeater-item-98ad935 elementor-inline-item\" itemprop=\"author\">\n\t\t\t\t\t\t\t\t\t\t\t\t\t<span class=\"elementor-icon-list-text elementor-post-info__item elementor-post-info__item--type-author\">\n\t\t\t\t\t\t\t<span class=\"elementor-post-info__item-prefix\">di<\/span>\n\t\t\t\t\t\t\t\t\t\tRedazione RV\t\t\t\t\t<\/span>\n\t\t\t\t\t\t\t\t<\/li>\n\t\t\t\t<\/ul>\n\t\t\t\t\t\t<\/div>\n\t\t\t\t<\/div>\n\t\t\t\t<div class=\"elementor-element elementor-element-208b18c6 elementor-widget elementor-widget-heading\" data-id=\"208b18c6\" data-element_type=\"widget\" data-e-type=\"widget\" data-widget_type=\"heading.default\">\n\t\t\t\t<div class=\"elementor-widget-container\">\n\t\t\t\t\t<h2 class=\"elementor-heading-title elementor-size-default\">Dimanche 18 janvier 2026 revient la historique Foire de Saint-Ours de Donnas.<\/h2>\t\t\t\t<\/div>\n\t\t\t\t<\/div>\n\t\t\t\t<div class=\"elementor-element elementor-element-28860126 elementor-widget elementor-widget-text-editor\" data-id=\"28860126\" data-element_type=\"widget\" data-e-type=\"widget\" data-widget_type=\"text-editor.default\">\n\t\t\t\t<div class=\"elementor-widget-container\">\n\t\t\t\t\t\t\t\t\t<p><strong>Le troisi\u00e8me dimanche de janvier 2026, les rues du bourg de<\/strong> Donnas se pr\u00e9parent \u00e0 accueillir la historique Foire de Saint-Ours. Cette commune vald\u00f4taine garde fortement le lien avec ses propres racines et cet \u00e9v\u00e9nement, symbole de la tradition et de la culture vald\u00f4taine, pr\u00e9c\u00e8de de quelques jours l&rsquo;homonyme mill\u00e9naire \u00abSaint Ours\u00bb qui se d\u00e9roule dans le chef-lieu r\u00e9gional, \u00e0 Aoste.<\/p><p>Comme chaque ann\u00e9e, les passionn\u00e9s pourront admirer l&rsquo;artisanat typique et traditionnel de la Vall\u00e9e d&rsquo;Aoste et dialoguer avec les artisans exposants, disponibles \u00e0 raconter leur propre travail et r\u00e9pondre \u00e0 leurs curiosit\u00e9s. N\u00e9e comme foire pour la vente d&rsquo;outils agricoles \u00e0 utiliser durant l&rsquo;ann\u00e9e, du 17 au 19 janvier 2026, on pourra parcourir les rues historiques, assister \u00e0 des d\u00e9monstrations artisanales en direct et c\u00e9l\u00e9brer le patrimoine culturel et historique de la r\u00e9gion.<\/p><p>R\u00e2teaux, paniers, cuill\u00e8res, louches et sabot (les sabots traditionnels en bois de la Vall\u00e9e d\u2019Aoste) seront les protagonistes de la Foire, avec les \u0153uvres d&rsquo;art r\u00e9alis\u00e9es par les ma\u00eetres vald\u00f4tains. La sculpture sur bois reste la reine incontest\u00e9e de la manifestation m\u00eame si, ces derni\u00e8res ann\u00e9es, des nouveaut\u00e9s sont arriv\u00e9es: des artisans qui travaillent la pierre ollaire, le fer battu, le cuir et les fameux drap (un tissu particulier qui est travaill\u00e9 sur des m\u00e9tiers \u00e0 tisser en bois) participent \u00e0 l&rsquo;\u00e9v\u00e9nement aussi. Dans le bourg flotte une atmosph\u00e8re sp\u00e9ciale qui rend intime, recueillie et authentique cette vitrine \u00e0 ciel ouvert de l&rsquo;artisanat vald\u00f4tain.<\/p><p>La Foire de Saint-Ours de Donnas est bien plus qu&rsquo;un \u00e9v\u00e9nement: c&rsquo;est un voyage au c\u0153ur de la Vall\u00e9e d&rsquo;Aoste, un moment de rencontre entre pass\u00e9 et pr\u00e9sent, une occasion de red\u00e9couvrir la beaut\u00e9 des choses faites \u00e0 la main et la valeur de la tradition.<\/p>\t\t\t\t\t\t\t\t<\/div>\n\t\t\t\t<\/div>\n\t\t\t\t<div class=\"elementor-element elementor-element-245f799 elementor-widget elementor-widget-image\" data-id=\"245f799\" data-element_type=\"widget\" data-e-type=\"widget\" data-widget_type=\"image.default\">\n\t\t\t\t<div class=\"elementor-widget-container\">\n\t\t\t\t\t\t\t\t\t\t\t\t<figure class=\"wp-caption\">\n\t\t\t\t\t\t\t\t\t\t<img fetchpriority=\"high\" decoding=\"async\" width=\"724\" height=\"1024\" src=\"https:\/\/rendezvous-vda.it\/wp-content\/uploads\/2026\/01\/Fiera-di-SantOrso-di-Donnas-Manifesto-ufficiale-2026-724x1024.jpg\" class=\"attachment-large size-large wp-image-18605\" alt=\"\" srcset=\"https:\/\/rendezvous-vda.it\/wp-content\/uploads\/2026\/01\/Fiera-di-SantOrso-di-Donnas-Manifesto-ufficiale-2026-724x1024.jpg 724w, https:\/\/rendezvous-vda.it\/wp-content\/uploads\/2026\/01\/Fiera-di-SantOrso-di-Donnas-Manifesto-ufficiale-2026-212x300.jpg 212w, https:\/\/rendezvous-vda.it\/wp-content\/uploads\/2026\/01\/Fiera-di-SantOrso-di-Donnas-Manifesto-ufficiale-2026-768x1087.jpg 768w, https:\/\/rendezvous-vda.it\/wp-content\/uploads\/2026\/01\/Fiera-di-SantOrso-di-Donnas-Manifesto-ufficiale-2026-1086x1536.jpg 1086w, https:\/\/rendezvous-vda.it\/wp-content\/uploads\/2026\/01\/Fiera-di-SantOrso-di-Donnas-Manifesto-ufficiale-2026-1448x2048.jpg 1448w, https:\/\/rendezvous-vda.it\/wp-content\/uploads\/2026\/01\/Fiera-di-SantOrso-di-Donnas-Manifesto-ufficiale-2026-scaled.jpg 1809w\" sizes=\"(max-width: 724px) 100vw, 724px\" \/>\t\t\t\t\t\t\t\t\t\t\t<figcaption class=\"widget-image-caption wp-caption-text\">Foire de Saint Ours de Donnas - Affiche officielle 2026<\/figcaption>\n\t\t\t\t\t\t\t\t\t\t<\/figure>\n\t\t\t\t\t\t\t\t\t<\/div>\n\t\t\t\t<\/div>\n\t\t\t\t<div class=\"elementor-element elementor-element-7ab7f514 elementor-widget elementor-widget-heading\" data-id=\"7ab7f514\" data-element_type=\"widget\" data-e-type=\"widget\" data-widget_type=\"heading.default\">\n\t\t\t\t<div class=\"elementor-widget-container\">\n\t\t\t\t\t<h2 class=\"elementor-heading-title elementor-size-default\">Programme complet, contenus in\u00e9dits et informations compl\u00e9mentaires.\n<\/h2>\t\t\t\t<\/div>\n\t\t\t\t<\/div>\n\t\t\t\t<div class=\"elementor-element elementor-element-72048e86 elementor-widget elementor-widget-text-editor\" data-id=\"72048e86\" data-element_type=\"widget\" data-e-type=\"widget\" data-widget_type=\"text-editor.default\">\n\t\t\t\t<div class=\"elementor-widget-container\">\n\t\t\t\t\t\t\t\t\t<p>Restez \u00e0 jour sur\u00a0 <strong><a href=\"http:\/\/www.fierasantorsodonnas.it\/\">www.fierasantorsodonnas.it<\/a><\/strong>, sur <strong><a href=\"https:\/\/www.instagram.com\/santorso_donnas\/\">Instagram @santorso_donnas<\/a><\/strong> et sur <strong><a href=\"https:\/\/www.facebook.com\/fierasantorsodonnas\">Facebook Fiera Sant Orso Donnas<\/a><\/strong> pour ne pas manquer les informations sur le programme et les nouveaut\u00e9s de l&rsquo;\u00e9v\u00e9nement.<\/p><p>Sur le site officiel, il est possible de trouver une s\u00e9rie de <strong>contenus in\u00e9dits de l&rsquo;\u00e9dition 2025<\/strong>. Dans la section d\u00e9di\u00e9e, il y a les photos des \u0153uvres que les artistes ont r\u00e9alis\u00e9es, \u00e9tiquet\u00e9es avec leur nom et l&rsquo;auteur correspondant, des vid\u00e9o-interviews exclusives faites aux artisans pendant qu&rsquo;ils travaillent dans leurs ateliers et le programme complet.<\/p><p><strong>Pour plus d&rsquo;informations<\/strong>, on peut aussi contacter l&rsquo;<em>office r\u00e9gional du tourisme<\/em> au num\u00e9ro +39 0165 40532.<\/p>\t\t\t\t\t\t\t\t<\/div>\n\t\t\t\t<\/div>\n\t\t\t\t<div class=\"elementor-element elementor-element-547fc997 elementor-share-buttons--view-icon elementor-share-buttons--skin-gradient elementor-share-buttons--shape-square elementor-grid-0 elementor-share-buttons--color-official elementor-widget elementor-widget-global elementor-global-1711 elementor-widget-share-buttons\" data-id=\"547fc997\" data-element_type=\"widget\" data-e-type=\"widget\" data-widget_type=\"share-buttons.default\">\n\t\t\t\t<div class=\"elementor-widget-container\">\n\t\t\t\t\t\t\t<div class=\"elementor-grid\" role=\"list\">\n\t\t\t\t\t\t\t\t<div class=\"elementor-grid-item\" role=\"listitem\">\n\t\t\t\t\t\t<div class=\"elementor-share-btn elementor-share-btn_facebook\" role=\"button\" tabindex=\"0\" aria-label=\"Partager sur facebook\">\n\t\t\t\t\t\t\t\t\t\t\t\t\t\t\t<span class=\"elementor-share-btn__icon\">\n\t\t\t\t\t\t\t\t<i class=\"fab fa-facebook\" aria-hidden=\"true\"><\/i>\t\t\t\t\t\t\t<\/span>\n\t\t\t\t\t\t\t\t\t\t\t\t\t\t\t\t\t\t\t\t<\/div>\n\t\t\t\t\t<\/div>\n\t\t\t\t\t\t\t\t\t<div class=\"elementor-grid-item\" role=\"listitem\">\n\t\t\t\t\t\t<div class=\"elementor-share-btn elementor-share-btn_twitter\" role=\"button\" tabindex=\"0\" aria-label=\"Partager sur twitter\">\n\t\t\t\t\t\t\t\t\t\t\t\t\t\t\t<span class=\"elementor-share-btn__icon\">\n\t\t\t\t\t\t\t\t<i class=\"fab fa-twitter\" aria-hidden=\"true\"><\/i>\t\t\t\t\t\t\t<\/span>\n\t\t\t\t\t\t\t\t\t\t\t\t\t\t\t\t\t\t\t\t<\/div>\n\t\t\t\t\t<\/div>\n\t\t\t\t\t\t\t\t\t<div class=\"elementor-grid-item\" role=\"listitem\">\n\t\t\t\t\t\t<div class=\"elementor-share-btn elementor-share-btn_linkedin\" role=\"button\" tabindex=\"0\" aria-label=\"Partager sur linkedin\">\n\t\t\t\t\t\t\t\t\t\t\t\t\t\t\t<span class=\"elementor-share-btn__icon\">\n\t\t\t\t\t\t\t\t<i class=\"fab fa-linkedin\" aria-hidden=\"true\"><\/i>\t\t\t\t\t\t\t<\/span>\n\t\t\t\t\t\t\t\t\t\t\t\t\t\t\t\t\t\t\t\t<\/div>\n\t\t\t\t\t<\/div>\n\t\t\t\t\t\t\t\t\t<div class=\"elementor-grid-item\" role=\"listitem\">\n\t\t\t\t\t\t<div class=\"elementor-share-btn elementor-share-btn_email\" role=\"button\" tabindex=\"0\" aria-label=\"Partager sur email\">\n\t\t\t\t\t\t\t\t\t\t\t\t\t\t\t<span class=\"elementor-share-btn__icon\">\n\t\t\t\t\t\t\t\t<i class=\"fas fa-envelope\" aria-hidden=\"true\"><\/i>\t\t\t\t\t\t\t<\/span>\n\t\t\t\t\t\t\t\t\t\t\t\t\t\t\t\t\t\t\t\t<\/div>\n\t\t\t\t\t<\/div>\n\t\t\t\t\t\t\t\t\t<div class=\"elementor-grid-item\" role=\"listitem\">\n\t\t\t\t\t\t<div class=\"elementor-share-btn elementor-share-btn_whatsapp\" role=\"button\" tabindex=\"0\" aria-label=\"Partager sur whatsapp\">\n\t\t\t\t\t\t\t\t\t\t\t\t\t\t\t<span class=\"elementor-share-btn__icon\">\n\t\t\t\t\t\t\t\t<i class=\"fab fa-whatsapp\" aria-hidden=\"true\"><\/i>\t\t\t\t\t\t\t<\/span>\n\t\t\t\t\t\t\t\t\t\t\t\t\t\t\t\t\t\t\t\t<\/div>\n\t\t\t\t\t<\/div>\n\t\t\t\t\t\t<\/div>\n\t\t\t\t\t\t<\/div>\n\t\t\t\t<\/div>\n\t\t\t\t\t<\/div>\n\t\t<\/div>\n\t\t\t\t\t<\/div>\n\t\t<\/section>\n\t\t\t\t<\/div>\n\t\t","protected":false},"excerpt":{"rendered":"<p>Le troisi\u00e8me dimanche de janvier 2026, les rues du bourg de Donnas, en Vall\u00e9e d&rsquo;Aoste, se pr\u00e9parent \u00e0 accueillir la historique Foire de Saint-Ours&#8230;<\/p>\n","protected":false},"author":8,"featured_media":11758,"comment_status":"closed","ping_status":"closed","sticky":false,"template":"elementor_header_footer","format":"standard","meta":{"footnotes":""},"categories":[47],"tags":[],"class_list":["post-17845","post","type-post","status-publish","format-standard","has-post-thumbnail","hentry","category-traditions-fr"],"yoast_head":"<!-- This site is optimized with the Yoast SEO plugin v27.5 - https:\/\/yoast.com\/product\/yoast-seo-wordpress\/ -->\n<title>Donnas se pare de tradition - Rendez Vous en Vall\u00e9e d Aoste<\/title>\n<meta name=\"description\" content=\"Le troisi\u00e8me dimanche de janvier 2026, les rues du bourg de Donnas, en Vall\u00e9e d&#039;Aoste, se pr\u00e9parent \u00e0 accueillir la historique Foire de Saint-Ours...\" \/>\n<meta name=\"robots\" content=\"index, follow, max-snippet:-1, max-image-preview:large, max-video-preview:-1\" \/>\n<link rel=\"canonical\" href=\"https:\/\/rendezvous-vda.it\/fr\/foire-de-saint-ours-de-donnas-2026\/\" \/>\n<meta property=\"og:locale\" content=\"fr_FR\" \/>\n<meta property=\"og:type\" content=\"article\" \/>\n<meta property=\"og:title\" content=\"Donnas se pare de tradition - Rendez Vous en Vall\u00e9e d Aoste\" \/>\n<meta property=\"og:description\" content=\"Le troisi\u00e8me dimanche de janvier 2026, les rues du bourg de Donnas, en Vall\u00e9e d&#039;Aoste, se pr\u00e9parent \u00e0 accueillir la historique Foire de Saint-Ours...\" \/>\n<meta property=\"og:url\" content=\"https:\/\/rendezvous-vda.it\/fr\/foire-de-saint-ours-de-donnas-2026\/\" \/>\n<meta property=\"og:site_name\" content=\"Rendez Vous en Vall\u00e9e d Aoste\" \/>\n<meta property=\"article:published_time\" content=\"2026-01-01T16:39:00+00:00\" \/>\n<meta property=\"article:modified_time\" content=\"2026-01-07T10:19:50+00:00\" \/>\n<meta property=\"og:image\" content=\"https:\/\/rendezvous-vda.it\/wp-content\/uploads\/2023\/12\/Ph.-Archivio-Comitato-Foire-de-Saint-Ours-di-Donnas-2.jpg\" \/>\n\t<meta property=\"og:image:width\" content=\"2560\" \/>\n\t<meta property=\"og:image:height\" content=\"1703\" \/>\n\t<meta property=\"og:image:type\" content=\"image\/jpeg\" \/>\n<meta name=\"author\" content=\"Redazione RV\" \/>\n<meta name=\"twitter:card\" content=\"summary_large_image\" \/>\n<meta name=\"twitter:label1\" content=\"\u00c9crit par\" \/>\n\t<meta name=\"twitter:data1\" content=\"Redazione RV\" \/>\n\t<meta name=\"twitter:label2\" content=\"Dur\u00e9e de lecture estim\u00e9e\" \/>\n\t<meta name=\"twitter:data2\" content=\"3 minutes\" \/>\n<script type=\"application\/ld+json\" class=\"yoast-schema-graph\">{\"@context\":\"https:\\\/\\\/schema.org\",\"@graph\":[{\"@type\":\"Article\",\"@id\":\"https:\\\/\\\/rendezvous-vda.it\\\/fr\\\/foire-de-saint-ours-de-donnas-2026\\\/#article\",\"isPartOf\":{\"@id\":\"https:\\\/\\\/rendezvous-vda.it\\\/fr\\\/foire-de-saint-ours-de-donnas-2026\\\/\"},\"author\":{\"name\":\"Redazione RV\",\"@id\":\"https:\\\/\\\/rendezvous-vda.it\\\/#\\\/schema\\\/person\\\/26d79f6dbeaace8f49f6785137f0a34e\"},\"headline\":\"Donnas se pare de tradition\",\"datePublished\":\"2026-01-01T16:39:00+00:00\",\"dateModified\":\"2026-01-07T10:19:50+00:00\",\"mainEntityOfPage\":{\"@id\":\"https:\\\/\\\/rendezvous-vda.it\\\/fr\\\/foire-de-saint-ours-de-donnas-2026\\\/\"},\"wordCount\":481,\"publisher\":{\"@id\":\"https:\\\/\\\/rendezvous-vda.it\\\/#organization\"},\"image\":{\"@id\":\"https:\\\/\\\/rendezvous-vda.it\\\/fr\\\/foire-de-saint-ours-de-donnas-2026\\\/#primaryimage\"},\"thumbnailUrl\":\"https:\\\/\\\/rendezvous-vda.it\\\/wp-content\\\/uploads\\\/2023\\\/12\\\/Ph.-Archivio-Comitato-Foire-de-Saint-Ours-di-Donnas-2.jpg\",\"articleSection\":[\"Traditions\"],\"inLanguage\":\"fr-FR\"},{\"@type\":\"WebPage\",\"@id\":\"https:\\\/\\\/rendezvous-vda.it\\\/fr\\\/foire-de-saint-ours-de-donnas-2026\\\/\",\"url\":\"https:\\\/\\\/rendezvous-vda.it\\\/fr\\\/foire-de-saint-ours-de-donnas-2026\\\/\",\"name\":\"Donnas se pare de tradition - Rendez Vous en Vall\u00e9e d Aoste\",\"isPartOf\":{\"@id\":\"https:\\\/\\\/rendezvous-vda.it\\\/#website\"},\"primaryImageOfPage\":{\"@id\":\"https:\\\/\\\/rendezvous-vda.it\\\/fr\\\/foire-de-saint-ours-de-donnas-2026\\\/#primaryimage\"},\"image\":{\"@id\":\"https:\\\/\\\/rendezvous-vda.it\\\/fr\\\/foire-de-saint-ours-de-donnas-2026\\\/#primaryimage\"},\"thumbnailUrl\":\"https:\\\/\\\/rendezvous-vda.it\\\/wp-content\\\/uploads\\\/2023\\\/12\\\/Ph.-Archivio-Comitato-Foire-de-Saint-Ours-di-Donnas-2.jpg\",\"datePublished\":\"2026-01-01T16:39:00+00:00\",\"dateModified\":\"2026-01-07T10:19:50+00:00\",\"description\":\"Le troisi\u00e8me dimanche de janvier 2026, les rues du bourg de Donnas, en Vall\u00e9e d'Aoste, se pr\u00e9parent \u00e0 accueillir la historique Foire de Saint-Ours...\",\"breadcrumb\":{\"@id\":\"https:\\\/\\\/rendezvous-vda.it\\\/fr\\\/foire-de-saint-ours-de-donnas-2026\\\/#breadcrumb\"},\"inLanguage\":\"fr-FR\",\"potentialAction\":[{\"@type\":\"ReadAction\",\"target\":[\"https:\\\/\\\/rendezvous-vda.it\\\/fr\\\/foire-de-saint-ours-de-donnas-2026\\\/\"]}]},{\"@type\":\"ImageObject\",\"inLanguage\":\"fr-FR\",\"@id\":\"https:\\\/\\\/rendezvous-vda.it\\\/fr\\\/foire-de-saint-ours-de-donnas-2026\\\/#primaryimage\",\"url\":\"https:\\\/\\\/rendezvous-vda.it\\\/wp-content\\\/uploads\\\/2023\\\/12\\\/Ph.-Archivio-Comitato-Foire-de-Saint-Ours-di-Donnas-2.jpg\",\"contentUrl\":\"https:\\\/\\\/rendezvous-vda.it\\\/wp-content\\\/uploads\\\/2023\\\/12\\\/Ph.-Archivio-Comitato-Foire-de-Saint-Ours-di-Donnas-2.jpg\",\"width\":2560,\"height\":1703},{\"@type\":\"BreadcrumbList\",\"@id\":\"https:\\\/\\\/rendezvous-vda.it\\\/fr\\\/foire-de-saint-ours-de-donnas-2026\\\/#breadcrumb\",\"itemListElement\":[{\"@type\":\"ListItem\",\"position\":1,\"name\":\"Home\",\"item\":\"https:\\\/\\\/rendezvous-vda.it\\\/fr\\\/\"},{\"@type\":\"ListItem\",\"position\":2,\"name\":\"Donnas se pare de tradition\"}]},{\"@type\":\"WebSite\",\"@id\":\"https:\\\/\\\/rendezvous-vda.it\\\/#website\",\"url\":\"https:\\\/\\\/rendezvous-vda.it\\\/\",\"name\":\"Rendez Vous en Vall\u00e9e d Aoste\",\"description\":\"Arte, Cultura, Sport, Tradizioni, Enogastronomia, Tempo libero...\",\"publisher\":{\"@id\":\"https:\\\/\\\/rendezvous-vda.it\\\/#organization\"},\"potentialAction\":[{\"@type\":\"SearchAction\",\"target\":{\"@type\":\"EntryPoint\",\"urlTemplate\":\"https:\\\/\\\/rendezvous-vda.it\\\/?s={search_term_string}\"},\"query-input\":{\"@type\":\"PropertyValueSpecification\",\"valueRequired\":true,\"valueName\":\"search_term_string\"}}],\"inLanguage\":\"fr-FR\"},{\"@type\":\"Organization\",\"@id\":\"https:\\\/\\\/rendezvous-vda.it\\\/#organization\",\"name\":\"Rendez Vous en Vall\u00e9e d Aoste\",\"url\":\"https:\\\/\\\/rendezvous-vda.it\\\/\",\"logo\":{\"@type\":\"ImageObject\",\"inLanguage\":\"fr-FR\",\"@id\":\"https:\\\/\\\/rendezvous-vda.it\\\/#\\\/schema\\\/logo\\\/image\\\/\",\"url\":\"https:\\\/\\\/rendezvous-vda.it\\\/wp-content\\\/uploads\\\/2021\\\/05\\\/R.V_ITA-450.png\",\"contentUrl\":\"https:\\\/\\\/rendezvous-vda.it\\\/wp-content\\\/uploads\\\/2021\\\/05\\\/R.V_ITA-450.png\",\"width\":450,\"height\":83,\"caption\":\"Rendez Vous en Vall\u00e9e d Aoste\"},\"image\":{\"@id\":\"https:\\\/\\\/rendezvous-vda.it\\\/#\\\/schema\\\/logo\\\/image\\\/\"}},{\"@type\":\"Person\",\"@id\":\"https:\\\/\\\/rendezvous-vda.it\\\/#\\\/schema\\\/person\\\/26d79f6dbeaace8f49f6785137f0a34e\",\"name\":\"Redazione RV\",\"image\":{\"@type\":\"ImageObject\",\"inLanguage\":\"fr-FR\",\"@id\":\"https:\\\/\\\/secure.gravatar.com\\\/avatar\\\/0082012e4cff670801768efb03cd0e066347e982930d7c9ceb4cfb808cbb0597?s=96&d=mm&r=g\",\"url\":\"https:\\\/\\\/secure.gravatar.com\\\/avatar\\\/0082012e4cff670801768efb03cd0e066347e982930d7c9ceb4cfb808cbb0597?s=96&d=mm&r=g\",\"contentUrl\":\"https:\\\/\\\/secure.gravatar.com\\\/avatar\\\/0082012e4cff670801768efb03cd0e066347e982930d7c9ceb4cfb808cbb0597?s=96&d=mm&r=g\",\"caption\":\"Redazione RV\"},\"url\":\"https:\\\/\\\/rendezvous-vda.it\\\/fr\\\/author\\\/redazione\\\/\"}]}<\/script>\n<!-- \/ Yoast SEO plugin. -->","yoast_head_json":{"title":"Donnas se pare de tradition - Rendez Vous en Vall\u00e9e d Aoste","description":"Le troisi\u00e8me dimanche de janvier 2026, les rues du bourg de Donnas, en Vall\u00e9e d'Aoste, se pr\u00e9parent \u00e0 accueillir la historique Foire de Saint-Ours...","robots":{"index":"index","follow":"follow","max-snippet":"max-snippet:-1","max-image-preview":"max-image-preview:large","max-video-preview":"max-video-preview:-1"},"canonical":"https:\/\/rendezvous-vda.it\/fr\/foire-de-saint-ours-de-donnas-2026\/","og_locale":"fr_FR","og_type":"article","og_title":"Donnas se pare de tradition - Rendez Vous en Vall\u00e9e d Aoste","og_description":"Le troisi\u00e8me dimanche de janvier 2026, les rues du bourg de Donnas, en Vall\u00e9e d'Aoste, se pr\u00e9parent \u00e0 accueillir la historique Foire de Saint-Ours...","og_url":"https:\/\/rendezvous-vda.it\/fr\/foire-de-saint-ours-de-donnas-2026\/","og_site_name":"Rendez Vous en Vall\u00e9e d Aoste","article_published_time":"2026-01-01T16:39:00+00:00","article_modified_time":"2026-01-07T10:19:50+00:00","og_image":[{"width":2560,"height":1703,"url":"https:\/\/rendezvous-vda.it\/wp-content\/uploads\/2023\/12\/Ph.-Archivio-Comitato-Foire-de-Saint-Ours-di-Donnas-2.jpg","type":"image\/jpeg"}],"author":"Redazione RV","twitter_card":"summary_large_image","twitter_misc":{"\u00c9crit par":"Redazione RV","Dur\u00e9e de lecture estim\u00e9e":"3 minutes"},"schema":{"@context":"https:\/\/schema.org","@graph":[{"@type":"Article","@id":"https:\/\/rendezvous-vda.it\/fr\/foire-de-saint-ours-de-donnas-2026\/#article","isPartOf":{"@id":"https:\/\/rendezvous-vda.it\/fr\/foire-de-saint-ours-de-donnas-2026\/"},"author":{"name":"Redazione RV","@id":"https:\/\/rendezvous-vda.it\/#\/schema\/person\/26d79f6dbeaace8f49f6785137f0a34e"},"headline":"Donnas se pare de tradition","datePublished":"2026-01-01T16:39:00+00:00","dateModified":"2026-01-07T10:19:50+00:00","mainEntityOfPage":{"@id":"https:\/\/rendezvous-vda.it\/fr\/foire-de-saint-ours-de-donnas-2026\/"},"wordCount":481,"publisher":{"@id":"https:\/\/rendezvous-vda.it\/#organization"},"image":{"@id":"https:\/\/rendezvous-vda.it\/fr\/foire-de-saint-ours-de-donnas-2026\/#primaryimage"},"thumbnailUrl":"https:\/\/rendezvous-vda.it\/wp-content\/uploads\/2023\/12\/Ph.-Archivio-Comitato-Foire-de-Saint-Ours-di-Donnas-2.jpg","articleSection":["Traditions"],"inLanguage":"fr-FR"},{"@type":"WebPage","@id":"https:\/\/rendezvous-vda.it\/fr\/foire-de-saint-ours-de-donnas-2026\/","url":"https:\/\/rendezvous-vda.it\/fr\/foire-de-saint-ours-de-donnas-2026\/","name":"Donnas se pare de tradition - Rendez Vous en Vall\u00e9e d Aoste","isPartOf":{"@id":"https:\/\/rendezvous-vda.it\/#website"},"primaryImageOfPage":{"@id":"https:\/\/rendezvous-vda.it\/fr\/foire-de-saint-ours-de-donnas-2026\/#primaryimage"},"image":{"@id":"https:\/\/rendezvous-vda.it\/fr\/foire-de-saint-ours-de-donnas-2026\/#primaryimage"},"thumbnailUrl":"https:\/\/rendezvous-vda.it\/wp-content\/uploads\/2023\/12\/Ph.-Archivio-Comitato-Foire-de-Saint-Ours-di-Donnas-2.jpg","datePublished":"2026-01-01T16:39:00+00:00","dateModified":"2026-01-07T10:19:50+00:00","description":"Le troisi\u00e8me dimanche de janvier 2026, les rues du bourg de Donnas, en Vall\u00e9e d'Aoste, se pr\u00e9parent \u00e0 accueillir la historique Foire de Saint-Ours...","breadcrumb":{"@id":"https:\/\/rendezvous-vda.it\/fr\/foire-de-saint-ours-de-donnas-2026\/#breadcrumb"},"inLanguage":"fr-FR","potentialAction":[{"@type":"ReadAction","target":["https:\/\/rendezvous-vda.it\/fr\/foire-de-saint-ours-de-donnas-2026\/"]}]},{"@type":"ImageObject","inLanguage":"fr-FR","@id":"https:\/\/rendezvous-vda.it\/fr\/foire-de-saint-ours-de-donnas-2026\/#primaryimage","url":"https:\/\/rendezvous-vda.it\/wp-content\/uploads\/2023\/12\/Ph.-Archivio-Comitato-Foire-de-Saint-Ours-di-Donnas-2.jpg","contentUrl":"https:\/\/rendezvous-vda.it\/wp-content\/uploads\/2023\/12\/Ph.-Archivio-Comitato-Foire-de-Saint-Ours-di-Donnas-2.jpg","width":2560,"height":1703},{"@type":"BreadcrumbList","@id":"https:\/\/rendezvous-vda.it\/fr\/foire-de-saint-ours-de-donnas-2026\/#breadcrumb","itemListElement":[{"@type":"ListItem","position":1,"name":"Home","item":"https:\/\/rendezvous-vda.it\/fr\/"},{"@type":"ListItem","position":2,"name":"Donnas se pare de tradition"}]},{"@type":"WebSite","@id":"https:\/\/rendezvous-vda.it\/#website","url":"https:\/\/rendezvous-vda.it\/","name":"Rendez Vous en Vall\u00e9e d Aoste","description":"Arte, Cultura, Sport, Tradizioni, Enogastronomia, Tempo libero...","publisher":{"@id":"https:\/\/rendezvous-vda.it\/#organization"},"potentialAction":[{"@type":"SearchAction","target":{"@type":"EntryPoint","urlTemplate":"https:\/\/rendezvous-vda.it\/?s={search_term_string}"},"query-input":{"@type":"PropertyValueSpecification","valueRequired":true,"valueName":"search_term_string"}}],"inLanguage":"fr-FR"},{"@type":"Organization","@id":"https:\/\/rendezvous-vda.it\/#organization","name":"Rendez Vous en Vall\u00e9e d Aoste","url":"https:\/\/rendezvous-vda.it\/","logo":{"@type":"ImageObject","inLanguage":"fr-FR","@id":"https:\/\/rendezvous-vda.it\/#\/schema\/logo\/image\/","url":"https:\/\/rendezvous-vda.it\/wp-content\/uploads\/2021\/05\/R.V_ITA-450.png","contentUrl":"https:\/\/rendezvous-vda.it\/wp-content\/uploads\/2021\/05\/R.V_ITA-450.png","width":450,"height":83,"caption":"Rendez Vous en Vall\u00e9e d Aoste"},"image":{"@id":"https:\/\/rendezvous-vda.it\/#\/schema\/logo\/image\/"}},{"@type":"Person","@id":"https:\/\/rendezvous-vda.it\/#\/schema\/person\/26d79f6dbeaace8f49f6785137f0a34e","name":"Redazione RV","image":{"@type":"ImageObject","inLanguage":"fr-FR","@id":"https:\/\/secure.gravatar.com\/avatar\/0082012e4cff670801768efb03cd0e066347e982930d7c9ceb4cfb808cbb0597?s=96&d=mm&r=g","url":"https:\/\/secure.gravatar.com\/avatar\/0082012e4cff670801768efb03cd0e066347e982930d7c9ceb4cfb808cbb0597?s=96&d=mm&r=g","contentUrl":"https:\/\/secure.gravatar.com\/avatar\/0082012e4cff670801768efb03cd0e066347e982930d7c9ceb4cfb808cbb0597?s=96&d=mm&r=g","caption":"Redazione RV"},"url":"https:\/\/rendezvous-vda.it\/fr\/author\/redazione\/"}]}},"_links":{"self":[{"href":"https:\/\/rendezvous-vda.it\/fr\/wp-json\/wp\/v2\/posts\/17845","targetHints":{"allow":["GET"]}}],"collection":[{"href":"https:\/\/rendezvous-vda.it\/fr\/wp-json\/wp\/v2\/posts"}],"about":[{"href":"https:\/\/rendezvous-vda.it\/fr\/wp-json\/wp\/v2\/types\/post"}],"author":[{"embeddable":true,"href":"https:\/\/rendezvous-vda.it\/fr\/wp-json\/wp\/v2\/users\/8"}],"replies":[{"embeddable":true,"href":"https:\/\/rendezvous-vda.it\/fr\/wp-json\/wp\/v2\/comments?post=17845"}],"version-history":[{"count":4,"href":"https:\/\/rendezvous-vda.it\/fr\/wp-json\/wp\/v2\/posts\/17845\/revisions"}],"predecessor-version":[{"id":18615,"href":"https:\/\/rendezvous-vda.it\/fr\/wp-json\/wp\/v2\/posts\/17845\/revisions\/18615"}],"wp:featuredmedia":[{"embeddable":true,"href":"https:\/\/rendezvous-vda.it\/fr\/wp-json\/wp\/v2\/media\/11758"}],"wp:attachment":[{"href":"https:\/\/rendezvous-vda.it\/fr\/wp-json\/wp\/v2\/media?parent=17845"}],"wp:term":[{"taxonomy":"category","embeddable":true,"href":"https:\/\/rendezvous-vda.it\/fr\/wp-json\/wp\/v2\/categories?post=17845"},{"taxonomy":"post_tag","embeddable":true,"href":"https:\/\/rendezvous-vda.it\/fr\/wp-json\/wp\/v2\/tags?post=17845"}],"curies":[{"name":"wp","href":"https:\/\/api.w.org\/{rel}","templated":true}]}}