{"id":13668,"date":"2024-09-23T17:26:58","date_gmt":"2024-09-23T15:26:58","guid":{"rendered":"https:\/\/k91y7tbwrjk.preview.infomaniak.website\/?p=13668"},"modified":"2026-01-24T09:29:57","modified_gmt":"2026-01-24T08:29:57","slug":"la-fondation-gianadda","status":"publish","type":"post","link":"https:\/\/rendezvous-vda.it\/fr\/la-fondation-gianadda\/","title":{"rendered":"La Fondation Pierre Gianadda"},"content":{"rendered":"\t\t<div data-elementor-type=\"wp-post\" data-elementor-id=\"13668\" class=\"elementor elementor-13668 elementor-13642\" data-elementor-post-type=\"post\">\n\t\t\t\t\t\t<section class=\"elementor-section elementor-top-section elementor-element elementor-element-124a4cd7 elementor-section-height-min-height elementor-section-items-stretch elementor-section-boxed elementor-section-height-default\" data-id=\"124a4cd7\" data-element_type=\"section\" data-e-type=\"section\">\n\t\t\t\t\t\t<div class=\"elementor-container elementor-column-gap-default\">\n\t\t\t\t\t<div class=\"elementor-column elementor-col-100 elementor-top-column elementor-element elementor-element-cb45c3\" data-id=\"cb45c3\" data-element_type=\"column\" data-e-type=\"column\" data-settings=\"{&quot;background_background&quot;:&quot;classic&quot;}\">\n\t\t\t<div class=\"elementor-widget-wrap\">\n\t\t\t\t\t\t\t<\/div>\n\t\t<\/div>\n\t\t\t\t\t<\/div>\n\t\t<\/section>\n\t\t\t\t<section class=\"elementor-section elementor-top-section elementor-element elementor-element-2e2d0134 elementor-reverse-mobile elementor-section-boxed elementor-section-height-default elementor-section-height-default\" data-id=\"2e2d0134\" data-element_type=\"section\" data-e-type=\"section\">\n\t\t\t\t\t\t<div class=\"elementor-container elementor-column-gap-default\">\n\t\t\t\t\t<div class=\"elementor-column elementor-col-50 elementor-top-column elementor-element elementor-element-200bd829\" data-id=\"200bd829\" data-element_type=\"column\" data-e-type=\"column\">\n\t\t\t<div class=\"elementor-widget-wrap elementor-element-populated\">\n\t\t\t\t\t\t<section class=\"elementor-section elementor-inner-section elementor-element elementor-element-65d2d55 elementor-section-boxed elementor-section-height-default elementor-section-height-default\" data-id=\"65d2d55\" data-element_type=\"section\" data-e-type=\"section\" data-settings=\"{&quot;background_background&quot;:&quot;classic&quot;,&quot;sticky&quot;:&quot;top&quot;,&quot;sticky_parent&quot;:&quot;yes&quot;,&quot;sticky_on&quot;:[&quot;desktop&quot;,&quot;tablet&quot;,&quot;mobile&quot;],&quot;sticky_offset&quot;:0,&quot;sticky_effects_offset&quot;:0,&quot;sticky_anchor_link_offset&quot;:0}\">\n\t\t\t\t\t\t<div class=\"elementor-container elementor-column-gap-default\">\n\t\t\t\t\t<div class=\"elementor-column elementor-col-100 elementor-inner-column elementor-element elementor-element-2b1147b7\" data-id=\"2b1147b7\" data-element_type=\"column\" data-e-type=\"column\" data-settings=\"{&quot;background_background&quot;:&quot;classic&quot;}\">\n\t\t\t<div class=\"elementor-widget-wrap elementor-element-populated\">\n\t\t\t\t\t\t<div class=\"elementor-element elementor-element-3e234477 elementor-widget elementor-widget-heading\" data-id=\"3e234477\" data-element_type=\"widget\" data-e-type=\"widget\" data-widget_type=\"heading.default\">\n\t\t\t\t<div class=\"elementor-widget-container\">\n\t\t\t\t\t<h2 class=\"elementor-heading-title elementor-size-default\">Contacts<\/h2>\t\t\t\t<\/div>\n\t\t\t\t<\/div>\n\t\t\t\t<div class=\"elementor-element elementor-element-4a58c270 contatti elementor-widget elementor-widget-text-editor\" data-id=\"4a58c270\" data-element_type=\"widget\" data-e-type=\"widget\" data-widget_type=\"text-editor.default\">\n\t\t\t\t<div class=\"elementor-widget-container\">\n\t\t\t\t\t\t\t\t\t<p><strong>Fondation Pierre Gianadda<\/strong><br \/>Rue du Forum, 59<br \/>CH 1920 Martigny<br \/>Valais (Suisse)<\/p><p><strong><a href=\"https:\/\/www.gianadda.ch\/\">www.gianadda.ch<\/a><\/strong><\/p><p><strong><a href=\"mailto:info@gianadda.ch\">info@gianadda.ch<\/a><\/strong><\/p><p>M. 0041277223978<\/p>\t\t\t\t\t\t\t\t<\/div>\n\t\t\t\t<\/div>\n\t\t\t\t<div class=\"elementor-element elementor-element-301b69b1 elementor-widget elementor-widget-heading\" data-id=\"301b69b1\" data-element_type=\"widget\" data-e-type=\"widget\" data-widget_type=\"heading.default\">\n\t\t\t\t<div class=\"elementor-widget-container\">\n\t\t\t\t\t<h2 class=\"elementor-heading-title elementor-size-default\">horaires<\/h2>\t\t\t\t<\/div>\n\t\t\t\t<\/div>\n\t\t\t\t<div class=\"elementor-element elementor-element-21829021 elementor-widget elementor-widget-text-editor\" data-id=\"21829021\" data-element_type=\"widget\" data-e-type=\"widget\" data-widget_type=\"text-editor.default\">\n\t\t\t\t<div class=\"elementor-widget-container\">\n\t\t\t\t\t\t\t\t\t<p>Tous les jours de 9h \u00e0 18h<\/p>\t\t\t\t\t\t\t\t<\/div>\n\t\t\t\t<\/div>\n\t\t\t\t<div class=\"elementor-element elementor-element-74532509 elementor-position-inline-start elementor-view-default elementor-mobile-position-block-start elementor-widget elementor-widget-icon-box\" data-id=\"74532509\" data-element_type=\"widget\" data-e-type=\"widget\" data-widget_type=\"icon-box.default\">\n\t\t\t\t<div class=\"elementor-widget-container\">\n\t\t\t\t\t\t\t<div class=\"elementor-icon-box-wrapper\">\n\n\t\t\t\t\t\t<div class=\"elementor-icon-box-icon\">\n\t\t\t\t<a href=\"https:\/\/www.gianadda.ch\/ventes-en-ligne\/\" target=\"_blank\" class=\"elementor-icon\" tabindex=\"-1\" aria-label=\"book now\">\n\t\t\t\t<i aria-hidden=\"true\" class=\"fas fa-concierge-bell\"><\/i>\t\t\t\t<\/a>\n\t\t\t<\/div>\n\t\t\t\n\t\t\t\t\t\t<div class=\"elementor-icon-box-content\">\n\n\t\t\t\t\t\t\t\t\t<h3 class=\"elementor-icon-box-title\">\n\t\t\t\t\t\t<a href=\"https:\/\/www.gianadda.ch\/ventes-en-ligne\/\" target=\"_blank\" >\n\t\t\t\t\t\t\tbook now\t\t\t\t\t\t<\/a>\n\t\t\t\t\t<\/h3>\n\t\t\t\t\n\t\t\t\t\n\t\t\t<\/div>\n\t\t\t\n\t\t<\/div>\n\t\t\t\t\t\t<\/div>\n\t\t\t\t<\/div>\n\t\t\t\t<div class=\"elementor-element elementor-element-6449f75a elementor-widget__width-auto elementor-view-default elementor-widget elementor-widget-icon\" data-id=\"6449f75a\" data-element_type=\"widget\" data-e-type=\"widget\" data-widget_type=\"icon.default\">\n\t\t\t\t<div class=\"elementor-widget-container\">\n\t\t\t\t\t\t\t<div class=\"elementor-icon-wrapper\">\n\t\t\t<a class=\"elementor-icon\" href=\"https:\/\/www.facebook.com\/fondationpierregianadda\/\" target=\"_blank\">\n\t\t\t<i aria-hidden=\"true\" class=\"fab fa-facebook-f\"><\/i>\t\t\t<\/a>\n\t\t<\/div>\n\t\t\t\t\t\t<\/div>\n\t\t\t\t<\/div>\n\t\t\t\t<div class=\"elementor-element elementor-element-46ecac2d elementor-widget__width-auto elementor-view-default elementor-widget elementor-widget-icon\" data-id=\"46ecac2d\" data-element_type=\"widget\" data-e-type=\"widget\" data-widget_type=\"icon.default\">\n\t\t\t\t<div class=\"elementor-widget-container\">\n\t\t\t\t\t\t\t<div class=\"elementor-icon-wrapper\">\n\t\t\t<a class=\"elementor-icon\" href=\"https:\/\/www.instagram.com\/fondationpierregianadda\/\" target=\"_blank\">\n\t\t\t<i aria-hidden=\"true\" class=\"fab fa-instagram\"><\/i>\t\t\t<\/a>\n\t\t<\/div>\n\t\t\t\t\t\t<\/div>\n\t\t\t\t<\/div>\n\t\t\t\t\t<\/div>\n\t\t<\/div>\n\t\t\t\t\t<\/div>\n\t\t<\/section>\n\t\t\t\t\t<\/div>\n\t\t<\/div>\n\t\t\t\t<div class=\"elementor-column elementor-col-50 elementor-top-column elementor-element elementor-element-6fc1c618\" data-id=\"6fc1c618\" data-element_type=\"column\" data-e-type=\"column\">\n\t\t\t<div class=\"elementor-widget-wrap elementor-element-populated\">\n\t\t\t\t\t\t<div class=\"elementor-element elementor-element-3b79d621 elementor-widget elementor-widget-heading\" data-id=\"3b79d621\" data-element_type=\"widget\" data-e-type=\"widget\" data-widget_type=\"heading.default\">\n\t\t\t\t<div class=\"elementor-widget-container\">\n\t\t\t\t\t<h2 class=\"elementor-heading-title elementor-size-default\">La fondation pierre gianadda<\/h2>\t\t\t\t<\/div>\n\t\t\t\t<\/div>\n\t\t\t\t<div class=\"elementor-element elementor-element-597581f elementor-widget__width-auto elementor-widget elementor-widget-post-info\" data-id=\"597581f\" data-element_type=\"widget\" data-e-type=\"widget\" data-widget_type=\"post-info.default\">\n\t\t\t\t<div class=\"elementor-widget-container\">\n\t\t\t\t\t\t\t<ul class=\"elementor-inline-items elementor-icon-list-items elementor-post-info\">\n\t\t\t\t\t\t\t\t<li class=\"elementor-icon-list-item elementor-repeater-item-9ddff1b elementor-inline-item\" itemprop=\"about\">\n\t\t\t\t\t\t\t\t\t\t\t\t\t<span class=\"elementor-icon-list-text elementor-post-info__item elementor-post-info__item--type-terms\">\n\t\t\t\t\t\t\t\t\t\t<span class=\"elementor-post-info__terms-list\">\n\t\t\t\t<a href=\"https:\/\/rendezvous-vda.it\/fr\/category\/suggestions\/histoire-art-et-culture\/\" class=\"elementor-post-info__terms-list-item\">Histoire, art et culture<\/a>\t\t\t\t<\/span>\n\t\t\t\t\t<\/span>\n\t\t\t\t\t\t\t\t<\/li>\n\t\t\t\t<\/ul>\n\t\t\t\t\t\t<\/div>\n\t\t\t\t<\/div>\n\t\t\t\t<div class=\"elementor-element elementor-element-483d82f3 elementor-widget elementor-widget-heading\" data-id=\"483d82f3\" data-element_type=\"widget\" data-e-type=\"widget\" data-widget_type=\"heading.default\">\n\t\t\t\t<div class=\"elementor-widget-container\">\n\t\t\t\t\t<h2 class=\"elementor-heading-title elementor-size-default\">Un centre culturel dans le coeur du Valais (CH)<\/h2>\t\t\t\t<\/div>\n\t\t\t\t<\/div>\n\t\t\t\t<div class=\"elementor-element elementor-element-5cff434 elementor-widget elementor-widget-text-editor\" data-id=\"5cff434\" data-element_type=\"widget\" data-e-type=\"widget\" data-widget_type=\"text-editor.default\">\n\t\t\t\t<div class=\"elementor-widget-container\">\n\t\t\t\t\t\t\t\t\t<p>Situ\u00e9e dans la ville de<strong> Martigny<\/strong> qui fut \u00e0 l\u2019\u00e9poque romaine la capitale du <strong>Valais<\/strong>, la Fondation Pierre Gianadda est devenue depuis 1978, date de sa cr\u00e9ation, un rendez-vous incontournable des amateurs de l\u2019art.<\/p><p>Erig\u00e9e autour d\u2019un temple gallo-romain d\u00e9di\u00e9 \u00e0 Mercure, cette Fondation se r\u00e9v\u00e8le un <strong>centre culturel<\/strong> dont l\u2019offre permet des d\u00e9couvertes des plus \u00e9clectiques dont le mus\u00e9e gallo-romain. Dans une mus\u00e9ographie moderne, il pr\u00e9sente les principales trouvailles arch\u00e9ologiques faites \u00e0 Martigny\u00a0: tels les <em>Grands Bronzes d\u2019Octodure<\/em>, dont la t\u00eate de <em>taureau tricorne<\/em>, les statues en marbre <em>d\u2019Apollon cithar\u00e8de <\/em>et<em> d\u2019Hercule<\/em>, ainsi que des offrandes, des st\u00e8les, des monnaies, des bijoux des poteries et des armes.<\/p><p>Mais le point fort de cette Fondation, ce sont des <strong>expositions de renomm\u00e9e internationale<\/strong> qui ont attir\u00e9 plus de dix millions de visiteurs. <em>Rodin, Giacometti, Chagall, Degas, Gauguin, Van<\/em> <em>Gogh, Monet, Turner<\/em> sont quelques-uns des grands artistes pr\u00e9sent\u00e9s dans le p\u00e9ristyle qui en cette ann\u00e9e 2024 du 12 juillet\u00a0 au 19 novembre accueille deux monstres sacr\u00e9s de l\u2019art fran\u00e7ais\u00a0: <em>C\u00e9zanne<\/em> <em>Renoir Regards crois\u00e9s<\/em>. 60 chefs-d\u2019\u0153uvre des collections des mus\u00e9es de l\u2019Orangerie et d\u2019Orsay qui proviennent d\u2019une des plus belles collections europ\u00e9ennes de peinture, celle de Jean Walter et de Paul Guillaume. Et pour les amateurs du c\u00e9l\u00e8bre h\u00e9ros d\u2019Herg\u00e9\u00a0: une pr\u00e9sentation de <em>L\u00e9onard Gianadda sur les traces de Tintin.<\/em><\/p><p><strong>Le plus admirable mus\u00e9e de l\u2019automobile en Suisse. <\/strong>Ce mus\u00e9e \u00a0offre un choix exceptionnel de v\u00e9hicules anciens (1897-1939), dont des mod\u00e8les uniques au monde.<\/p><p><strong>Un des plus prestigieux parcs de sculptures d\u2019Europe.<\/strong>\u00a0Les jardins de la Fondation, parmi les vestiges gallo-romains, des plans d\u2019eau et une v\u00e9g\u00e9tation admirable, proposent un parcours remarquable de la sculpture du XXe s. avec, entre autres, <em>Rodin, Brancusi, Calder, Maillol etc<\/em>.<\/p><p><strong>Le Vieil Arsenal. <\/strong>Au fond de ce parc, s\u2019\u00e9l\u00e8ve le Vieil Arsenal qui rend hommage \u00e0 L\u00e9onard de Vinci, L\u2019Inventeur, avec une centaine de fac-simil\u00e9s et de maquettes.<\/p><p><strong>Saison musicale. <\/strong>La Fondation organise \u00e9galement une remarquable saison musicale avec des interpr\u00e8tes mondialement connus,<\/p><p><em>Art, arch\u00e9ologie, musique, automobiles anciennes et sculptures\u00a0: un v\u00e9ritable conte de f\u00e9es dans les Alpes.<\/em><\/p>\t\t\t\t\t\t\t\t<\/div>\n\t\t\t\t<\/div>\n\t\t\t\t<div class=\"elementor-element elementor-element-4fd1fb0a elementor-widget elementor-widget-heading\" data-id=\"4fd1fb0a\" data-element_type=\"widget\" data-e-type=\"widget\" data-widget_type=\"heading.default\">\n\t\t\t\t<div class=\"elementor-widget-container\">\n\t\t\t\t\t<h2 class=\"elementor-heading-title elementor-size-default\">o\u00f9 se trouve la fondation gianadda<\/h2>\t\t\t\t<\/div>\n\t\t\t\t<\/div>\n\t\t\t\t<div class=\"elementor-element elementor-element-376027c elementor-widget elementor-widget-google_maps\" data-id=\"376027c\" data-element_type=\"widget\" data-e-type=\"widget\" data-widget_type=\"google_maps.default\">\n\t\t\t\t<div class=\"elementor-widget-container\">\n\t\t\t\t\t\t\t<div class=\"elementor-custom-embed\">\n\t\t\t<iframe loading=\"lazy\"\n\t\t\t\t\tsrc=\"https:\/\/maps.google.com\/maps?q=fondation%20Pierre%20gianadda&#038;t=m&#038;z=10&#038;output=embed&#038;iwloc=near\"\n\t\t\t\t\ttitle=\"fondation Pierre gianadda\"\n\t\t\t\t\taria-label=\"fondation Pierre gianadda\"\n\t\t\t><\/iframe>\n\t\t<\/div>\n\t\t\t\t\t\t<\/div>\n\t\t\t\t<\/div>\n\t\t\t\t<div class=\"elementor-element elementor-element-46f58032 elementor-widget elementor-widget-gallery\" data-id=\"46f58032\" data-element_type=\"widget\" data-e-type=\"widget\" data-settings=\"{&quot;columns_tablet&quot;:4,&quot;columns_mobile&quot;:2,&quot;lazyload&quot;:&quot;yes&quot;,&quot;gallery_layout&quot;:&quot;grid&quot;,&quot;columns&quot;:4,&quot;gap&quot;:{&quot;unit&quot;:&quot;px&quot;,&quot;size&quot;:10,&quot;sizes&quot;:[]},&quot;gap_tablet&quot;:{&quot;unit&quot;:&quot;px&quot;,&quot;size&quot;:10,&quot;sizes&quot;:[]},&quot;gap_mobile&quot;:{&quot;unit&quot;:&quot;px&quot;,&quot;size&quot;:10,&quot;sizes&quot;:[]},&quot;link_to&quot;:&quot;file&quot;,&quot;aspect_ratio&quot;:&quot;3:2&quot;,&quot;overlay_background&quot;:&quot;yes&quot;,&quot;content_hover_animation&quot;:&quot;fade-in&quot;}\" data-widget_type=\"gallery.default\">\n\t\t\t\t<div class=\"elementor-widget-container\">\n\t\t\t\t\t\t\t<div class=\"elementor-gallery__container\">\n\t\t\t\t\t\t\t<a class=\"e-gallery-item elementor-gallery-item elementor-animated-content\" href=\"https:\/\/rendezvous-vda.it\/wp-content\/uploads\/2024\/09\/A.-Calder-et-la-Fondation-Pierre-Gianadda-c-Arnaud-Carpentier.jpg\" data-elementor-open-lightbox=\"yes\" data-elementor-lightbox-slideshow=\"46f58032\" data-elementor-lightbox-title=\"Calder_184\" data-e-action-hash=\"#elementor-action%3Aaction%3Dlightbox%26settings%3DeyJpZCI6MTM2NTAsInVybCI6Imh0dHBzOlwvXC9yZW5kZXp2b3VzLXZkYS5pdFwvd3AtY29udGVudFwvdXBsb2Fkc1wvMjAyNFwvMDlcL0EuLUNhbGRlci1ldC1sYS1Gb25kYXRpb24tUGllcnJlLUdpYW5hZGRhLWMtQXJuYXVkLUNhcnBlbnRpZXIuanBnIiwic2xpZGVzaG93IjoiNDZmNTgwMzIifQ%3D%3D\">\n\t\t\t\t\t<div class=\"e-gallery-image elementor-gallery-item__image\" data-thumbnail=\"https:\/\/rendezvous-vda.it\/wp-content\/uploads\/2024\/09\/A.-Calder-et-la-Fondation-Pierre-Gianadda-c-Arnaud-Carpentier.jpg\" data-width=\"1200\" data-height=\"971\" aria-label=\"\" role=\"img\" ><\/div>\n\t\t\t\t\t\t\t\t\t\t\t<div class=\"elementor-gallery-item__overlay\"><\/div>\n\t\t\t\t\t\t\t\t\t\t\t\t\t\t<\/a>\n\t\t\t\t\t\t\t<a class=\"e-gallery-item elementor-gallery-item elementor-animated-content\" href=\"https:\/\/rendezvous-vda.it\/wp-content\/uploads\/2024\/09\/\u00a9-Michel-Darbellay-Martigny-scaled.bmp\" data-elementor-open-lightbox=\"yes\" data-elementor-lightbox-slideshow=\"46f58032\" data-elementor-lightbox-title=\"\u00a9 Michel Darbellay, Martigny\" data-e-action-hash=\"#elementor-action%3Aaction%3Dlightbox%26settings%3DeyJpZCI6MTM2NDgsInVybCI6Imh0dHBzOlwvXC9yZW5kZXp2b3VzLXZkYS5pdFwvd3AtY29udGVudFwvdXBsb2Fkc1wvMjAyNFwvMDlcL1x1MDBhOS1NaWNoZWwtRGFyYmVsbGF5LU1hcnRpZ255LXNjYWxlZC5ibXAiLCJzbGlkZXNob3ciOiI0NmY1ODAzMiJ9\">\n\t\t\t\t\t<div class=\"e-gallery-image elementor-gallery-item__image\" data-thumbnail=\"https:\/\/rendezvous-vda.it\/wp-content\/uploads\/2024\/09\/\u00a9-Michel-Darbellay-Martigny-scaled.bmp\" data-width=\"2560\" data-height=\"1668\" aria-label=\"\" role=\"img\" ><\/div>\n\t\t\t\t\t\t\t\t\t\t\t<div class=\"elementor-gallery-item__overlay\"><\/div>\n\t\t\t\t\t\t\t\t\t\t\t\t\t\t<\/a>\n\t\t\t\t\t\t\t<a class=\"e-gallery-item elementor-gallery-item elementor-animated-content\" href=\"https:\/\/rendezvous-vda.it\/wp-content\/uploads\/2024\/09\/Henry-Moore-c-Michel-Darbellay-FPG-scaled.jpg\" data-elementor-open-lightbox=\"yes\" data-elementor-lightbox-slideshow=\"46f58032\" data-elementor-lightbox-title=\"Henry Moore (c) Michel Darbellay-FPG\" data-e-action-hash=\"#elementor-action%3Aaction%3Dlightbox%26settings%3DeyJpZCI6MTM2NTQsInVybCI6Imh0dHBzOlwvXC9yZW5kZXp2b3VzLXZkYS5pdFwvd3AtY29udGVudFwvdXBsb2Fkc1wvMjAyNFwvMDlcL0hlbnJ5LU1vb3JlLWMtTWljaGVsLURhcmJlbGxheS1GUEctc2NhbGVkLmpwZyIsInNsaWRlc2hvdyI6IjQ2ZjU4MDMyIn0%3D\">\n\t\t\t\t\t<div class=\"e-gallery-image elementor-gallery-item__image\" data-thumbnail=\"https:\/\/rendezvous-vda.it\/wp-content\/uploads\/2024\/09\/Henry-Moore-c-Michel-Darbellay-FPG-scaled.jpg\" data-width=\"2560\" data-height=\"1700\" aria-label=\"\" role=\"img\" ><\/div>\n\t\t\t\t\t\t\t\t\t\t\t<div class=\"elementor-gallery-item__overlay\"><\/div>\n\t\t\t\t\t\t\t\t\t\t\t\t\t\t<\/a>\n\t\t\t\t\t\t\t<a class=\"e-gallery-item elementor-gallery-item elementor-animated-content\" href=\"https:\/\/rendezvous-vda.it\/wp-content\/uploads\/2024\/09\/Lalanne_studio-Ferrazzini-Bouchet-Photographies.jpg\" data-elementor-open-lightbox=\"yes\" data-elementor-lightbox-slideshow=\"46f58032\" data-elementor-lightbox-title=\"Lalanne_studio Ferrazzini Bouchet Photographies\" data-e-action-hash=\"#elementor-action%3Aaction%3Dlightbox%26settings%3DeyJpZCI6MTM2NTYsInVybCI6Imh0dHBzOlwvXC9yZW5kZXp2b3VzLXZkYS5pdFwvd3AtY29udGVudFwvdXBsb2Fkc1wvMjAyNFwvMDlcL0xhbGFubmVfc3R1ZGlvLUZlcnJhenppbmktQm91Y2hldC1QaG90b2dyYXBoaWVzLmpwZyIsInNsaWRlc2hvdyI6IjQ2ZjU4MDMyIn0%3D\">\n\t\t\t\t\t<div class=\"e-gallery-image elementor-gallery-item__image\" data-thumbnail=\"https:\/\/rendezvous-vda.it\/wp-content\/uploads\/2024\/09\/Lalanne_studio-Ferrazzini-Bouchet-Photographies.jpg\" data-width=\"1774\" data-height=\"2462\" aria-label=\"\" role=\"img\" ><\/div>\n\t\t\t\t\t\t\t\t\t\t\t<div class=\"elementor-gallery-item__overlay\"><\/div>\n\t\t\t\t\t\t\t\t\t\t\t\t\t\t<\/a>\n\t\t\t\t\t\t\t<a class=\"e-gallery-item elementor-gallery-item elementor-animated-content\" href=\"https:\/\/rendezvous-vda.it\/wp-content\/uploads\/2024\/09\/Le-Baiser_Rodin_Michel-Darbellay-scaled.jpg\" data-elementor-open-lightbox=\"yes\" data-elementor-lightbox-slideshow=\"46f58032\" data-elementor-lightbox-title=\"Le Baiser_Rodin_Michel Darbellay\" data-e-action-hash=\"#elementor-action%3Aaction%3Dlightbox%26settings%3DeyJpZCI6MTM2NjAsInVybCI6Imh0dHBzOlwvXC9yZW5kZXp2b3VzLXZkYS5pdFwvd3AtY29udGVudFwvdXBsb2Fkc1wvMjAyNFwvMDlcL0xlLUJhaXNlcl9Sb2Rpbl9NaWNoZWwtRGFyYmVsbGF5LXNjYWxlZC5qcGciLCJzbGlkZXNob3ciOiI0NmY1ODAzMiJ9\">\n\t\t\t\t\t<div class=\"e-gallery-image elementor-gallery-item__image\" data-thumbnail=\"https:\/\/rendezvous-vda.it\/wp-content\/uploads\/2024\/09\/Le-Baiser_Rodin_Michel-Darbellay-scaled.jpg\" data-width=\"1707\" data-height=\"2560\" aria-label=\"\" role=\"img\" ><\/div>\n\t\t\t\t\t\t\t\t\t\t\t<div class=\"elementor-gallery-item__overlay\"><\/div>\n\t\t\t\t\t\t\t\t\t\t\t\t\t\t<\/a>\n\t\t\t\t\t\t\t<a class=\"e-gallery-item elementor-gallery-item elementor-animated-content\" href=\"https:\/\/rendezvous-vda.it\/wp-content\/uploads\/2024\/09\/Le-Moore-et-la-Fondation-c-Michel-Darbellay-FPG-scaled.jpg\" data-elementor-open-lightbox=\"yes\" data-elementor-lightbox-slideshow=\"46f58032\" data-elementor-lightbox-title=\"Le Moore et la Fondation (c) Michel Darbellay- FPG\" data-e-action-hash=\"#elementor-action%3Aaction%3Dlightbox%26settings%3DeyJpZCI6MTM2NjIsInVybCI6Imh0dHBzOlwvXC9yZW5kZXp2b3VzLXZkYS5pdFwvd3AtY29udGVudFwvdXBsb2Fkc1wvMjAyNFwvMDlcL0xlLU1vb3JlLWV0LWxhLUZvbmRhdGlvbi1jLU1pY2hlbC1EYXJiZWxsYXktRlBHLXNjYWxlZC5qcGciLCJzbGlkZXNob3ciOiI0NmY1ODAzMiJ9\">\n\t\t\t\t\t<div class=\"e-gallery-image elementor-gallery-item__image\" data-thumbnail=\"https:\/\/rendezvous-vda.it\/wp-content\/uploads\/2024\/09\/Le-Moore-et-la-Fondation-c-Michel-Darbellay-FPG-scaled.jpg\" data-width=\"2560\" data-height=\"1706\" aria-label=\"\" role=\"img\" ><\/div>\n\t\t\t\t\t\t\t\t\t\t\t<div class=\"elementor-gallery-item__overlay\"><\/div>\n\t\t\t\t\t\t\t\t\t\t\t\t\t\t<\/a>\n\t\t\t\t\t\t\t<a class=\"e-gallery-item elementor-gallery-item elementor-animated-content\" href=\"https:\/\/rendezvous-vda.it\/wp-content\/uploads\/2024\/09\/Le-Parc-de-la-Fondation-\u00a9-Michel-Darbellay-Martigny.jpg\" data-elementor-open-lightbox=\"yes\" data-elementor-lightbox-slideshow=\"46f58032\" data-elementor-lightbox-title=\"Le Parc de la Fondation \u00a9 Michel Darbellay, Martigny\" data-e-action-hash=\"#elementor-action%3Aaction%3Dlightbox%26settings%3DeyJpZCI6MTM2NDQsInVybCI6Imh0dHBzOlwvXC9yZW5kZXp2b3VzLXZkYS5pdFwvd3AtY29udGVudFwvdXBsb2Fkc1wvMjAyNFwvMDlcL0xlLVBhcmMtZGUtbGEtRm9uZGF0aW9uLVx1MDBhOS1NaWNoZWwtRGFyYmVsbGF5LU1hcnRpZ255LmpwZyIsInNsaWRlc2hvdyI6IjQ2ZjU4MDMyIn0%3D\">\n\t\t\t\t\t<div class=\"e-gallery-image elementor-gallery-item__image\" data-thumbnail=\"https:\/\/rendezvous-vda.it\/wp-content\/uploads\/2024\/09\/Le-Parc-de-la-Fondation-\u00a9-Michel-Darbellay-Martigny.jpg\" data-width=\"1444\" data-height=\"1153\" aria-label=\"\" role=\"img\" ><\/div>\n\t\t\t\t\t\t\t\t\t\t\t<div class=\"elementor-gallery-item__overlay\"><\/div>\n\t\t\t\t\t\t\t\t\t\t\t\t\t\t<\/a>\n\t\t\t\t\t<\/div>\n\t\t\t\t\t<\/div>\n\t\t\t\t<\/div>\n\t\t\t\t<div class=\"elementor-element elementor-element-1c0508fe elementor-share-buttons--view-icon elementor-share-buttons--skin-gradient elementor-share-buttons--shape-square elementor-grid-0 elementor-share-buttons--color-official elementor-widget elementor-widget-global elementor-global-1711 elementor-widget-share-buttons\" data-id=\"1c0508fe\" data-element_type=\"widget\" data-e-type=\"widget\" data-widget_type=\"share-buttons.default\">\n\t\t\t\t<div class=\"elementor-widget-container\">\n\t\t\t\t\t\t\t<div class=\"elementor-grid\" role=\"list\">\n\t\t\t\t\t\t\t\t<div class=\"elementor-grid-item\" role=\"listitem\">\n\t\t\t\t\t\t<div class=\"elementor-share-btn elementor-share-btn_facebook\" role=\"button\" tabindex=\"0\" aria-label=\"Partager sur facebook\">\n\t\t\t\t\t\t\t\t\t\t\t\t\t\t\t<span class=\"elementor-share-btn__icon\">\n\t\t\t\t\t\t\t\t<i class=\"fab fa-facebook\" aria-hidden=\"true\"><\/i>\t\t\t\t\t\t\t<\/span>\n\t\t\t\t\t\t\t\t\t\t\t\t\t\t\t\t\t\t\t\t<\/div>\n\t\t\t\t\t<\/div>\n\t\t\t\t\t\t\t\t\t<div class=\"elementor-grid-item\" role=\"listitem\">\n\t\t\t\t\t\t<div class=\"elementor-share-btn elementor-share-btn_twitter\" role=\"button\" tabindex=\"0\" aria-label=\"Partager sur twitter\">\n\t\t\t\t\t\t\t\t\t\t\t\t\t\t\t<span class=\"elementor-share-btn__icon\">\n\t\t\t\t\t\t\t\t<i class=\"fab fa-twitter\" aria-hidden=\"true\"><\/i>\t\t\t\t\t\t\t<\/span>\n\t\t\t\t\t\t\t\t\t\t\t\t\t\t\t\t\t\t\t\t<\/div>\n\t\t\t\t\t<\/div>\n\t\t\t\t\t\t\t\t\t<div class=\"elementor-grid-item\" role=\"listitem\">\n\t\t\t\t\t\t<div class=\"elementor-share-btn elementor-share-btn_linkedin\" role=\"button\" tabindex=\"0\" aria-label=\"Partager sur linkedin\">\n\t\t\t\t\t\t\t\t\t\t\t\t\t\t\t<span class=\"elementor-share-btn__icon\">\n\t\t\t\t\t\t\t\t<i class=\"fab fa-linkedin\" aria-hidden=\"true\"><\/i>\t\t\t\t\t\t\t<\/span>\n\t\t\t\t\t\t\t\t\t\t\t\t\t\t\t\t\t\t\t\t<\/div>\n\t\t\t\t\t<\/div>\n\t\t\t\t\t\t\t\t\t<div class=\"elementor-grid-item\" role=\"listitem\">\n\t\t\t\t\t\t<div class=\"elementor-share-btn elementor-share-btn_email\" role=\"button\" tabindex=\"0\" aria-label=\"Partager sur email\">\n\t\t\t\t\t\t\t\t\t\t\t\t\t\t\t<span class=\"elementor-share-btn__icon\">\n\t\t\t\t\t\t\t\t<i class=\"fas fa-envelope\" aria-hidden=\"true\"><\/i>\t\t\t\t\t\t\t<\/span>\n\t\t\t\t\t\t\t\t\t\t\t\t\t\t\t\t\t\t\t\t<\/div>\n\t\t\t\t\t<\/div>\n\t\t\t\t\t\t\t\t\t<div class=\"elementor-grid-item\" role=\"listitem\">\n\t\t\t\t\t\t<div class=\"elementor-share-btn elementor-share-btn_whatsapp\" role=\"button\" tabindex=\"0\" aria-label=\"Partager sur whatsapp\">\n\t\t\t\t\t\t\t\t\t\t\t\t\t\t\t<span class=\"elementor-share-btn__icon\">\n\t\t\t\t\t\t\t\t<i class=\"fab fa-whatsapp\" aria-hidden=\"true\"><\/i>\t\t\t\t\t\t\t<\/span>\n\t\t\t\t\t\t\t\t\t\t\t\t\t\t\t\t\t\t\t\t<\/div>\n\t\t\t\t\t<\/div>\n\t\t\t\t\t\t<\/div>\n\t\t\t\t\t\t<\/div>\n\t\t\t\t<\/div>\n\t\t\t\t\t<\/div>\n\t\t<\/div>\n\t\t\t\t\t<\/div>\n\t\t<\/section>\n\t\t\t\t<\/div>\n\t\t","protected":false},"excerpt":{"rendered":"<p>I.P. &#8211; Erig\u00e9e autour d\u2019un temple gallo-romain, cette Fondation se r\u00e9v\u00e8le un centre culturel \u00e0 Martigny dans le Valais suisse&#8230;<\/p>\n","protected":false},"author":8,"featured_media":13644,"comment_status":"closed","ping_status":"closed","sticky":false,"template":"elementor_header_footer","format":"standard","meta":{"footnotes":""},"categories":[76],"tags":[],"class_list":["post-13668","post","type-post","status-publish","format-standard","has-post-thumbnail","hentry","category-histoire-art-et-culture"],"yoast_head":"<!-- This site is optimized with the Yoast SEO plugin v27.4 - https:\/\/yoast.com\/product\/yoast-seo-wordpress\/ -->\n<title>La Fondation Pierre Gianadda - Rendez Vous en Vall\u00e9e d Aoste<\/title>\n<meta name=\"description\" content=\"Erig\u00e9e autour d\u2019un temple gallo-romain, cette Fondation se r\u00e9v\u00e8le un encroyable centre culturel \u00e0 Martigny dans le Valais suisse...\" \/>\n<meta name=\"robots\" content=\"index, follow, max-snippet:-1, max-image-preview:large, max-video-preview:-1\" \/>\n<link rel=\"canonical\" href=\"https:\/\/rendezvous-vda.it\/fr\/la-fondation-gianadda\/\" \/>\n<meta property=\"og:locale\" content=\"fr_FR\" \/>\n<meta property=\"og:type\" content=\"article\" \/>\n<meta property=\"og:title\" content=\"La Fondation Pierre Gianadda - Rendez Vous en Vall\u00e9e d Aoste\" \/>\n<meta property=\"og:description\" content=\"Erig\u00e9e autour d\u2019un temple gallo-romain, cette Fondation se r\u00e9v\u00e8le un encroyable centre culturel \u00e0 Martigny dans le Valais suisse...\" \/>\n<meta property=\"og:url\" content=\"https:\/\/rendezvous-vda.it\/fr\/la-fondation-gianadda\/\" \/>\n<meta property=\"og:site_name\" content=\"Rendez Vous en Vall\u00e9e d Aoste\" \/>\n<meta property=\"article:published_time\" content=\"2024-09-23T15:26:58+00:00\" \/>\n<meta property=\"article:modified_time\" content=\"2026-01-24T08:29:57+00:00\" \/>\n<meta property=\"og:image\" content=\"https:\/\/rendezvous-vda.it\/wp-content\/uploads\/2024\/09\/Le-Parc-de-la-Fondation-\u00a9-Michel-Darbellay-Martigny.jpg\" \/>\n\t<meta property=\"og:image:width\" content=\"1444\" \/>\n\t<meta property=\"og:image:height\" content=\"1153\" \/>\n\t<meta property=\"og:image:type\" content=\"image\/jpeg\" \/>\n<meta name=\"author\" content=\"Redazione RV\" \/>\n<meta name=\"twitter:card\" content=\"summary_large_image\" \/>\n<meta name=\"twitter:label1\" content=\"\u00c9crit par\" \/>\n\t<meta name=\"twitter:data1\" content=\"Redazione RV\" \/>\n\t<meta name=\"twitter:label2\" content=\"Dur\u00e9e de lecture estim\u00e9e\" \/>\n\t<meta name=\"twitter:data2\" content=\"3 minutes\" \/>\n<script type=\"application\/ld+json\" class=\"yoast-schema-graph\">{\"@context\":\"https:\\\/\\\/schema.org\",\"@graph\":[{\"@type\":\"Article\",\"@id\":\"https:\\\/\\\/rendezvous-vda.it\\\/fr\\\/la-fondation-gianadda\\\/#article\",\"isPartOf\":{\"@id\":\"https:\\\/\\\/rendezvous-vda.it\\\/fr\\\/la-fondation-gianadda\\\/\"},\"author\":{\"name\":\"Redazione RV\",\"@id\":\"https:\\\/\\\/rendezvous-vda.it\\\/#\\\/schema\\\/person\\\/26d79f6dbeaace8f49f6785137f0a34e\"},\"headline\":\"La Fondation Pierre Gianadda\",\"datePublished\":\"2024-09-23T15:26:58+00:00\",\"dateModified\":\"2026-01-24T08:29:57+00:00\",\"mainEntityOfPage\":{\"@id\":\"https:\\\/\\\/rendezvous-vda.it\\\/fr\\\/la-fondation-gianadda\\\/\"},\"wordCount\":442,\"publisher\":{\"@id\":\"https:\\\/\\\/rendezvous-vda.it\\\/#organization\"},\"image\":{\"@id\":\"https:\\\/\\\/rendezvous-vda.it\\\/fr\\\/la-fondation-gianadda\\\/#primaryimage\"},\"thumbnailUrl\":\"https:\\\/\\\/rendezvous-vda.it\\\/wp-content\\\/uploads\\\/2024\\\/09\\\/Le-Parc-de-la-Fondation-\u00a9-Michel-Darbellay-Martigny.jpg\",\"articleSection\":[\"Histoire, art et culture\"],\"inLanguage\":\"fr-FR\"},{\"@type\":\"WebPage\",\"@id\":\"https:\\\/\\\/rendezvous-vda.it\\\/fr\\\/la-fondation-gianadda\\\/\",\"url\":\"https:\\\/\\\/rendezvous-vda.it\\\/fr\\\/la-fondation-gianadda\\\/\",\"name\":\"La Fondation Pierre Gianadda - Rendez Vous en Vall\u00e9e d Aoste\",\"isPartOf\":{\"@id\":\"https:\\\/\\\/rendezvous-vda.it\\\/#website\"},\"primaryImageOfPage\":{\"@id\":\"https:\\\/\\\/rendezvous-vda.it\\\/fr\\\/la-fondation-gianadda\\\/#primaryimage\"},\"image\":{\"@id\":\"https:\\\/\\\/rendezvous-vda.it\\\/fr\\\/la-fondation-gianadda\\\/#primaryimage\"},\"thumbnailUrl\":\"https:\\\/\\\/rendezvous-vda.it\\\/wp-content\\\/uploads\\\/2024\\\/09\\\/Le-Parc-de-la-Fondation-\u00a9-Michel-Darbellay-Martigny.jpg\",\"datePublished\":\"2024-09-23T15:26:58+00:00\",\"dateModified\":\"2026-01-24T08:29:57+00:00\",\"description\":\"Erig\u00e9e autour d\u2019un temple gallo-romain, cette Fondation se r\u00e9v\u00e8le un encroyable centre culturel \u00e0 Martigny dans le Valais suisse...\",\"breadcrumb\":{\"@id\":\"https:\\\/\\\/rendezvous-vda.it\\\/fr\\\/la-fondation-gianadda\\\/#breadcrumb\"},\"inLanguage\":\"fr-FR\",\"potentialAction\":[{\"@type\":\"ReadAction\",\"target\":[\"https:\\\/\\\/rendezvous-vda.it\\\/fr\\\/la-fondation-gianadda\\\/\"]}]},{\"@type\":\"ImageObject\",\"inLanguage\":\"fr-FR\",\"@id\":\"https:\\\/\\\/rendezvous-vda.it\\\/fr\\\/la-fondation-gianadda\\\/#primaryimage\",\"url\":\"https:\\\/\\\/rendezvous-vda.it\\\/wp-content\\\/uploads\\\/2024\\\/09\\\/Le-Parc-de-la-Fondation-\u00a9-Michel-Darbellay-Martigny.jpg\",\"contentUrl\":\"https:\\\/\\\/rendezvous-vda.it\\\/wp-content\\\/uploads\\\/2024\\\/09\\\/Le-Parc-de-la-Fondation-\u00a9-Michel-Darbellay-Martigny.jpg\",\"width\":1444,\"height\":1153},{\"@type\":\"BreadcrumbList\",\"@id\":\"https:\\\/\\\/rendezvous-vda.it\\\/fr\\\/la-fondation-gianadda\\\/#breadcrumb\",\"itemListElement\":[{\"@type\":\"ListItem\",\"position\":1,\"name\":\"Home\",\"item\":\"https:\\\/\\\/rendezvous-vda.it\\\/fr\\\/\"},{\"@type\":\"ListItem\",\"position\":2,\"name\":\"La Fondation Pierre Gianadda\"}]},{\"@type\":\"WebSite\",\"@id\":\"https:\\\/\\\/rendezvous-vda.it\\\/#website\",\"url\":\"https:\\\/\\\/rendezvous-vda.it\\\/\",\"name\":\"Rendez Vous en Vall\u00e9e d Aoste\",\"description\":\"Arte, Cultura, Sport, Tradizioni, Enogastronomia, Tempo libero...\",\"publisher\":{\"@id\":\"https:\\\/\\\/rendezvous-vda.it\\\/#organization\"},\"potentialAction\":[{\"@type\":\"SearchAction\",\"target\":{\"@type\":\"EntryPoint\",\"urlTemplate\":\"https:\\\/\\\/rendezvous-vda.it\\\/?s={search_term_string}\"},\"query-input\":{\"@type\":\"PropertyValueSpecification\",\"valueRequired\":true,\"valueName\":\"search_term_string\"}}],\"inLanguage\":\"fr-FR\"},{\"@type\":\"Organization\",\"@id\":\"https:\\\/\\\/rendezvous-vda.it\\\/#organization\",\"name\":\"Rendez Vous en Vall\u00e9e d Aoste\",\"url\":\"https:\\\/\\\/rendezvous-vda.it\\\/\",\"logo\":{\"@type\":\"ImageObject\",\"inLanguage\":\"fr-FR\",\"@id\":\"https:\\\/\\\/rendezvous-vda.it\\\/#\\\/schema\\\/logo\\\/image\\\/\",\"url\":\"https:\\\/\\\/rendezvous-vda.it\\\/wp-content\\\/uploads\\\/2021\\\/05\\\/R.V_ITA-450.png\",\"contentUrl\":\"https:\\\/\\\/rendezvous-vda.it\\\/wp-content\\\/uploads\\\/2021\\\/05\\\/R.V_ITA-450.png\",\"width\":450,\"height\":83,\"caption\":\"Rendez Vous en Vall\u00e9e d Aoste\"},\"image\":{\"@id\":\"https:\\\/\\\/rendezvous-vda.it\\\/#\\\/schema\\\/logo\\\/image\\\/\"}},{\"@type\":\"Person\",\"@id\":\"https:\\\/\\\/rendezvous-vda.it\\\/#\\\/schema\\\/person\\\/26d79f6dbeaace8f49f6785137f0a34e\",\"name\":\"Redazione RV\",\"image\":{\"@type\":\"ImageObject\",\"inLanguage\":\"fr-FR\",\"@id\":\"https:\\\/\\\/secure.gravatar.com\\\/avatar\\\/0082012e4cff670801768efb03cd0e066347e982930d7c9ceb4cfb808cbb0597?s=96&d=mm&r=g\",\"url\":\"https:\\\/\\\/secure.gravatar.com\\\/avatar\\\/0082012e4cff670801768efb03cd0e066347e982930d7c9ceb4cfb808cbb0597?s=96&d=mm&r=g\",\"contentUrl\":\"https:\\\/\\\/secure.gravatar.com\\\/avatar\\\/0082012e4cff670801768efb03cd0e066347e982930d7c9ceb4cfb808cbb0597?s=96&d=mm&r=g\",\"caption\":\"Redazione RV\"},\"url\":\"https:\\\/\\\/rendezvous-vda.it\\\/fr\\\/author\\\/redazione\\\/\"}]}<\/script>\n<!-- \/ Yoast SEO plugin. -->","yoast_head_json":{"title":"La Fondation Pierre Gianadda - Rendez Vous en Vall\u00e9e d Aoste","description":"Erig\u00e9e autour d\u2019un temple gallo-romain, cette Fondation se r\u00e9v\u00e8le un encroyable centre culturel \u00e0 Martigny dans le Valais suisse...","robots":{"index":"index","follow":"follow","max-snippet":"max-snippet:-1","max-image-preview":"max-image-preview:large","max-video-preview":"max-video-preview:-1"},"canonical":"https:\/\/rendezvous-vda.it\/fr\/la-fondation-gianadda\/","og_locale":"fr_FR","og_type":"article","og_title":"La Fondation Pierre Gianadda - Rendez Vous en Vall\u00e9e d Aoste","og_description":"Erig\u00e9e autour d\u2019un temple gallo-romain, cette Fondation se r\u00e9v\u00e8le un encroyable centre culturel \u00e0 Martigny dans le Valais suisse...","og_url":"https:\/\/rendezvous-vda.it\/fr\/la-fondation-gianadda\/","og_site_name":"Rendez Vous en Vall\u00e9e d Aoste","article_published_time":"2024-09-23T15:26:58+00:00","article_modified_time":"2026-01-24T08:29:57+00:00","og_image":[{"width":1444,"height":1153,"url":"https:\/\/rendezvous-vda.it\/wp-content\/uploads\/2024\/09\/Le-Parc-de-la-Fondation-\u00a9-Michel-Darbellay-Martigny.jpg","type":"image\/jpeg"}],"author":"Redazione RV","twitter_card":"summary_large_image","twitter_misc":{"\u00c9crit par":"Redazione RV","Dur\u00e9e de lecture estim\u00e9e":"3 minutes"},"schema":{"@context":"https:\/\/schema.org","@graph":[{"@type":"Article","@id":"https:\/\/rendezvous-vda.it\/fr\/la-fondation-gianadda\/#article","isPartOf":{"@id":"https:\/\/rendezvous-vda.it\/fr\/la-fondation-gianadda\/"},"author":{"name":"Redazione RV","@id":"https:\/\/rendezvous-vda.it\/#\/schema\/person\/26d79f6dbeaace8f49f6785137f0a34e"},"headline":"La Fondation Pierre Gianadda","datePublished":"2024-09-23T15:26:58+00:00","dateModified":"2026-01-24T08:29:57+00:00","mainEntityOfPage":{"@id":"https:\/\/rendezvous-vda.it\/fr\/la-fondation-gianadda\/"},"wordCount":442,"publisher":{"@id":"https:\/\/rendezvous-vda.it\/#organization"},"image":{"@id":"https:\/\/rendezvous-vda.it\/fr\/la-fondation-gianadda\/#primaryimage"},"thumbnailUrl":"https:\/\/rendezvous-vda.it\/wp-content\/uploads\/2024\/09\/Le-Parc-de-la-Fondation-\u00a9-Michel-Darbellay-Martigny.jpg","articleSection":["Histoire, art et culture"],"inLanguage":"fr-FR"},{"@type":"WebPage","@id":"https:\/\/rendezvous-vda.it\/fr\/la-fondation-gianadda\/","url":"https:\/\/rendezvous-vda.it\/fr\/la-fondation-gianadda\/","name":"La Fondation Pierre Gianadda - Rendez Vous en Vall\u00e9e d Aoste","isPartOf":{"@id":"https:\/\/rendezvous-vda.it\/#website"},"primaryImageOfPage":{"@id":"https:\/\/rendezvous-vda.it\/fr\/la-fondation-gianadda\/#primaryimage"},"image":{"@id":"https:\/\/rendezvous-vda.it\/fr\/la-fondation-gianadda\/#primaryimage"},"thumbnailUrl":"https:\/\/rendezvous-vda.it\/wp-content\/uploads\/2024\/09\/Le-Parc-de-la-Fondation-\u00a9-Michel-Darbellay-Martigny.jpg","datePublished":"2024-09-23T15:26:58+00:00","dateModified":"2026-01-24T08:29:57+00:00","description":"Erig\u00e9e autour d\u2019un temple gallo-romain, cette Fondation se r\u00e9v\u00e8le un encroyable centre culturel \u00e0 Martigny dans le Valais suisse...","breadcrumb":{"@id":"https:\/\/rendezvous-vda.it\/fr\/la-fondation-gianadda\/#breadcrumb"},"inLanguage":"fr-FR","potentialAction":[{"@type":"ReadAction","target":["https:\/\/rendezvous-vda.it\/fr\/la-fondation-gianadda\/"]}]},{"@type":"ImageObject","inLanguage":"fr-FR","@id":"https:\/\/rendezvous-vda.it\/fr\/la-fondation-gianadda\/#primaryimage","url":"https:\/\/rendezvous-vda.it\/wp-content\/uploads\/2024\/09\/Le-Parc-de-la-Fondation-\u00a9-Michel-Darbellay-Martigny.jpg","contentUrl":"https:\/\/rendezvous-vda.it\/wp-content\/uploads\/2024\/09\/Le-Parc-de-la-Fondation-\u00a9-Michel-Darbellay-Martigny.jpg","width":1444,"height":1153},{"@type":"BreadcrumbList","@id":"https:\/\/rendezvous-vda.it\/fr\/la-fondation-gianadda\/#breadcrumb","itemListElement":[{"@type":"ListItem","position":1,"name":"Home","item":"https:\/\/rendezvous-vda.it\/fr\/"},{"@type":"ListItem","position":2,"name":"La Fondation Pierre Gianadda"}]},{"@type":"WebSite","@id":"https:\/\/rendezvous-vda.it\/#website","url":"https:\/\/rendezvous-vda.it\/","name":"Rendez Vous en Vall\u00e9e d Aoste","description":"Arte, Cultura, Sport, Tradizioni, Enogastronomia, Tempo libero...","publisher":{"@id":"https:\/\/rendezvous-vda.it\/#organization"},"potentialAction":[{"@type":"SearchAction","target":{"@type":"EntryPoint","urlTemplate":"https:\/\/rendezvous-vda.it\/?s={search_term_string}"},"query-input":{"@type":"PropertyValueSpecification","valueRequired":true,"valueName":"search_term_string"}}],"inLanguage":"fr-FR"},{"@type":"Organization","@id":"https:\/\/rendezvous-vda.it\/#organization","name":"Rendez Vous en Vall\u00e9e d Aoste","url":"https:\/\/rendezvous-vda.it\/","logo":{"@type":"ImageObject","inLanguage":"fr-FR","@id":"https:\/\/rendezvous-vda.it\/#\/schema\/logo\/image\/","url":"https:\/\/rendezvous-vda.it\/wp-content\/uploads\/2021\/05\/R.V_ITA-450.png","contentUrl":"https:\/\/rendezvous-vda.it\/wp-content\/uploads\/2021\/05\/R.V_ITA-450.png","width":450,"height":83,"caption":"Rendez Vous en Vall\u00e9e d Aoste"},"image":{"@id":"https:\/\/rendezvous-vda.it\/#\/schema\/logo\/image\/"}},{"@type":"Person","@id":"https:\/\/rendezvous-vda.it\/#\/schema\/person\/26d79f6dbeaace8f49f6785137f0a34e","name":"Redazione RV","image":{"@type":"ImageObject","inLanguage":"fr-FR","@id":"https:\/\/secure.gravatar.com\/avatar\/0082012e4cff670801768efb03cd0e066347e982930d7c9ceb4cfb808cbb0597?s=96&d=mm&r=g","url":"https:\/\/secure.gravatar.com\/avatar\/0082012e4cff670801768efb03cd0e066347e982930d7c9ceb4cfb808cbb0597?s=96&d=mm&r=g","contentUrl":"https:\/\/secure.gravatar.com\/avatar\/0082012e4cff670801768efb03cd0e066347e982930d7c9ceb4cfb808cbb0597?s=96&d=mm&r=g","caption":"Redazione RV"},"url":"https:\/\/rendezvous-vda.it\/fr\/author\/redazione\/"}]}},"_links":{"self":[{"href":"https:\/\/rendezvous-vda.it\/fr\/wp-json\/wp\/v2\/posts\/13668","targetHints":{"allow":["GET"]}}],"collection":[{"href":"https:\/\/rendezvous-vda.it\/fr\/wp-json\/wp\/v2\/posts"}],"about":[{"href":"https:\/\/rendezvous-vda.it\/fr\/wp-json\/wp\/v2\/types\/post"}],"author":[{"embeddable":true,"href":"https:\/\/rendezvous-vda.it\/fr\/wp-json\/wp\/v2\/users\/8"}],"replies":[{"embeddable":true,"href":"https:\/\/rendezvous-vda.it\/fr\/wp-json\/wp\/v2\/comments?post=13668"}],"version-history":[{"count":1,"href":"https:\/\/rendezvous-vda.it\/fr\/wp-json\/wp\/v2\/posts\/13668\/revisions"}],"predecessor-version":[{"id":18958,"href":"https:\/\/rendezvous-vda.it\/fr\/wp-json\/wp\/v2\/posts\/13668\/revisions\/18958"}],"wp:featuredmedia":[{"embeddable":true,"href":"https:\/\/rendezvous-vda.it\/fr\/wp-json\/wp\/v2\/media\/13644"}],"wp:attachment":[{"href":"https:\/\/rendezvous-vda.it\/fr\/wp-json\/wp\/v2\/media?parent=13668"}],"wp:term":[{"taxonomy":"category","embeddable":true,"href":"https:\/\/rendezvous-vda.it\/fr\/wp-json\/wp\/v2\/categories?post=13668"},{"taxonomy":"post_tag","embeddable":true,"href":"https:\/\/rendezvous-vda.it\/fr\/wp-json\/wp\/v2\/tags?post=13668"}],"curies":[{"name":"wp","href":"https:\/\/api.w.org\/{rel}","templated":true}]}}