{"id":12811,"date":"2024-05-15T15:47:03","date_gmt":"2024-05-15T13:47:03","guid":{"rendered":"https:\/\/k91y7tbwrjk.preview.infomaniak.website\/?p=12811"},"modified":"2024-05-15T15:47:57","modified_gmt":"2024-05-15T13:47:57","slug":"la-salle-terre-de-randonnees","status":"publish","type":"post","link":"https:\/\/rendezvous-vda.it\/fr\/la-salle-terre-de-randonnees\/","title":{"rendered":"La Salle, terre de randonn\u00e9es"},"content":{"rendered":"\t\t<div data-elementor-type=\"wp-post\" data-elementor-id=\"12811\" class=\"elementor elementor-12811 elementor-12797\" data-elementor-post-type=\"post\">\n\t\t\t\t\t\t<section class=\"elementor-section elementor-top-section elementor-element elementor-element-63afb08b elementor-section-height-min-height elementor-section-items-stretch elementor-section-boxed elementor-section-height-default\" data-id=\"63afb08b\" data-element_type=\"section\" data-e-type=\"section\">\n\t\t\t\t\t\t<div class=\"elementor-container elementor-column-gap-default\">\n\t\t\t\t\t<div class=\"elementor-column elementor-col-100 elementor-top-column elementor-element elementor-element-3cc3883\" data-id=\"3cc3883\" data-element_type=\"column\" data-e-type=\"column\" data-settings=\"{&quot;background_background&quot;:&quot;classic&quot;}\">\n\t\t\t<div class=\"elementor-widget-wrap\">\n\t\t\t\t\t\t\t<\/div>\n\t\t<\/div>\n\t\t\t\t\t<\/div>\n\t\t<\/section>\n\t\t\t\t<section class=\"elementor-section elementor-top-section elementor-element elementor-element-63cc9c20 elementor-reverse-mobile elementor-section-boxed elementor-section-height-default elementor-section-height-default\" data-id=\"63cc9c20\" data-element_type=\"section\" data-e-type=\"section\">\n\t\t\t\t\t\t<div class=\"elementor-container elementor-column-gap-default\">\n\t\t\t\t\t<div class=\"elementor-column elementor-col-50 elementor-top-column elementor-element elementor-element-5fe04054\" data-id=\"5fe04054\" data-element_type=\"column\" data-e-type=\"column\">\n\t\t\t<div class=\"elementor-widget-wrap elementor-element-populated\">\n\t\t\t\t\t\t<div class=\"elementor-element elementor-element-4b4dfeba elementor-widget elementor-widget-gallery\" data-id=\"4b4dfeba\" data-element_type=\"widget\" data-e-type=\"widget\" data-settings=\"{&quot;columns&quot;:1,&quot;columns_mobile&quot;:2,&quot;lazyload&quot;:&quot;yes&quot;,&quot;gallery_layout&quot;:&quot;grid&quot;,&quot;columns_tablet&quot;:2,&quot;gap&quot;:{&quot;unit&quot;:&quot;px&quot;,&quot;size&quot;:10,&quot;sizes&quot;:[]},&quot;gap_tablet&quot;:{&quot;unit&quot;:&quot;px&quot;,&quot;size&quot;:10,&quot;sizes&quot;:[]},&quot;gap_mobile&quot;:{&quot;unit&quot;:&quot;px&quot;,&quot;size&quot;:10,&quot;sizes&quot;:[]},&quot;link_to&quot;:&quot;file&quot;,&quot;aspect_ratio&quot;:&quot;3:2&quot;,&quot;overlay_background&quot;:&quot;yes&quot;,&quot;content_hover_animation&quot;:&quot;fade-in&quot;}\" data-widget_type=\"gallery.default\">\n\t\t\t\t<div class=\"elementor-widget-container\">\n\t\t\t\t\t\t\t<div class=\"elementor-gallery__container\">\n\t\t\t\t\t\t\t<a class=\"e-gallery-item elementor-gallery-item elementor-animated-content\" href=\"https:\/\/rendezvous-vda.it\/wp-content\/uploads\/2024\/05\/La-Chiesa-di-Derby-La-Salle-Ph.-Archivio-Regione-Autonoma-Valle-dAosta-scaled.jpg\" data-elementor-open-lightbox=\"yes\" data-elementor-lightbox-slideshow=\"4b4dfeba\" data-elementor-lightbox-title=\"La Chiesa di Derby La Salle Ph. Archivio Regione Autonoma Valle d&#039;Aosta\" data-e-action-hash=\"#elementor-action%3Aaction%3Dlightbox%26settings%3DeyJpZCI6MTI4MDUsInVybCI6Imh0dHBzOlwvXC9yZW5kZXp2b3VzLXZkYS5pdFwvd3AtY29udGVudFwvdXBsb2Fkc1wvMjAyNFwvMDVcL0xhLUNoaWVzYS1kaS1EZXJieS1MYS1TYWxsZS1QaC4tQXJjaGl2aW8tUmVnaW9uZS1BdXRvbm9tYS1WYWxsZS1kQW9zdGEtc2NhbGVkLmpwZyIsInNsaWRlc2hvdyI6IjRiNGRmZWJhIn0%3D\">\n\t\t\t\t\t<div class=\"e-gallery-image elementor-gallery-item__image\" data-thumbnail=\"https:\/\/rendezvous-vda.it\/wp-content\/uploads\/2024\/05\/La-Chiesa-di-Derby-La-Salle-Ph.-Archivio-Regione-Autonoma-Valle-dAosta-scaled.jpg\" data-width=\"2560\" data-height=\"1772\" aria-label=\"\" role=\"img\" ><\/div>\n\t\t\t\t\t\t\t\t\t\t\t<div class=\"elementor-gallery-item__overlay\"><\/div>\n\t\t\t\t\t\t\t\t\t\t\t\t\t\t<\/a>\n\t\t\t\t\t\t\t<a class=\"e-gallery-item elementor-gallery-item elementor-animated-content\" href=\"https:\/\/rendezvous-vda.it\/wp-content\/uploads\/2024\/05\/La-cascata-Lenteney-a-La-Salle-_Ph.-Archivio-Regione-Autonoma-Valle-dAosta.jpg\" data-elementor-open-lightbox=\"yes\" data-elementor-lightbox-slideshow=\"4b4dfeba\" data-elementor-lightbox-title=\"La cascata Lenteney a La Salle _Ph. Archivio Regione Autonoma Valle d&#039;Aosta\" data-e-action-hash=\"#elementor-action%3Aaction%3Dlightbox%26settings%3DeyJpZCI6MTI4MDMsInVybCI6Imh0dHBzOlwvXC9yZW5kZXp2b3VzLXZkYS5pdFwvd3AtY29udGVudFwvdXBsb2Fkc1wvMjAyNFwvMDVcL0xhLWNhc2NhdGEtTGVudGVuZXktYS1MYS1TYWxsZS1fUGguLUFyY2hpdmlvLVJlZ2lvbmUtQXV0b25vbWEtVmFsbGUtZEFvc3RhLmpwZyIsInNsaWRlc2hvdyI6IjRiNGRmZWJhIn0%3D\">\n\t\t\t\t\t<div class=\"e-gallery-image elementor-gallery-item__image\" data-thumbnail=\"https:\/\/rendezvous-vda.it\/wp-content\/uploads\/2024\/05\/La-cascata-Lenteney-a-La-Salle-_Ph.-Archivio-Regione-Autonoma-Valle-dAosta.jpg\" data-width=\"1689\" data-height=\"2362\" aria-label=\"\" role=\"img\" ><\/div>\n\t\t\t\t\t\t\t\t\t\t\t<div class=\"elementor-gallery-item__overlay\"><\/div>\n\t\t\t\t\t\t\t\t\t\t\t\t\t\t<\/a>\n\t\t\t\t\t\t\t<a class=\"e-gallery-item elementor-gallery-item elementor-animated-content\" href=\"https:\/\/rendezvous-vda.it\/wp-content\/uploads\/2024\/05\/Il-castagno-monumentale-a-Derby-La-Salle_Ph.-Archivio-Regione-Autonoma-Valle-dAosta.jpg\" data-elementor-open-lightbox=\"yes\" data-elementor-lightbox-slideshow=\"4b4dfeba\" data-elementor-lightbox-title=\"Il castagno monumentale a Derby La Salle_Ph. Archivio Regione Autonoma Valle d&#039;Aosta\" data-e-action-hash=\"#elementor-action%3Aaction%3Dlightbox%26settings%3DeyJpZCI6MTI4MDEsInVybCI6Imh0dHBzOlwvXC9yZW5kZXp2b3VzLXZkYS5pdFwvd3AtY29udGVudFwvdXBsb2Fkc1wvMjAyNFwvMDVcL0lsLWNhc3RhZ25vLW1vbnVtZW50YWxlLWEtRGVyYnktTGEtU2FsbGVfUGguLUFyY2hpdmlvLVJlZ2lvbmUtQXV0b25vbWEtVmFsbGUtZEFvc3RhLmpwZyIsInNsaWRlc2hvdyI6IjRiNGRmZWJhIn0%3D\">\n\t\t\t\t\t<div class=\"e-gallery-image elementor-gallery-item__image\" data-thumbnail=\"https:\/\/rendezvous-vda.it\/wp-content\/uploads\/2024\/05\/Il-castagno-monumentale-a-Derby-La-Salle_Ph.-Archivio-Regione-Autonoma-Valle-dAosta.jpg\" data-width=\"1575\" data-height=\"2362\" aria-label=\"\" role=\"img\" ><\/div>\n\t\t\t\t\t\t\t\t\t\t\t<div class=\"elementor-gallery-item__overlay\"><\/div>\n\t\t\t\t\t\t\t\t\t\t\t\t\t\t<\/a>\n\t\t\t\t\t\t\t<a class=\"e-gallery-item elementor-gallery-item elementor-animated-content\" href=\"https:\/\/rendezvous-vda.it\/wp-content\/uploads\/2024\/05\/Escursioni-con-vista-sul-Monte-Bianco_Ph.-Archivio-Regione-Autonoma-Valle-dAosta-scaled.jpg\" data-elementor-open-lightbox=\"yes\" data-elementor-lightbox-slideshow=\"4b4dfeba\" data-elementor-lightbox-title=\"Escursioni con vista sul Monte Bianco_Ph. Archivio Regione Autonoma Valle d&#039;Aosta\" data-e-action-hash=\"#elementor-action%3Aaction%3Dlightbox%26settings%3DeyJpZCI6MTI3OTksInVybCI6Imh0dHBzOlwvXC9yZW5kZXp2b3VzLXZkYS5pdFwvd3AtY29udGVudFwvdXBsb2Fkc1wvMjAyNFwvMDVcL0VzY3Vyc2lvbmktY29uLXZpc3RhLXN1bC1Nb250ZS1CaWFuY29fUGguLUFyY2hpdmlvLVJlZ2lvbmUtQXV0b25vbWEtVmFsbGUtZEFvc3RhLXNjYWxlZC5qcGciLCJzbGlkZXNob3ciOiI0YjRkZmViYSJ9\">\n\t\t\t\t\t<div class=\"e-gallery-image elementor-gallery-item__image\" data-thumbnail=\"https:\/\/rendezvous-vda.it\/wp-content\/uploads\/2024\/05\/Escursioni-con-vista-sul-Monte-Bianco_Ph.-Archivio-Regione-Autonoma-Valle-dAosta-scaled.jpg\" data-width=\"2560\" data-height=\"1707\" aria-label=\"\" role=\"img\" ><\/div>\n\t\t\t\t\t\t\t\t\t\t\t<div class=\"elementor-gallery-item__overlay\"><\/div>\n\t\t\t\t\t\t\t\t\t\t\t\t\t\t<\/a>\n\t\t\t\t\t<\/div>\n\t\t\t\t\t<\/div>\n\t\t\t\t<\/div>\n\t\t\t\t\t<\/div>\n\t\t<\/div>\n\t\t\t\t<div class=\"elementor-column elementor-col-50 elementor-top-column elementor-element elementor-element-d50aca0\" data-id=\"d50aca0\" data-element_type=\"column\" data-e-type=\"column\">\n\t\t\t<div class=\"elementor-widget-wrap elementor-element-populated\">\n\t\t\t\t\t\t<div class=\"elementor-element elementor-element-67e78b9b elementor-widget elementor-widget-heading\" data-id=\"67e78b9b\" data-element_type=\"widget\" data-e-type=\"widget\" data-widget_type=\"heading.default\">\n\t\t\t\t<div class=\"elementor-widget-container\">\n\t\t\t\t\t<h2 class=\"elementor-heading-title elementor-size-default\">La Salle, terre de randonn\u00e9es\n\n<\/h2>\t\t\t\t<\/div>\n\t\t\t\t<\/div>\n\t\t\t\t<div class=\"elementor-element elementor-element-3e0a20b2 elementor-widget__width-auto elementor-widget elementor-widget-post-info\" data-id=\"3e0a20b2\" data-element_type=\"widget\" data-e-type=\"widget\" data-widget_type=\"post-info.default\">\n\t\t\t\t<div class=\"elementor-widget-container\">\n\t\t\t\t\t\t\t<ul class=\"elementor-inline-items elementor-icon-list-items elementor-post-info\">\n\t\t\t\t\t\t\t\t<li class=\"elementor-icon-list-item elementor-repeater-item-9ddff1b elementor-inline-item\" itemprop=\"about\">\n\t\t\t\t\t\t\t\t\t\t\t\t\t<span class=\"elementor-icon-list-text elementor-post-info__item elementor-post-info__item--type-terms\">\n\t\t\t\t\t\t\t\t\t\t<span class=\"elementor-post-info__terms-list\">\n\t\t\t\t<a href=\"https:\/\/rendezvous-vda.it\/fr\/category\/news-fr\/sport-et-temps-libre\/\" class=\"elementor-post-info__terms-list-item\">Sport et temps libre<\/a>\t\t\t\t<\/span>\n\t\t\t\t\t<\/span>\n\t\t\t\t\t\t\t\t<\/li>\n\t\t\t\t<\/ul>\n\t\t\t\t\t\t<\/div>\n\t\t\t\t<\/div>\n\t\t\t\t<div class=\"elementor-element elementor-element-4b58767a elementor-widget__width-auto elementor-widget elementor-widget-post-info\" data-id=\"4b58767a\" data-element_type=\"widget\" data-e-type=\"widget\" data-widget_type=\"post-info.default\">\n\t\t\t\t<div class=\"elementor-widget-container\">\n\t\t\t\t\t\t\t<ul class=\"elementor-inline-items elementor-icon-list-items elementor-post-info\">\n\t\t\t\t\t\t\t\t<li class=\"elementor-icon-list-item elementor-repeater-item-39eb51a elementor-inline-item\" itemprop=\"datePublished\">\n\t\t\t\t\t\t\t\t\t\t<span class=\"elementor-icon-list-icon\">\n\t\t\t\t\t\t\t\t<i aria-hidden=\"true\" class=\"fas fa-calendar\"><\/i>\t\t\t\t\t\t\t<\/span>\n\t\t\t\t\t\t\t\t\t<span class=\"elementor-icon-list-text elementor-post-info__item elementor-post-info__item--type-date\">\n\t\t\t\t\t\t\t\t\t\t<time>15\/05\/2024<\/time>\t\t\t\t\t<\/span>\n\t\t\t\t\t\t\t\t<\/li>\n\t\t\t\t<li class=\"elementor-icon-list-item elementor-repeater-item-98ad935 elementor-inline-item\" itemprop=\"author\">\n\t\t\t\t\t\t\t\t\t\t\t\t\t<span class=\"elementor-icon-list-text elementor-post-info__item elementor-post-info__item--type-author\">\n\t\t\t\t\t\t\t<span class=\"elementor-post-info__item-prefix\">di<\/span>\n\t\t\t\t\t\t\t\t\t\tMoreno Vignolini\t\t\t\t\t<\/span>\n\t\t\t\t\t\t\t\t<\/li>\n\t\t\t\t<\/ul>\n\t\t\t\t\t\t<\/div>\n\t\t\t\t<\/div>\n\t\t\t\t<div class=\"elementor-element elementor-element-4ff15256 elementor-widget elementor-widget-heading\" data-id=\"4ff15256\" data-element_type=\"widget\" data-e-type=\"widget\" data-widget_type=\"heading.default\">\n\t\t\t\t<div class=\"elementor-widget-container\">\n\t\t\t\t\t<h2 class=\"elementor-heading-title elementor-size-default\">Calme, tranquillit\u00e9 et \u00e9merveillement sur les itin\u00e9raires de La Salle.<\/h2>\t\t\t\t<\/div>\n\t\t\t\t<\/div>\n\t\t\t\t<div class=\"elementor-element elementor-element-3abba04e elementor-widget elementor-widget-text-editor\" data-id=\"3abba04e\" data-element_type=\"widget\" data-e-type=\"widget\" data-widget_type=\"text-editor.default\">\n\t\t\t\t<div class=\"elementor-widget-container\">\n\t\t\t\t\t\t\t\t\t<p>Le printemps s\u2019appr\u00eate \u00e0 s\u2019\u00e9panouir au pied du Mont Blanc et le bourg de La Salle, oasis de tranquillit\u00e9 et de nature entre les vergers et les c\u00e9l\u00e8bres vignobles de l\u2019AOC Blanc de Morgex et de La Salle, parmi les plus \u00e9lev\u00e9s en Europe, est pr\u00eate \u00e0 accueillir les passionn\u00e9s de montagne et de randonn\u00e9e.<\/p><p>Pour qui pr\u00e9f\u00e8re les brefs parcours, le fond de la vall\u00e9e offre des sentiers traversables durant toute l\u2019ann\u00e9e, parmi lesquels la promenade qui m\u00e8ne au somptueux<strong> ch\u00e2taignier monumental<\/strong> du village de <strong>Derby<\/strong>, lieu riche en histoire, avec sa belle \u00e9glise paroissiale romane d\u00e9di\u00e9e \u00e0 saint Ours, ses anciens ch\u00e2teaux-forts et le bien nomm\u00e9 palazzo notarile. Depuis l\u00e0, une courte promenade \u00e0 plat vous portera \u00e0 l\u2019arbre monumental (d\u2019une circonf\u00e9rence de plus de sept m\u00e8tres et demi, d\u2019un diam\u00e8tre de 243 centim\u00e8tres et d\u2019une hauteur de 27 m\u00e8tres), dont on estime qu\u2019il a environ 500 ans.<\/p><p>La Salle est une terre de randonn\u00e9es, avec des parcours qui offrent des panoramas incroyables sur toutes les cimes avoisinantes, comme la <strong>Grivola<\/strong>, le <strong>Grand Paradis<\/strong> et l\u2019inmancable <strong>Mont Blanc<\/strong>. Tranquillit\u00e9 absolue, for\u00eats et nature sauvages composent le cadre de tant d\u2019excursions courtes ou plus engageantes qui s\u2019offrent aux randonneurs: des promenades suggestives dans les hameaux d\u2019<strong>Echarlod-Charvaz<\/strong>, \u00e0 la d\u00e9couverte du <strong>Ru Colombaz,<\/strong> jusqu\u2019aux parcours plus exigeants qui sont compris dans les \u00e9tapes du <strong>Cammino Balteo<\/strong>, l\u2019itin\u00e9raire de pr\u00e8s de 350 kilom\u00e8tres, qui traverse la Vall\u00e9e d\u2019Aoste en 23 \u00e9tapes. Le territoire de La Salle se pr\u00e9sente comme la synth\u00e8se d\u2019itin\u00e9raires pour tous les go\u00fbts et difficult\u00e9s, entre des pentes douces et ensoleill\u00e9es; une destination id\u00e9ale pour qui appr\u00e9cie le calme, la simplicit\u00e9, l\u2019hospitalit\u00e9 alpine et la possibilit\u00e9 d\u2019admirer des panoramas incroyables.<\/p>\t\t\t\t\t\t\t\t<\/div>\n\t\t\t\t<\/div>\n\t\t\t\t<div class=\"elementor-element elementor-element-7290c1e5 elementor-widget elementor-widget-heading\" data-id=\"7290c1e5\" data-element_type=\"widget\" data-e-type=\"widget\" data-widget_type=\"heading.default\">\n\t\t\t\t<div class=\"elementor-widget-container\">\n\t\t\t\t\t<h2 class=\"elementor-heading-title elementor-size-default\">Pour de plus amples informations:<\/h2>\t\t\t\t<\/div>\n\t\t\t\t<\/div>\n\t\t\t\t<div class=\"elementor-element elementor-element-7ca30104 elementor-widget elementor-widget-text-editor\" data-id=\"7ca30104\" data-element_type=\"widget\" data-e-type=\"widget\" data-widget_type=\"text-editor.default\">\n\t\t\t\t<div class=\"elementor-widget-container\">\n\t\t\t\t\t\t\t\t\t<p><strong><a href=\"http:\/\/www.lasallemontblanc.com\">www.lasallemontblanc.com<\/a><\/strong><\/p>\t\t\t\t\t\t\t\t<\/div>\n\t\t\t\t<\/div>\n\t\t\t\t<div class=\"elementor-element elementor-element-7c9184c4 elementor-share-buttons--view-icon elementor-share-buttons--skin-gradient elementor-share-buttons--shape-square elementor-grid-0 elementor-share-buttons--color-official elementor-widget elementor-widget-global elementor-global-1711 elementor-widget-share-buttons\" data-id=\"7c9184c4\" data-element_type=\"widget\" data-e-type=\"widget\" data-widget_type=\"share-buttons.default\">\n\t\t\t\t<div class=\"elementor-widget-container\">\n\t\t\t\t\t\t\t<div class=\"elementor-grid\" role=\"list\">\n\t\t\t\t\t\t\t\t<div class=\"elementor-grid-item\" role=\"listitem\">\n\t\t\t\t\t\t<div class=\"elementor-share-btn elementor-share-btn_facebook\" role=\"button\" tabindex=\"0\" aria-label=\"Partager sur facebook\">\n\t\t\t\t\t\t\t\t\t\t\t\t\t\t\t<span class=\"elementor-share-btn__icon\">\n\t\t\t\t\t\t\t\t<i class=\"fab fa-facebook\" aria-hidden=\"true\"><\/i>\t\t\t\t\t\t\t<\/span>\n\t\t\t\t\t\t\t\t\t\t\t\t\t\t\t\t\t\t\t\t<\/div>\n\t\t\t\t\t<\/div>\n\t\t\t\t\t\t\t\t\t<div class=\"elementor-grid-item\" role=\"listitem\">\n\t\t\t\t\t\t<div class=\"elementor-share-btn elementor-share-btn_twitter\" role=\"button\" tabindex=\"0\" aria-label=\"Partager sur twitter\">\n\t\t\t\t\t\t\t\t\t\t\t\t\t\t\t<span class=\"elementor-share-btn__icon\">\n\t\t\t\t\t\t\t\t<i class=\"fab fa-twitter\" aria-hidden=\"true\"><\/i>\t\t\t\t\t\t\t<\/span>\n\t\t\t\t\t\t\t\t\t\t\t\t\t\t\t\t\t\t\t\t<\/div>\n\t\t\t\t\t<\/div>\n\t\t\t\t\t\t\t\t\t<div class=\"elementor-grid-item\" role=\"listitem\">\n\t\t\t\t\t\t<div class=\"elementor-share-btn elementor-share-btn_linkedin\" role=\"button\" tabindex=\"0\" aria-label=\"Partager sur linkedin\">\n\t\t\t\t\t\t\t\t\t\t\t\t\t\t\t<span class=\"elementor-share-btn__icon\">\n\t\t\t\t\t\t\t\t<i class=\"fab fa-linkedin\" aria-hidden=\"true\"><\/i>\t\t\t\t\t\t\t<\/span>\n\t\t\t\t\t\t\t\t\t\t\t\t\t\t\t\t\t\t\t\t<\/div>\n\t\t\t\t\t<\/div>\n\t\t\t\t\t\t\t\t\t<div class=\"elementor-grid-item\" role=\"listitem\">\n\t\t\t\t\t\t<div class=\"elementor-share-btn elementor-share-btn_email\" role=\"button\" tabindex=\"0\" aria-label=\"Partager sur email\">\n\t\t\t\t\t\t\t\t\t\t\t\t\t\t\t<span class=\"elementor-share-btn__icon\">\n\t\t\t\t\t\t\t\t<i class=\"fas fa-envelope\" aria-hidden=\"true\"><\/i>\t\t\t\t\t\t\t<\/span>\n\t\t\t\t\t\t\t\t\t\t\t\t\t\t\t\t\t\t\t\t<\/div>\n\t\t\t\t\t<\/div>\n\t\t\t\t\t\t\t\t\t<div class=\"elementor-grid-item\" role=\"listitem\">\n\t\t\t\t\t\t<div class=\"elementor-share-btn elementor-share-btn_whatsapp\" role=\"button\" tabindex=\"0\" aria-label=\"Partager sur whatsapp\">\n\t\t\t\t\t\t\t\t\t\t\t\t\t\t\t<span class=\"elementor-share-btn__icon\">\n\t\t\t\t\t\t\t\t<i class=\"fab fa-whatsapp\" aria-hidden=\"true\"><\/i>\t\t\t\t\t\t\t<\/span>\n\t\t\t\t\t\t\t\t\t\t\t\t\t\t\t\t\t\t\t\t<\/div>\n\t\t\t\t\t<\/div>\n\t\t\t\t\t\t<\/div>\n\t\t\t\t\t\t<\/div>\n\t\t\t\t<\/div>\n\t\t\t\t\t<\/div>\n\t\t<\/div>\n\t\t\t\t\t<\/div>\n\t\t<\/section>\n\t\t\t\t<\/div>\n\t\t","protected":false},"excerpt":{"rendered":"<p>Calme, tranquillit\u00e9 et \u00e9merveillement sur les itin\u00e9raires de La Salle&#8230;.<\/p>\n","protected":false},"author":6,"featured_media":12799,"comment_status":"closed","ping_status":"closed","sticky":false,"template":"elementor_header_footer","format":"standard","meta":{"footnotes":""},"categories":[48],"tags":[],"class_list":["post-12811","post","type-post","status-publish","format-standard","has-post-thumbnail","hentry","category-sport-et-temps-libre"],"yoast_head":"<!-- This site is optimized with the Yoast SEO plugin v27.5 - https:\/\/yoast.com\/product\/yoast-seo-wordpress\/ -->\n<title>\u00c9v\u00e9nements en Vall\u00e9e d&#039;Aoste - La Salle - Rendez Vous en Vall\u00e9e d Aoste<\/title>\n<meta name=\"description\" content=\"Calme, tranquillit\u00e9 et \u00e9merveillement sur les itin\u00e9raires de La Salle en Vall\u00e9e d&#039;Aoste...\" \/>\n<meta name=\"robots\" content=\"index, follow, max-snippet:-1, max-image-preview:large, max-video-preview:-1\" \/>\n<link rel=\"canonical\" href=\"https:\/\/rendezvous-vda.it\/fr\/la-salle-terre-de-randonnees\/\" \/>\n<meta property=\"og:locale\" content=\"fr_FR\" \/>\n<meta property=\"og:type\" content=\"article\" \/>\n<meta property=\"og:title\" content=\"\u00c9v\u00e9nements en Vall\u00e9e d&#039;Aoste - La Salle - Rendez Vous en Vall\u00e9e d Aoste\" \/>\n<meta property=\"og:description\" content=\"Calme, tranquillit\u00e9 et \u00e9merveillement sur les itin\u00e9raires de La Salle en Vall\u00e9e d&#039;Aoste...\" \/>\n<meta property=\"og:url\" content=\"https:\/\/rendezvous-vda.it\/fr\/la-salle-terre-de-randonnees\/\" \/>\n<meta property=\"og:site_name\" content=\"Rendez Vous en Vall\u00e9e d Aoste\" \/>\n<meta property=\"article:published_time\" content=\"2024-05-15T13:47:03+00:00\" \/>\n<meta property=\"article:modified_time\" content=\"2024-05-15T13:47:57+00:00\" \/>\n<meta property=\"og:image\" content=\"https:\/\/rendezvous-vda.it\/wp-content\/uploads\/2024\/05\/Escursioni-con-vista-sul-Monte-Bianco_Ph.-Archivio-Regione-Autonoma-Valle-dAosta-scaled.jpg\" \/>\n\t<meta property=\"og:image:width\" content=\"2560\" \/>\n\t<meta property=\"og:image:height\" content=\"1707\" \/>\n\t<meta property=\"og:image:type\" content=\"image\/jpeg\" \/>\n<meta name=\"author\" content=\"Moreno Vignolini\" \/>\n<meta name=\"twitter:card\" content=\"summary_large_image\" \/>\n<meta name=\"twitter:label1\" content=\"\u00c9crit par\" \/>\n\t<meta name=\"twitter:data1\" content=\"Moreno Vignolini\" \/>\n\t<meta name=\"twitter:label2\" content=\"Dur\u00e9e de lecture estim\u00e9e\" \/>\n\t<meta name=\"twitter:data2\" content=\"2 minutes\" \/>\n<script type=\"application\/ld+json\" class=\"yoast-schema-graph\">{\"@context\":\"https:\\\/\\\/schema.org\",\"@graph\":[{\"@type\":\"Article\",\"@id\":\"https:\\\/\\\/rendezvous-vda.it\\\/fr\\\/la-salle-terre-de-randonnees\\\/#article\",\"isPartOf\":{\"@id\":\"https:\\\/\\\/rendezvous-vda.it\\\/fr\\\/la-salle-terre-de-randonnees\\\/\"},\"author\":{\"name\":\"Moreno Vignolini\",\"@id\":\"https:\\\/\\\/rendezvous-vda.it\\\/#\\\/schema\\\/person\\\/423ddc9354e475bf98ecebd3e695d1cc\"},\"headline\":\"La Salle, terre de randonn\u00e9es\",\"datePublished\":\"2024-05-15T13:47:03+00:00\",\"dateModified\":\"2024-05-15T13:47:57+00:00\",\"mainEntityOfPage\":{\"@id\":\"https:\\\/\\\/rendezvous-vda.it\\\/fr\\\/la-salle-terre-de-randonnees\\\/\"},\"wordCount\":357,\"publisher\":{\"@id\":\"https:\\\/\\\/rendezvous-vda.it\\\/#organization\"},\"image\":{\"@id\":\"https:\\\/\\\/rendezvous-vda.it\\\/fr\\\/la-salle-terre-de-randonnees\\\/#primaryimage\"},\"thumbnailUrl\":\"https:\\\/\\\/rendezvous-vda.it\\\/wp-content\\\/uploads\\\/2024\\\/05\\\/Escursioni-con-vista-sul-Monte-Bianco_Ph.-Archivio-Regione-Autonoma-Valle-dAosta-scaled.jpg\",\"articleSection\":[\"Sport et temps libre\"],\"inLanguage\":\"fr-FR\"},{\"@type\":\"WebPage\",\"@id\":\"https:\\\/\\\/rendezvous-vda.it\\\/fr\\\/la-salle-terre-de-randonnees\\\/\",\"url\":\"https:\\\/\\\/rendezvous-vda.it\\\/fr\\\/la-salle-terre-de-randonnees\\\/\",\"name\":\"\u00c9v\u00e9nements en Vall\u00e9e d'Aoste - La Salle - Rendez Vous en Vall\u00e9e d Aoste\",\"isPartOf\":{\"@id\":\"https:\\\/\\\/rendezvous-vda.it\\\/#website\"},\"primaryImageOfPage\":{\"@id\":\"https:\\\/\\\/rendezvous-vda.it\\\/fr\\\/la-salle-terre-de-randonnees\\\/#primaryimage\"},\"image\":{\"@id\":\"https:\\\/\\\/rendezvous-vda.it\\\/fr\\\/la-salle-terre-de-randonnees\\\/#primaryimage\"},\"thumbnailUrl\":\"https:\\\/\\\/rendezvous-vda.it\\\/wp-content\\\/uploads\\\/2024\\\/05\\\/Escursioni-con-vista-sul-Monte-Bianco_Ph.-Archivio-Regione-Autonoma-Valle-dAosta-scaled.jpg\",\"datePublished\":\"2024-05-15T13:47:03+00:00\",\"dateModified\":\"2024-05-15T13:47:57+00:00\",\"description\":\"Calme, tranquillit\u00e9 et \u00e9merveillement sur les itin\u00e9raires de La Salle en Vall\u00e9e d'Aoste...\",\"breadcrumb\":{\"@id\":\"https:\\\/\\\/rendezvous-vda.it\\\/fr\\\/la-salle-terre-de-randonnees\\\/#breadcrumb\"},\"inLanguage\":\"fr-FR\",\"potentialAction\":[{\"@type\":\"ReadAction\",\"target\":[\"https:\\\/\\\/rendezvous-vda.it\\\/fr\\\/la-salle-terre-de-randonnees\\\/\"]}]},{\"@type\":\"ImageObject\",\"inLanguage\":\"fr-FR\",\"@id\":\"https:\\\/\\\/rendezvous-vda.it\\\/fr\\\/la-salle-terre-de-randonnees\\\/#primaryimage\",\"url\":\"https:\\\/\\\/rendezvous-vda.it\\\/wp-content\\\/uploads\\\/2024\\\/05\\\/Escursioni-con-vista-sul-Monte-Bianco_Ph.-Archivio-Regione-Autonoma-Valle-dAosta-scaled.jpg\",\"contentUrl\":\"https:\\\/\\\/rendezvous-vda.it\\\/wp-content\\\/uploads\\\/2024\\\/05\\\/Escursioni-con-vista-sul-Monte-Bianco_Ph.-Archivio-Regione-Autonoma-Valle-dAosta-scaled.jpg\",\"width\":2560,\"height\":1707},{\"@type\":\"BreadcrumbList\",\"@id\":\"https:\\\/\\\/rendezvous-vda.it\\\/fr\\\/la-salle-terre-de-randonnees\\\/#breadcrumb\",\"itemListElement\":[{\"@type\":\"ListItem\",\"position\":1,\"name\":\"Home\",\"item\":\"https:\\\/\\\/rendezvous-vda.it\\\/fr\\\/\"},{\"@type\":\"ListItem\",\"position\":2,\"name\":\"La Salle, terre de randonn\u00e9es\"}]},{\"@type\":\"WebSite\",\"@id\":\"https:\\\/\\\/rendezvous-vda.it\\\/#website\",\"url\":\"https:\\\/\\\/rendezvous-vda.it\\\/\",\"name\":\"Rendez Vous en Vall\u00e9e d Aoste\",\"description\":\"Arte, Cultura, Sport, Tradizioni, Enogastronomia, Tempo libero...\",\"publisher\":{\"@id\":\"https:\\\/\\\/rendezvous-vda.it\\\/#organization\"},\"potentialAction\":[{\"@type\":\"SearchAction\",\"target\":{\"@type\":\"EntryPoint\",\"urlTemplate\":\"https:\\\/\\\/rendezvous-vda.it\\\/?s={search_term_string}\"},\"query-input\":{\"@type\":\"PropertyValueSpecification\",\"valueRequired\":true,\"valueName\":\"search_term_string\"}}],\"inLanguage\":\"fr-FR\"},{\"@type\":\"Organization\",\"@id\":\"https:\\\/\\\/rendezvous-vda.it\\\/#organization\",\"name\":\"Rendez Vous en Vall\u00e9e d Aoste\",\"url\":\"https:\\\/\\\/rendezvous-vda.it\\\/\",\"logo\":{\"@type\":\"ImageObject\",\"inLanguage\":\"fr-FR\",\"@id\":\"https:\\\/\\\/rendezvous-vda.it\\\/#\\\/schema\\\/logo\\\/image\\\/\",\"url\":\"https:\\\/\\\/rendezvous-vda.it\\\/wp-content\\\/uploads\\\/2021\\\/05\\\/R.V_ITA-450.png\",\"contentUrl\":\"https:\\\/\\\/rendezvous-vda.it\\\/wp-content\\\/uploads\\\/2021\\\/05\\\/R.V_ITA-450.png\",\"width\":450,\"height\":83,\"caption\":\"Rendez Vous en Vall\u00e9e d Aoste\"},\"image\":{\"@id\":\"https:\\\/\\\/rendezvous-vda.it\\\/#\\\/schema\\\/logo\\\/image\\\/\"}},{\"@type\":\"Person\",\"@id\":\"https:\\\/\\\/rendezvous-vda.it\\\/#\\\/schema\\\/person\\\/423ddc9354e475bf98ecebd3e695d1cc\",\"name\":\"Moreno Vignolini\",\"image\":{\"@type\":\"ImageObject\",\"inLanguage\":\"fr-FR\",\"@id\":\"https:\\\/\\\/secure.gravatar.com\\\/avatar\\\/afb4539b5bbe849fba066571ea9141358227ef3fea4d167a19c5f550aa1381c8?s=96&d=mm&r=g\",\"url\":\"https:\\\/\\\/secure.gravatar.com\\\/avatar\\\/afb4539b5bbe849fba066571ea9141358227ef3fea4d167a19c5f550aa1381c8?s=96&d=mm&r=g\",\"contentUrl\":\"https:\\\/\\\/secure.gravatar.com\\\/avatar\\\/afb4539b5bbe849fba066571ea9141358227ef3fea4d167a19c5f550aa1381c8?s=96&d=mm&r=g\",\"caption\":\"Moreno Vignolini\"},\"url\":\"https:\\\/\\\/rendezvous-vda.it\\\/fr\\\/author\\\/moreno\\\/\"}]}<\/script>\n<!-- \/ Yoast SEO plugin. -->","yoast_head_json":{"title":"\u00c9v\u00e9nements en Vall\u00e9e d'Aoste - La Salle - Rendez Vous en Vall\u00e9e d Aoste","description":"Calme, tranquillit\u00e9 et \u00e9merveillement sur les itin\u00e9raires de La Salle en Vall\u00e9e d'Aoste...","robots":{"index":"index","follow":"follow","max-snippet":"max-snippet:-1","max-image-preview":"max-image-preview:large","max-video-preview":"max-video-preview:-1"},"canonical":"https:\/\/rendezvous-vda.it\/fr\/la-salle-terre-de-randonnees\/","og_locale":"fr_FR","og_type":"article","og_title":"\u00c9v\u00e9nements en Vall\u00e9e d'Aoste - La Salle - Rendez Vous en Vall\u00e9e d Aoste","og_description":"Calme, tranquillit\u00e9 et \u00e9merveillement sur les itin\u00e9raires de La Salle en Vall\u00e9e d'Aoste...","og_url":"https:\/\/rendezvous-vda.it\/fr\/la-salle-terre-de-randonnees\/","og_site_name":"Rendez Vous en Vall\u00e9e d Aoste","article_published_time":"2024-05-15T13:47:03+00:00","article_modified_time":"2024-05-15T13:47:57+00:00","og_image":[{"width":2560,"height":1707,"url":"https:\/\/rendezvous-vda.it\/wp-content\/uploads\/2024\/05\/Escursioni-con-vista-sul-Monte-Bianco_Ph.-Archivio-Regione-Autonoma-Valle-dAosta-scaled.jpg","type":"image\/jpeg"}],"author":"Moreno Vignolini","twitter_card":"summary_large_image","twitter_misc":{"\u00c9crit par":"Moreno Vignolini","Dur\u00e9e de lecture estim\u00e9e":"2 minutes"},"schema":{"@context":"https:\/\/schema.org","@graph":[{"@type":"Article","@id":"https:\/\/rendezvous-vda.it\/fr\/la-salle-terre-de-randonnees\/#article","isPartOf":{"@id":"https:\/\/rendezvous-vda.it\/fr\/la-salle-terre-de-randonnees\/"},"author":{"name":"Moreno Vignolini","@id":"https:\/\/rendezvous-vda.it\/#\/schema\/person\/423ddc9354e475bf98ecebd3e695d1cc"},"headline":"La Salle, terre de randonn\u00e9es","datePublished":"2024-05-15T13:47:03+00:00","dateModified":"2024-05-15T13:47:57+00:00","mainEntityOfPage":{"@id":"https:\/\/rendezvous-vda.it\/fr\/la-salle-terre-de-randonnees\/"},"wordCount":357,"publisher":{"@id":"https:\/\/rendezvous-vda.it\/#organization"},"image":{"@id":"https:\/\/rendezvous-vda.it\/fr\/la-salle-terre-de-randonnees\/#primaryimage"},"thumbnailUrl":"https:\/\/rendezvous-vda.it\/wp-content\/uploads\/2024\/05\/Escursioni-con-vista-sul-Monte-Bianco_Ph.-Archivio-Regione-Autonoma-Valle-dAosta-scaled.jpg","articleSection":["Sport et temps libre"],"inLanguage":"fr-FR"},{"@type":"WebPage","@id":"https:\/\/rendezvous-vda.it\/fr\/la-salle-terre-de-randonnees\/","url":"https:\/\/rendezvous-vda.it\/fr\/la-salle-terre-de-randonnees\/","name":"\u00c9v\u00e9nements en Vall\u00e9e d'Aoste - La Salle - Rendez Vous en Vall\u00e9e d Aoste","isPartOf":{"@id":"https:\/\/rendezvous-vda.it\/#website"},"primaryImageOfPage":{"@id":"https:\/\/rendezvous-vda.it\/fr\/la-salle-terre-de-randonnees\/#primaryimage"},"image":{"@id":"https:\/\/rendezvous-vda.it\/fr\/la-salle-terre-de-randonnees\/#primaryimage"},"thumbnailUrl":"https:\/\/rendezvous-vda.it\/wp-content\/uploads\/2024\/05\/Escursioni-con-vista-sul-Monte-Bianco_Ph.-Archivio-Regione-Autonoma-Valle-dAosta-scaled.jpg","datePublished":"2024-05-15T13:47:03+00:00","dateModified":"2024-05-15T13:47:57+00:00","description":"Calme, tranquillit\u00e9 et \u00e9merveillement sur les itin\u00e9raires de La Salle en Vall\u00e9e d'Aoste...","breadcrumb":{"@id":"https:\/\/rendezvous-vda.it\/fr\/la-salle-terre-de-randonnees\/#breadcrumb"},"inLanguage":"fr-FR","potentialAction":[{"@type":"ReadAction","target":["https:\/\/rendezvous-vda.it\/fr\/la-salle-terre-de-randonnees\/"]}]},{"@type":"ImageObject","inLanguage":"fr-FR","@id":"https:\/\/rendezvous-vda.it\/fr\/la-salle-terre-de-randonnees\/#primaryimage","url":"https:\/\/rendezvous-vda.it\/wp-content\/uploads\/2024\/05\/Escursioni-con-vista-sul-Monte-Bianco_Ph.-Archivio-Regione-Autonoma-Valle-dAosta-scaled.jpg","contentUrl":"https:\/\/rendezvous-vda.it\/wp-content\/uploads\/2024\/05\/Escursioni-con-vista-sul-Monte-Bianco_Ph.-Archivio-Regione-Autonoma-Valle-dAosta-scaled.jpg","width":2560,"height":1707},{"@type":"BreadcrumbList","@id":"https:\/\/rendezvous-vda.it\/fr\/la-salle-terre-de-randonnees\/#breadcrumb","itemListElement":[{"@type":"ListItem","position":1,"name":"Home","item":"https:\/\/rendezvous-vda.it\/fr\/"},{"@type":"ListItem","position":2,"name":"La Salle, terre de randonn\u00e9es"}]},{"@type":"WebSite","@id":"https:\/\/rendezvous-vda.it\/#website","url":"https:\/\/rendezvous-vda.it\/","name":"Rendez Vous en Vall\u00e9e d Aoste","description":"Arte, Cultura, Sport, Tradizioni, Enogastronomia, Tempo libero...","publisher":{"@id":"https:\/\/rendezvous-vda.it\/#organization"},"potentialAction":[{"@type":"SearchAction","target":{"@type":"EntryPoint","urlTemplate":"https:\/\/rendezvous-vda.it\/?s={search_term_string}"},"query-input":{"@type":"PropertyValueSpecification","valueRequired":true,"valueName":"search_term_string"}}],"inLanguage":"fr-FR"},{"@type":"Organization","@id":"https:\/\/rendezvous-vda.it\/#organization","name":"Rendez Vous en Vall\u00e9e d Aoste","url":"https:\/\/rendezvous-vda.it\/","logo":{"@type":"ImageObject","inLanguage":"fr-FR","@id":"https:\/\/rendezvous-vda.it\/#\/schema\/logo\/image\/","url":"https:\/\/rendezvous-vda.it\/wp-content\/uploads\/2021\/05\/R.V_ITA-450.png","contentUrl":"https:\/\/rendezvous-vda.it\/wp-content\/uploads\/2021\/05\/R.V_ITA-450.png","width":450,"height":83,"caption":"Rendez Vous en Vall\u00e9e d Aoste"},"image":{"@id":"https:\/\/rendezvous-vda.it\/#\/schema\/logo\/image\/"}},{"@type":"Person","@id":"https:\/\/rendezvous-vda.it\/#\/schema\/person\/423ddc9354e475bf98ecebd3e695d1cc","name":"Moreno Vignolini","image":{"@type":"ImageObject","inLanguage":"fr-FR","@id":"https:\/\/secure.gravatar.com\/avatar\/afb4539b5bbe849fba066571ea9141358227ef3fea4d167a19c5f550aa1381c8?s=96&d=mm&r=g","url":"https:\/\/secure.gravatar.com\/avatar\/afb4539b5bbe849fba066571ea9141358227ef3fea4d167a19c5f550aa1381c8?s=96&d=mm&r=g","contentUrl":"https:\/\/secure.gravatar.com\/avatar\/afb4539b5bbe849fba066571ea9141358227ef3fea4d167a19c5f550aa1381c8?s=96&d=mm&r=g","caption":"Moreno Vignolini"},"url":"https:\/\/rendezvous-vda.it\/fr\/author\/moreno\/"}]}},"_links":{"self":[{"href":"https:\/\/rendezvous-vda.it\/fr\/wp-json\/wp\/v2\/posts\/12811","targetHints":{"allow":["GET"]}}],"collection":[{"href":"https:\/\/rendezvous-vda.it\/fr\/wp-json\/wp\/v2\/posts"}],"about":[{"href":"https:\/\/rendezvous-vda.it\/fr\/wp-json\/wp\/v2\/types\/post"}],"author":[{"embeddable":true,"href":"https:\/\/rendezvous-vda.it\/fr\/wp-json\/wp\/v2\/users\/6"}],"replies":[{"embeddable":true,"href":"https:\/\/rendezvous-vda.it\/fr\/wp-json\/wp\/v2\/comments?post=12811"}],"version-history":[{"count":0,"href":"https:\/\/rendezvous-vda.it\/fr\/wp-json\/wp\/v2\/posts\/12811\/revisions"}],"wp:featuredmedia":[{"embeddable":true,"href":"https:\/\/rendezvous-vda.it\/fr\/wp-json\/wp\/v2\/media\/12799"}],"wp:attachment":[{"href":"https:\/\/rendezvous-vda.it\/fr\/wp-json\/wp\/v2\/media?parent=12811"}],"wp:term":[{"taxonomy":"category","embeddable":true,"href":"https:\/\/rendezvous-vda.it\/fr\/wp-json\/wp\/v2\/categories?post=12811"},{"taxonomy":"post_tag","embeddable":true,"href":"https:\/\/rendezvous-vda.it\/fr\/wp-json\/wp\/v2\/tags?post=12811"}],"curies":[{"name":"wp","href":"https:\/\/api.w.org\/{rel}","templated":true}]}}