{"id":11304,"date":"2023-11-20T10:01:35","date_gmt":"2023-11-20T09:01:35","guid":{"rendered":"https:\/\/k91y7tbwrjk.preview.infomaniak.website\/?p=11304"},"modified":"2026-01-24T09:34:55","modified_gmt":"2026-01-24T08:34:55","slug":"site-megalithique-daoste","status":"publish","type":"post","link":"https:\/\/rendezvous-vda.it\/fr\/site-megalithique-daoste\/","title":{"rendered":"MegaMuseo \u2013 Mus\u00e9e Arch\u00e9ologique Contemporain d\u2019Aoste"},"content":{"rendered":"\t\t<div data-elementor-type=\"wp-post\" data-elementor-id=\"11304\" class=\"elementor elementor-11304 elementor-11273\" data-elementor-post-type=\"post\">\n\t\t\t\t\t\t<section class=\"elementor-section elementor-top-section elementor-element elementor-element-70a2fab3 elementor-section-height-min-height elementor-section-items-stretch elementor-section-boxed elementor-section-height-default\" data-id=\"70a2fab3\" data-element_type=\"section\" data-e-type=\"section\">\n\t\t\t\t\t\t<div class=\"elementor-container elementor-column-gap-default\">\n\t\t\t\t\t<div class=\"elementor-column elementor-col-100 elementor-top-column elementor-element elementor-element-740aaafa\" data-id=\"740aaafa\" data-element_type=\"column\" data-e-type=\"column\" data-settings=\"{&quot;background_background&quot;:&quot;classic&quot;}\">\n\t\t\t<div class=\"elementor-widget-wrap\">\n\t\t\t\t\t\t\t<\/div>\n\t\t<\/div>\n\t\t\t\t\t<\/div>\n\t\t<\/section>\n\t\t\t\t<section class=\"elementor-section elementor-top-section elementor-element elementor-element-277a9d72 elementor-reverse-mobile elementor-section-boxed elementor-section-height-default elementor-section-height-default\" data-id=\"277a9d72\" data-element_type=\"section\" data-e-type=\"section\">\n\t\t\t\t\t\t<div class=\"elementor-container elementor-column-gap-default\">\n\t\t\t\t\t<div class=\"elementor-column elementor-col-50 elementor-top-column elementor-element elementor-element-7f777d52\" data-id=\"7f777d52\" data-element_type=\"column\" data-e-type=\"column\">\n\t\t\t<div class=\"elementor-widget-wrap elementor-element-populated\">\n\t\t\t\t\t\t<section class=\"elementor-section elementor-inner-section elementor-element elementor-element-43347b4f elementor-section-boxed elementor-section-height-default elementor-section-height-default\" data-id=\"43347b4f\" data-element_type=\"section\" data-e-type=\"section\" data-settings=\"{&quot;background_background&quot;:&quot;classic&quot;,&quot;sticky&quot;:&quot;top&quot;,&quot;sticky_parent&quot;:&quot;yes&quot;,&quot;sticky_on&quot;:[&quot;desktop&quot;,&quot;tablet&quot;,&quot;mobile&quot;],&quot;sticky_offset&quot;:0,&quot;sticky_effects_offset&quot;:0,&quot;sticky_anchor_link_offset&quot;:0}\">\n\t\t\t\t\t\t<div class=\"elementor-container elementor-column-gap-default\">\n\t\t\t\t\t<div class=\"elementor-column elementor-col-100 elementor-inner-column elementor-element elementor-element-7f052be\" data-id=\"7f052be\" data-element_type=\"column\" data-e-type=\"column\" data-settings=\"{&quot;background_background&quot;:&quot;classic&quot;}\">\n\t\t\t<div class=\"elementor-widget-wrap elementor-element-populated\">\n\t\t\t\t\t\t<div class=\"elementor-element elementor-element-10f5087c elementor-widget elementor-widget-heading\" data-id=\"10f5087c\" data-element_type=\"widget\" data-e-type=\"widget\" data-widget_type=\"heading.default\">\n\t\t\t\t<div class=\"elementor-widget-container\">\n\t\t\t\t\t<h2 class=\"elementor-heading-title elementor-size-default\">Contacts<\/h2>\t\t\t\t<\/div>\n\t\t\t\t<\/div>\n\t\t\t\t<div class=\"elementor-element elementor-element-3813c88a contatti elementor-widget elementor-widget-text-editor\" data-id=\"3813c88a\" data-element_type=\"widget\" data-e-type=\"widget\" data-widget_type=\"text-editor.default\">\n\t\t\t\t<div class=\"elementor-widget-container\">\n\t\t\t\t\t\t\t\t\t<p><strong>Site M\u00e9galitique d&rsquo;Aoste<\/strong><br \/>Rue Saint-Martin-de-Corl\u00e9ans, 258<br \/>11100 Aoste<br \/>Vall\u00e9e d&rsquo;Aoste Italie<\/p><p>T\u00e9l.+390165552420<\/p><p><strong><a href=\"https:\/\/valledaostaheritage.com\/area-megalitica\/\">https:\/\/valledaostaheritage<\/a><\/strong><strong><a href=\"https:\/\/valledaostaheritage.com\/area-megalitica\/\">.com<\/a><\/strong><strong><a href=\"https:\/\/valledaostaheritage.com\/area-megalitica\/\">\/area-megalitica\/<\/a><\/strong><\/p>\t\t\t\t\t\t\t\t<\/div>\n\t\t\t\t<\/div>\n\t\t\t\t<div class=\"elementor-element elementor-element-2498ce8d elementor-widget elementor-widget-heading\" data-id=\"2498ce8d\" data-element_type=\"widget\" data-e-type=\"widget\" data-widget_type=\"heading.default\">\n\t\t\t\t<div class=\"elementor-widget-container\">\n\t\t\t\t\t<h2 class=\"elementor-heading-title elementor-size-default\">horaires<\/h2>\t\t\t\t<\/div>\n\t\t\t\t<\/div>\n\t\t\t\t<div class=\"elementor-element elementor-element-41a5cebd elementor-widget elementor-widget-text-editor\" data-id=\"41a5cebd\" data-element_type=\"widget\" data-e-type=\"widget\" data-widget_type=\"text-editor.default\">\n\t\t\t\t<div class=\"elementor-widget-container\">\n\t\t\t\t\t\t\t\t\t<p>Mardi-dimanche: 10h00-18h00<\/p><p>Ferm\u00e9 le lundi; le 25 d\u00e9cembre et le 1er janvier.<\/p>\t\t\t\t\t\t\t\t<\/div>\n\t\t\t\t<\/div>\n\t\t\t\t<div class=\"elementor-element elementor-element-221c60a9 elementor-position-inline-start elementor-view-default elementor-mobile-position-block-start elementor-widget elementor-widget-icon-box\" data-id=\"221c60a9\" data-element_type=\"widget\" data-e-type=\"widget\" data-widget_type=\"icon-box.default\">\n\t\t\t\t<div class=\"elementor-widget-container\">\n\t\t\t\t\t\t\t<div class=\"elementor-icon-box-wrapper\">\n\n\t\t\t\t\t\t<div class=\"elementor-icon-box-icon\">\n\t\t\t\t<a href=\"https:\/\/ticket.midaticket.it\/sitiecastellivalledaosta\/Event\/8\/Dates\" target=\"_blank\" class=\"elementor-icon\" tabindex=\"-1\" aria-label=\"Tickets\">\n\t\t\t\t<i aria-hidden=\"true\" class=\"fas fa-concierge-bell\"><\/i>\t\t\t\t<\/a>\n\t\t\t<\/div>\n\t\t\t\n\t\t\t\t\t\t<div class=\"elementor-icon-box-content\">\n\n\t\t\t\t\t\t\t\t\t<h3 class=\"elementor-icon-box-title\">\n\t\t\t\t\t\t<a href=\"https:\/\/ticket.midaticket.it\/sitiecastellivalledaosta\/Event\/8\/Dates\" target=\"_blank\" >\n\t\t\t\t\t\t\tTickets\t\t\t\t\t\t<\/a>\n\t\t\t\t\t<\/h3>\n\t\t\t\t\n\t\t\t\t\n\t\t\t<\/div>\n\t\t\t\n\t\t<\/div>\n\t\t\t\t\t\t<\/div>\n\t\t\t\t<\/div>\n\t\t\t\t\t<\/div>\n\t\t<\/div>\n\t\t\t\t\t<\/div>\n\t\t<\/section>\n\t\t\t\t\t<\/div>\n\t\t<\/div>\n\t\t\t\t<div class=\"elementor-column elementor-col-50 elementor-top-column elementor-element elementor-element-692f2014\" data-id=\"692f2014\" data-element_type=\"column\" data-e-type=\"column\">\n\t\t\t<div class=\"elementor-widget-wrap elementor-element-populated\">\n\t\t\t\t\t\t<div class=\"elementor-element elementor-element-719067cb elementor-widget elementor-widget-heading\" data-id=\"719067cb\" data-element_type=\"widget\" data-e-type=\"widget\" data-widget_type=\"heading.default\">\n\t\t\t\t<div class=\"elementor-widget-container\">\n\t\t\t\t\t<h2 class=\"elementor-heading-title elementor-size-default\">Site M\u00e9galithique d'Aoste<\/h2>\t\t\t\t<\/div>\n\t\t\t\t<\/div>\n\t\t\t\t<div class=\"elementor-element elementor-element-6a07047e elementor-widget__width-auto elementor-widget elementor-widget-post-info\" data-id=\"6a07047e\" data-element_type=\"widget\" data-e-type=\"widget\" data-widget_type=\"post-info.default\">\n\t\t\t\t<div class=\"elementor-widget-container\">\n\t\t\t\t\t\t\t<ul class=\"elementor-inline-items elementor-icon-list-items elementor-post-info\">\n\t\t\t\t\t\t\t\t<li class=\"elementor-icon-list-item elementor-repeater-item-9ddff1b elementor-inline-item\" itemprop=\"about\">\n\t\t\t\t\t\t\t\t\t\t\t\t\t<span class=\"elementor-icon-list-text elementor-post-info__item elementor-post-info__item--type-terms\">\n\t\t\t\t\t\t\t\t\t\t<span class=\"elementor-post-info__terms-list\">\n\t\t\t\t<a href=\"https:\/\/rendezvous-vda.it\/fr\/category\/suggestions\/histoire-art-et-culture\/\" class=\"elementor-post-info__terms-list-item\">Histoire, art et culture<\/a>\t\t\t\t<\/span>\n\t\t\t\t\t<\/span>\n\t\t\t\t\t\t\t\t<\/li>\n\t\t\t\t<\/ul>\n\t\t\t\t\t\t<\/div>\n\t\t\t\t<\/div>\n\t\t\t\t<div class=\"elementor-element elementor-element-51ee2faa elementor-widget elementor-widget-heading\" data-id=\"51ee2faa\" data-element_type=\"widget\" data-e-type=\"widget\" data-widget_type=\"heading.default\">\n\t\t\t\t<div class=\"elementor-widget-container\">\n\t\t\t\t\t<h2 class=\"elementor-heading-title elementor-size-default\">un lieu unique en vall\u00e9e d'Aoste<\/h2>\t\t\t\t<\/div>\n\t\t\t\t<\/div>\n\t\t\t\t<div class=\"elementor-element elementor-element-fe6208e elementor-widget elementor-widget-text-editor\" data-id=\"fe6208e\" data-element_type=\"widget\" data-e-type=\"widget\" data-widget_type=\"text-editor.default\">\n\t\t\t\t<div class=\"elementor-widget-container\">\n\t\t\t\t\t\t\t\t\t<p>Un lieu unique, comptant parmi les plus importants en Europe, rouvre au public le <strong>11 novembre<\/strong> \u00e0 <strong>Aoste<\/strong> : le Site M\u00e9galithique de Saint-Martin-de-Corl\u00e9ans. \u00c0 la suite d\u2019une <strong>r\u00e9novation <\/strong>mus\u00e9ologique et mus\u00e9ographique, le <strong>parc arch\u00e9ologique<\/strong> sera pr\u00e9sent\u00e9 sous un nouveau visage qui raconte le pass\u00e9 mill\u00e9naire d\u2019Aoste. Un voyage dans le temps qui va de la Pr\u00e9histoire au Moyen \u00c2ge, \u00e0 travers une superposition de strates repr\u00e9sentant le passage du pass\u00e9 au pr\u00e9sent.<\/p><p>L\u2019agencement actuel pr\u00e9voit une <strong>nouvelle entr\u00e9e<\/strong> vitr\u00e9e situ\u00e9e au coin de l\u2019Avenue Saint-Martin-de-Corl\u00e9ans et de la rue Italo Mus, une sorte de pont entre la ville chaotique et bruyante et l\u2019espace silencieux, presque sacr\u00e9, du <strong>mus\u00e9e<\/strong>. De l\u00e0, un long couloir, la <strong>Rampe du temps<\/strong>, enrichie d\u2019\u00e9l\u00e9ments tridimensionnels, accompagnera le visiteur \u00e0 six m\u00e8tres de profondeur, en arri\u00e8re dans le temps, jusqu\u2019\u00e0 il y a 6000 ans. La vue donnant sur la zone couverte permettra d\u2019admirer les structures pr\u00e9historiques, t\u00e9moignages d\u2019un pass\u00e9 lointain, et en m\u00eame temps si proche, \u00e0 quelques pas de nous. On pourra aussi voir d\u2019anciennes <strong>empreintes de pas humaines<\/strong> remontant \u00e0 2200 av. J.-C., les plus anciennes de la Vall\u00e9e d\u2019Aoste, conserv\u00e9es dans une matrice argileuse et d\u00e9couvertes par les arch\u00e9ologues de la Surintendance.<\/p>\t\t\t\t\t\t\t\t<\/div>\n\t\t\t\t<\/div>\n\t\t\t\t<div class=\"elementor-element elementor-element-6cf50181 elementor-widget elementor-widget-text-editor\" data-id=\"6cf50181\" data-element_type=\"widget\" data-e-type=\"widget\" data-widget_type=\"text-editor.default\">\n\t\t\t\t<div class=\"elementor-widget-container\">\n\t\t\t\t\t\t\t\t\t<p>Une <strong>salle immersive<\/strong> aux murs incurv\u00e9s racontera les \u00e9tapes successives du site \u00e0 travers des images projet\u00e9es. Une<strong> salle de conf\u00e9rence<\/strong> et de rencontre de 160 places sera \u00e9galement am\u00e9nag\u00e9e sur le m\u00eame niveau. Nouveaut\u00e9 absolue du nouvel agencement, la <strong>Grande Salle des St\u00e8les<\/strong> exposera 46 statues-st\u00e8les reproduisant des hommes et des femmes portant des v\u00eatements, des armes ou des outils de travail. Le parcours continue ensuite dans une salle consacr\u00e9e \u00e0 la <strong>Protohistoire<\/strong> qui raconte la transformation du site, de lieu sacr\u00e9 \u00e0 lieu fun\u00e9raire, concr\u00e9tis\u00e9e par le grand <strong>tumulus fun\u00e9raire<\/strong> que l\u2019on peut admirer aujourd\u2019hui avec sa surface de pi\u00e9tinement originelle.<\/p><p>En montant \u00e0 l\u2019\u00e9tage sup\u00e9rieur, le voyage dans le temps continue \u00e0 travers l\u2019\u00e9poque romaine et ses t\u00e9moignages, avec une section consacr\u00e9e \u00e0 l\u2019habitat rustique et, \u00e0 travers lui, aux th\u00e8mes li\u00e9s \u00e0 la <strong>vie quotidienne<\/strong>, et une autre r\u00e9serv\u00e9e aux n\u00e9cropoles, avec pr\u00e8s de 20 tombes et de <strong>pr\u00e9cieux trousseaux fun\u00e9raires<\/strong>. Il sera ensuite possible de visiter une s\u00e9rie de nouvelles salles dont l\u2019am\u00e9nagement est le r\u00e9sultat des nouvelles donn\u00e9es collect\u00e9es lors des derni\u00e8res fouilles arch\u00e9ologiques r\u00e9alis\u00e9es sur le site. En fin de parcours, on ne manquera pas la <strong>section m\u00e9di\u00e9vale<\/strong> qui reconstitue l\u2019habitat qui gravitait autour de la petite l\u2019\u00e9glise de Saint-Martin-de-Corl\u00e9ans. Enfin, un nouvel<strong> espace d\u00e9tente<\/strong> et une zone r\u00e9serv\u00e9e aux <strong>expositions temporaires<\/strong> seront cr\u00e9\u00e9es.<\/p><p><em>Info publi-r\u00e9dactionnel<\/em><\/p>\t\t\t\t\t\t\t\t<\/div>\n\t\t\t\t<\/div>\n\t\t\t\t<div class=\"elementor-element elementor-element-21bf9e60 elementor-widget elementor-widget-heading\" data-id=\"21bf9e60\" data-element_type=\"widget\" data-e-type=\"widget\" data-widget_type=\"heading.default\">\n\t\t\t\t<div class=\"elementor-widget-container\">\n\t\t\t\t\t<h2 class=\"elementor-heading-title elementor-size-default\">o\u00f9 se trouve le site m\u00e9galithique \u00e0 aoste<\/h2>\t\t\t\t<\/div>\n\t\t\t\t<\/div>\n\t\t\t\t<div class=\"elementor-element elementor-element-84818c2 elementor-widget elementor-widget-google_maps\" data-id=\"84818c2\" data-element_type=\"widget\" data-e-type=\"widget\" data-widget_type=\"google_maps.default\">\n\t\t\t\t<div class=\"elementor-widget-container\">\n\t\t\t\t\t\t\t<div class=\"elementor-custom-embed\">\n\t\t\t<iframe loading=\"lazy\"\n\t\t\t\t\tsrc=\"https:\/\/maps.google.com\/maps?q=area%20megalitica%20aosta&#038;t=m&#038;z=10&#038;output=embed&#038;iwloc=near\"\n\t\t\t\t\ttitle=\"area megalitica aosta\"\n\t\t\t\t\taria-label=\"area megalitica aosta\"\n\t\t\t><\/iframe>\n\t\t<\/div>\n\t\t\t\t\t\t<\/div>\n\t\t\t\t<\/div>\n\t\t\t\t<div class=\"elementor-element elementor-element-ff80e44 elementor-widget elementor-widget-gallery\" data-id=\"ff80e44\" data-element_type=\"widget\" data-e-type=\"widget\" data-settings=\"{&quot;columns_tablet&quot;:4,&quot;columns_mobile&quot;:2,&quot;lazyload&quot;:&quot;yes&quot;,&quot;gallery_layout&quot;:&quot;grid&quot;,&quot;columns&quot;:4,&quot;gap&quot;:{&quot;unit&quot;:&quot;px&quot;,&quot;size&quot;:10,&quot;sizes&quot;:[]},&quot;gap_tablet&quot;:{&quot;unit&quot;:&quot;px&quot;,&quot;size&quot;:10,&quot;sizes&quot;:[]},&quot;gap_mobile&quot;:{&quot;unit&quot;:&quot;px&quot;,&quot;size&quot;:10,&quot;sizes&quot;:[]},&quot;link_to&quot;:&quot;file&quot;,&quot;aspect_ratio&quot;:&quot;3:2&quot;,&quot;overlay_background&quot;:&quot;yes&quot;,&quot;content_hover_animation&quot;:&quot;fade-in&quot;}\" data-widget_type=\"gallery.default\">\n\t\t\t\t<div class=\"elementor-widget-container\">\n\t\t\t\t\t\t\t<div class=\"elementor-gallery__container\">\n\t\t\t\t\t\t\t<a class=\"e-gallery-item elementor-gallery-item elementor-animated-content\" href=\"https:\/\/rendezvous-vda.it\/wp-content\/uploads\/2023\/11\/VALLE-DAOSTA-Area-megalitica-Saint-Martin-de-Corleans-Aosta-foto-Enrico-Romanzi-1170-scaled.jpg\" data-elementor-open-lightbox=\"yes\" data-elementor-lightbox-slideshow=\"ff80e44\" data-elementor-lightbox-title=\"Area Megalitica di Aosta - Ph. Archivio Regione Autonoma Valle d&#039;Aosta\" data-e-action-hash=\"#elementor-action%3Aaction%3Dlightbox%26settings%3DeyJpZCI6MTEyNzksInVybCI6Imh0dHBzOlwvXC9yZW5kZXp2b3VzLXZkYS5pdFwvd3AtY29udGVudFwvdXBsb2Fkc1wvMjAyM1wvMTFcL1ZBTExFLURBT1NUQS1BcmVhLW1lZ2FsaXRpY2EtU2FpbnQtTWFydGluLWRlLUNvcmxlYW5zLUFvc3RhLWZvdG8tRW5yaWNvLVJvbWFuemktMTE3MC1zY2FsZWQuanBnIiwic2xpZGVzaG93IjoiZmY4MGU0NCJ9\">\n\t\t\t\t\t<div class=\"e-gallery-image elementor-gallery-item__image\" data-thumbnail=\"https:\/\/rendezvous-vda.it\/wp-content\/uploads\/2023\/11\/VALLE-DAOSTA-Area-megalitica-Saint-Martin-de-Corleans-Aosta-foto-Enrico-Romanzi-1170-scaled.jpg\" data-width=\"2560\" data-height=\"1707\" aria-label=\"\" role=\"img\" ><\/div>\n\t\t\t\t\t\t\t\t\t\t\t<div class=\"elementor-gallery-item__overlay\"><\/div>\n\t\t\t\t\t\t\t\t\t\t\t\t\t\t<\/a>\n\t\t\t\t\t\t\t<a class=\"e-gallery-item elementor-gallery-item elementor-animated-content\" href=\"https:\/\/rendezvous-vda.it\/wp-content\/uploads\/2023\/11\/VALLE-DAOSTA-Area-megalitica-Saint-Martin-de-Corleans-Aosta-foto-Enrico-Romanzi-1183-scaled.jpg\" data-elementor-open-lightbox=\"yes\" data-elementor-lightbox-slideshow=\"ff80e44\" data-elementor-lightbox-title=\"Area Megalitica di Aosta - Ph. Archivio Regione Autonoma Valle d&#039;Aosta\" data-e-action-hash=\"#elementor-action%3Aaction%3Dlightbox%26settings%3DeyJpZCI6MTEyODEsInVybCI6Imh0dHBzOlwvXC9yZW5kZXp2b3VzLXZkYS5pdFwvd3AtY29udGVudFwvdXBsb2Fkc1wvMjAyM1wvMTFcL1ZBTExFLURBT1NUQS1BcmVhLW1lZ2FsaXRpY2EtU2FpbnQtTWFydGluLWRlLUNvcmxlYW5zLUFvc3RhLWZvdG8tRW5yaWNvLVJvbWFuemktMTE4My1zY2FsZWQuanBnIiwic2xpZGVzaG93IjoiZmY4MGU0NCJ9\">\n\t\t\t\t\t<div class=\"e-gallery-image elementor-gallery-item__image\" data-thumbnail=\"https:\/\/rendezvous-vda.it\/wp-content\/uploads\/2023\/11\/VALLE-DAOSTA-Area-megalitica-Saint-Martin-de-Corleans-Aosta-foto-Enrico-Romanzi-1183-scaled.jpg\" data-width=\"2560\" data-height=\"1707\" aria-label=\"\" role=\"img\" ><\/div>\n\t\t\t\t\t\t\t\t\t\t\t<div class=\"elementor-gallery-item__overlay\"><\/div>\n\t\t\t\t\t\t\t\t\t\t\t\t\t\t<\/a>\n\t\t\t\t\t\t\t<a class=\"e-gallery-item elementor-gallery-item elementor-animated-content\" href=\"https:\/\/rendezvous-vda.it\/wp-content\/uploads\/2023\/11\/VALLE-DAOSTA-Area-megalitica-Saint-Martin-de-Corleans-Aosta-foto-Enrico-Romanzi-1201-scaled.jpg\" data-elementor-open-lightbox=\"yes\" data-elementor-lightbox-slideshow=\"ff80e44\" data-elementor-lightbox-title=\"Area Megalitica di Aosta - Ph. Archivio Regione Autonoma Valle d&#039;Aosta\" data-e-action-hash=\"#elementor-action%3Aaction%3Dlightbox%26settings%3DeyJpZCI6MTEyODUsInVybCI6Imh0dHBzOlwvXC9yZW5kZXp2b3VzLXZkYS5pdFwvd3AtY29udGVudFwvdXBsb2Fkc1wvMjAyM1wvMTFcL1ZBTExFLURBT1NUQS1BcmVhLW1lZ2FsaXRpY2EtU2FpbnQtTWFydGluLWRlLUNvcmxlYW5zLUFvc3RhLWZvdG8tRW5yaWNvLVJvbWFuemktMTIwMS1zY2FsZWQuanBnIiwic2xpZGVzaG93IjoiZmY4MGU0NCJ9\">\n\t\t\t\t\t<div class=\"e-gallery-image elementor-gallery-item__image\" data-thumbnail=\"https:\/\/rendezvous-vda.it\/wp-content\/uploads\/2023\/11\/VALLE-DAOSTA-Area-megalitica-Saint-Martin-de-Corleans-Aosta-foto-Enrico-Romanzi-1201-scaled.jpg\" data-width=\"2560\" data-height=\"1707\" aria-label=\"\" role=\"img\" ><\/div>\n\t\t\t\t\t\t\t\t\t\t\t<div class=\"elementor-gallery-item__overlay\"><\/div>\n\t\t\t\t\t\t\t\t\t\t\t\t\t\t<\/a>\n\t\t\t\t\t\t\t<a class=\"e-gallery-item elementor-gallery-item elementor-animated-content\" href=\"https:\/\/rendezvous-vda.it\/wp-content\/uploads\/2023\/11\/VALLE-DAOSTA-Area-megalitica-Saint-Martin-de-Corleans-Aosta-foto-Enrico-Romanzi-1261-scaled.jpg\" data-elementor-open-lightbox=\"yes\" data-elementor-lightbox-slideshow=\"ff80e44\" data-elementor-lightbox-title=\"Area Megalitica di Aosta - Ph. Archivio Regione Autonoma Valle d&#039;Aosta\" data-e-action-hash=\"#elementor-action%3Aaction%3Dlightbox%26settings%3DeyJpZCI6MTEyOTMsInVybCI6Imh0dHBzOlwvXC9yZW5kZXp2b3VzLXZkYS5pdFwvd3AtY29udGVudFwvdXBsb2Fkc1wvMjAyM1wvMTFcL1ZBTExFLURBT1NUQS1BcmVhLW1lZ2FsaXRpY2EtU2FpbnQtTWFydGluLWRlLUNvcmxlYW5zLUFvc3RhLWZvdG8tRW5yaWNvLVJvbWFuemktMTI2MS1zY2FsZWQuanBnIiwic2xpZGVzaG93IjoiZmY4MGU0NCJ9\">\n\t\t\t\t\t<div class=\"e-gallery-image elementor-gallery-item__image\" data-thumbnail=\"https:\/\/rendezvous-vda.it\/wp-content\/uploads\/2023\/11\/VALLE-DAOSTA-Area-megalitica-Saint-Martin-de-Corleans-Aosta-foto-Enrico-Romanzi-1261-scaled.jpg\" data-width=\"2560\" data-height=\"1707\" aria-label=\"\" role=\"img\" ><\/div>\n\t\t\t\t\t\t\t\t\t\t\t<div class=\"elementor-gallery-item__overlay\"><\/div>\n\t\t\t\t\t\t\t\t\t\t\t\t\t\t<\/a>\n\t\t\t\t\t\t\t<a class=\"e-gallery-item elementor-gallery-item elementor-animated-content\" href=\"https:\/\/rendezvous-vda.it\/wp-content\/uploads\/2023\/11\/VALLE-DAOSTA-Area-megalitica-Saint-Martin-de-Corleans-Aosta-foto-Enrico-Romanzi-1224-scaled.jpg\" data-elementor-open-lightbox=\"yes\" data-elementor-lightbox-slideshow=\"ff80e44\" data-elementor-lightbox-title=\"Area Megalitica di Aosta - Ph. Archivio Regione Autonoma Valle d&#039;Aosta\" data-e-action-hash=\"#elementor-action%3Aaction%3Dlightbox%26settings%3DeyJpZCI6MTEyODksInVybCI6Imh0dHBzOlwvXC9yZW5kZXp2b3VzLXZkYS5pdFwvd3AtY29udGVudFwvdXBsb2Fkc1wvMjAyM1wvMTFcL1ZBTExFLURBT1NUQS1BcmVhLW1lZ2FsaXRpY2EtU2FpbnQtTWFydGluLWRlLUNvcmxlYW5zLUFvc3RhLWZvdG8tRW5yaWNvLVJvbWFuemktMTIyNC1zY2FsZWQuanBnIiwic2xpZGVzaG93IjoiZmY4MGU0NCJ9\">\n\t\t\t\t\t<div class=\"e-gallery-image elementor-gallery-item__image\" data-thumbnail=\"https:\/\/rendezvous-vda.it\/wp-content\/uploads\/2023\/11\/VALLE-DAOSTA-Area-megalitica-Saint-Martin-de-Corleans-Aosta-foto-Enrico-Romanzi-1224-scaled.jpg\" data-width=\"2560\" data-height=\"1707\" aria-label=\"\" role=\"img\" ><\/div>\n\t\t\t\t\t\t\t\t\t\t\t<div class=\"elementor-gallery-item__overlay\"><\/div>\n\t\t\t\t\t\t\t\t\t\t\t\t\t\t<\/a>\n\t\t\t\t\t\t\t<a class=\"e-gallery-item elementor-gallery-item elementor-animated-content\" href=\"https:\/\/rendezvous-vda.it\/wp-content\/uploads\/2023\/11\/VALLE-DAOSTA-Area-megalitica-Saint-Martin-de-Corleans-Aosta-foto-Enrico-Romanzi-1230-scaled.jpg\" data-elementor-open-lightbox=\"yes\" data-elementor-lightbox-slideshow=\"ff80e44\" data-elementor-lightbox-title=\"Area Megalitica di Aosta - Ph. Archivio Regione Autonoma Valle d&#039;Aosta\" data-e-action-hash=\"#elementor-action%3Aaction%3Dlightbox%26settings%3DeyJpZCI6MTEyOTEsInVybCI6Imh0dHBzOlwvXC9yZW5kZXp2b3VzLXZkYS5pdFwvd3AtY29udGVudFwvdXBsb2Fkc1wvMjAyM1wvMTFcL1ZBTExFLURBT1NUQS1BcmVhLW1lZ2FsaXRpY2EtU2FpbnQtTWFydGluLWRlLUNvcmxlYW5zLUFvc3RhLWZvdG8tRW5yaWNvLVJvbWFuemktMTIzMC1zY2FsZWQuanBnIiwic2xpZGVzaG93IjoiZmY4MGU0NCJ9\">\n\t\t\t\t\t<div class=\"e-gallery-image elementor-gallery-item__image\" data-thumbnail=\"https:\/\/rendezvous-vda.it\/wp-content\/uploads\/2023\/11\/VALLE-DAOSTA-Area-megalitica-Saint-Martin-de-Corleans-Aosta-foto-Enrico-Romanzi-1230-scaled.jpg\" data-width=\"2560\" data-height=\"1707\" aria-label=\"\" role=\"img\" ><\/div>\n\t\t\t\t\t\t\t\t\t\t\t<div class=\"elementor-gallery-item__overlay\"><\/div>\n\t\t\t\t\t\t\t\t\t\t\t\t\t\t<\/a>\n\t\t\t\t\t\t\t<a class=\"e-gallery-item elementor-gallery-item elementor-animated-content\" href=\"https:\/\/rendezvous-vda.it\/wp-content\/uploads\/2023\/11\/VALLE-DAOSTA-Area-megalitica-Saint-Martin-de-Corleans-Aosta-foto-Enrico-Romanzi-1187-scaled.jpg\" data-elementor-open-lightbox=\"yes\" data-elementor-lightbox-slideshow=\"ff80e44\" data-elementor-lightbox-title=\"Area Megalitica di Aosta - Ph. Archivio Regione Autonoma Valle d&#039;Aosta\" data-e-action-hash=\"#elementor-action%3Aaction%3Dlightbox%26settings%3DeyJpZCI6MTEyODMsInVybCI6Imh0dHBzOlwvXC9yZW5kZXp2b3VzLXZkYS5pdFwvd3AtY29udGVudFwvdXBsb2Fkc1wvMjAyM1wvMTFcL1ZBTExFLURBT1NUQS1BcmVhLW1lZ2FsaXRpY2EtU2FpbnQtTWFydGluLWRlLUNvcmxlYW5zLUFvc3RhLWZvdG8tRW5yaWNvLVJvbWFuemktMTE4Ny1zY2FsZWQuanBnIiwic2xpZGVzaG93IjoiZmY4MGU0NCJ9\">\n\t\t\t\t\t<div class=\"e-gallery-image elementor-gallery-item__image\" data-thumbnail=\"https:\/\/rendezvous-vda.it\/wp-content\/uploads\/2023\/11\/VALLE-DAOSTA-Area-megalitica-Saint-Martin-de-Corleans-Aosta-foto-Enrico-Romanzi-1187-scaled.jpg\" data-width=\"2560\" data-height=\"1707\" aria-label=\"\" role=\"img\" ><\/div>\n\t\t\t\t\t\t\t\t\t\t\t<div class=\"elementor-gallery-item__overlay\"><\/div>\n\t\t\t\t\t\t\t\t\t\t\t\t\t\t<\/a>\n\t\t\t\t\t\t\t<a class=\"e-gallery-item elementor-gallery-item elementor-animated-content\" href=\"https:\/\/rendezvous-vda.it\/wp-content\/uploads\/2023\/11\/VALLE-DAOSTA-Area-megalitica-Saint-Martin-de-Corleans-Aosta-foto-Enrico-Romanzi-1215-scaled.jpg\" data-elementor-open-lightbox=\"yes\" data-elementor-lightbox-slideshow=\"ff80e44\" data-elementor-lightbox-title=\"Area Megalitica di Aosta - Ph. Archivio Regione Autonoma Valle d&#039;Aosta\" data-e-action-hash=\"#elementor-action%3Aaction%3Dlightbox%26settings%3DeyJpZCI6MTEyODcsInVybCI6Imh0dHBzOlwvXC9yZW5kZXp2b3VzLXZkYS5pdFwvd3AtY29udGVudFwvdXBsb2Fkc1wvMjAyM1wvMTFcL1ZBTExFLURBT1NUQS1BcmVhLW1lZ2FsaXRpY2EtU2FpbnQtTWFydGluLWRlLUNvcmxlYW5zLUFvc3RhLWZvdG8tRW5yaWNvLVJvbWFuemktMTIxNS1zY2FsZWQuanBnIiwic2xpZGVzaG93IjoiZmY4MGU0NCJ9\">\n\t\t\t\t\t<div class=\"e-gallery-image elementor-gallery-item__image\" data-thumbnail=\"https:\/\/rendezvous-vda.it\/wp-content\/uploads\/2023\/11\/VALLE-DAOSTA-Area-megalitica-Saint-Martin-de-Corleans-Aosta-foto-Enrico-Romanzi-1215-scaled.jpg\" data-width=\"1707\" data-height=\"2560\" aria-label=\"\" role=\"img\" ><\/div>\n\t\t\t\t\t\t\t\t\t\t\t<div class=\"elementor-gallery-item__overlay\"><\/div>\n\t\t\t\t\t\t\t\t\t\t\t\t\t\t<\/a>\n\t\t\t\t\t<\/div>\n\t\t\t\t\t<\/div>\n\t\t\t\t<\/div>\n\t\t\t\t<div class=\"elementor-element elementor-element-3fa80655 elementor-share-buttons--view-icon elementor-share-buttons--skin-gradient elementor-share-buttons--shape-square elementor-grid-0 elementor-share-buttons--color-official elementor-widget elementor-widget-global elementor-global-1711 elementor-widget-share-buttons\" data-id=\"3fa80655\" data-element_type=\"widget\" data-e-type=\"widget\" data-widget_type=\"share-buttons.default\">\n\t\t\t\t<div class=\"elementor-widget-container\">\n\t\t\t\t\t\t\t<div class=\"elementor-grid\" role=\"list\">\n\t\t\t\t\t\t\t\t<div class=\"elementor-grid-item\" role=\"listitem\">\n\t\t\t\t\t\t<div class=\"elementor-share-btn elementor-share-btn_facebook\" role=\"button\" tabindex=\"0\" aria-label=\"Partager sur facebook\">\n\t\t\t\t\t\t\t\t\t\t\t\t\t\t\t<span class=\"elementor-share-btn__icon\">\n\t\t\t\t\t\t\t\t<i class=\"fab fa-facebook\" aria-hidden=\"true\"><\/i>\t\t\t\t\t\t\t<\/span>\n\t\t\t\t\t\t\t\t\t\t\t\t\t\t\t\t\t\t\t\t<\/div>\n\t\t\t\t\t<\/div>\n\t\t\t\t\t\t\t\t\t<div class=\"elementor-grid-item\" role=\"listitem\">\n\t\t\t\t\t\t<div class=\"elementor-share-btn elementor-share-btn_twitter\" role=\"button\" tabindex=\"0\" aria-label=\"Partager sur twitter\">\n\t\t\t\t\t\t\t\t\t\t\t\t\t\t\t<span class=\"elementor-share-btn__icon\">\n\t\t\t\t\t\t\t\t<i class=\"fab fa-twitter\" aria-hidden=\"true\"><\/i>\t\t\t\t\t\t\t<\/span>\n\t\t\t\t\t\t\t\t\t\t\t\t\t\t\t\t\t\t\t\t<\/div>\n\t\t\t\t\t<\/div>\n\t\t\t\t\t\t\t\t\t<div class=\"elementor-grid-item\" role=\"listitem\">\n\t\t\t\t\t\t<div class=\"elementor-share-btn elementor-share-btn_linkedin\" role=\"button\" tabindex=\"0\" aria-label=\"Partager sur linkedin\">\n\t\t\t\t\t\t\t\t\t\t\t\t\t\t\t<span class=\"elementor-share-btn__icon\">\n\t\t\t\t\t\t\t\t<i class=\"fab fa-linkedin\" aria-hidden=\"true\"><\/i>\t\t\t\t\t\t\t<\/span>\n\t\t\t\t\t\t\t\t\t\t\t\t\t\t\t\t\t\t\t\t<\/div>\n\t\t\t\t\t<\/div>\n\t\t\t\t\t\t\t\t\t<div class=\"elementor-grid-item\" role=\"listitem\">\n\t\t\t\t\t\t<div class=\"elementor-share-btn elementor-share-btn_email\" role=\"button\" tabindex=\"0\" aria-label=\"Partager sur email\">\n\t\t\t\t\t\t\t\t\t\t\t\t\t\t\t<span class=\"elementor-share-btn__icon\">\n\t\t\t\t\t\t\t\t<i class=\"fas fa-envelope\" aria-hidden=\"true\"><\/i>\t\t\t\t\t\t\t<\/span>\n\t\t\t\t\t\t\t\t\t\t\t\t\t\t\t\t\t\t\t\t<\/div>\n\t\t\t\t\t<\/div>\n\t\t\t\t\t\t\t\t\t<div class=\"elementor-grid-item\" role=\"listitem\">\n\t\t\t\t\t\t<div class=\"elementor-share-btn elementor-share-btn_whatsapp\" role=\"button\" tabindex=\"0\" aria-label=\"Partager sur whatsapp\">\n\t\t\t\t\t\t\t\t\t\t\t\t\t\t\t<span class=\"elementor-share-btn__icon\">\n\t\t\t\t\t\t\t\t<i class=\"fab fa-whatsapp\" aria-hidden=\"true\"><\/i>\t\t\t\t\t\t\t<\/span>\n\t\t\t\t\t\t\t\t\t\t\t\t\t\t\t\t\t\t\t\t<\/div>\n\t\t\t\t\t<\/div>\n\t\t\t\t\t\t<\/div>\n\t\t\t\t\t\t<\/div>\n\t\t\t\t<\/div>\n\t\t\t\t\t<\/div>\n\t\t<\/div>\n\t\t\t\t\t<\/div>\n\t\t<\/section>\n\t\t\t\t<\/div>\n\t\t","protected":false},"excerpt":{"rendered":"<p>I.P. &#8211; Un lieu o\u00f9 le site devient mus\u00e9e et le mus\u00e9e devient un site: le Mus\u00e9e M\u00e9galithique de Saint-Martin-de-Corl\u00e9ans \u00e0 Aoste&#8230;<\/p>\n","protected":false},"author":4,"featured_media":11275,"comment_status":"closed","ping_status":"closed","sticky":false,"template":"","format":"standard","meta":{"footnotes":""},"categories":[76],"tags":[],"class_list":["post-11304","post","type-post","status-publish","format-standard","has-post-thumbnail","hentry","category-histoire-art-et-culture"],"yoast_head":"<!-- This site is optimized with the Yoast SEO plugin v27.4 - https:\/\/yoast.com\/product\/yoast-seo-wordpress\/ -->\n<title>MegaMuseo \u2013 Mus\u00e9e Arch\u00e9ologique Contemporain d\u2019Aoste - Rendez Vous en Vall\u00e9e d Aoste<\/title>\n<meta name=\"description\" content=\"Un lieu o\u00f9 le site devient mus\u00e9e et le mus\u00e9e devient un site: le Mus\u00e9e M\u00e9galithique de Saint-Martin-de-Corl\u00e9ans \u00e0 Aoste...\" \/>\n<meta name=\"robots\" content=\"index, follow, max-snippet:-1, max-image-preview:large, max-video-preview:-1\" \/>\n<link rel=\"canonical\" href=\"https:\/\/rendezvous-vda.it\/fr\/site-megalithique-daoste\/\" \/>\n<meta property=\"og:locale\" content=\"fr_FR\" \/>\n<meta property=\"og:type\" content=\"article\" \/>\n<meta property=\"og:title\" content=\"MegaMuseo \u2013 Mus\u00e9e Arch\u00e9ologique Contemporain d\u2019Aoste - Rendez Vous en Vall\u00e9e d Aoste\" \/>\n<meta property=\"og:description\" content=\"Un lieu o\u00f9 le site devient mus\u00e9e et le mus\u00e9e devient un site: le Mus\u00e9e M\u00e9galithique de Saint-Martin-de-Corl\u00e9ans \u00e0 Aoste...\" \/>\n<meta property=\"og:url\" content=\"https:\/\/rendezvous-vda.it\/fr\/site-megalithique-daoste\/\" \/>\n<meta property=\"og:site_name\" content=\"Rendez Vous en Vall\u00e9e d Aoste\" \/>\n<meta property=\"article:published_time\" content=\"2023-11-20T09:01:35+00:00\" \/>\n<meta property=\"article:modified_time\" content=\"2026-01-24T08:34:55+00:00\" \/>\n<meta property=\"og:image\" content=\"https:\/\/rendezvous-vda.it\/wp-content\/uploads\/2023\/11\/VALLE-DAOSTA-Area-megalitica-Saint-Martin-de-Corleans-Aosta-foto-Enrico-Romanzi-1196-scaled.jpg\" \/>\n\t<meta property=\"og:image:width\" content=\"2560\" \/>\n\t<meta property=\"og:image:height\" content=\"1707\" \/>\n\t<meta property=\"og:image:type\" content=\"image\/jpeg\" \/>\n<meta name=\"author\" content=\"Christel Tillier\" \/>\n<meta name=\"twitter:card\" content=\"summary_large_image\" \/>\n<meta name=\"twitter:label1\" content=\"\u00c9crit par\" \/>\n\t<meta name=\"twitter:data1\" content=\"Christel Tillier\" \/>\n\t<meta name=\"twitter:label2\" content=\"Dur\u00e9e de lecture estim\u00e9e\" \/>\n\t<meta name=\"twitter:data2\" content=\"3 minutes\" \/>\n<script type=\"application\/ld+json\" class=\"yoast-schema-graph\">{\"@context\":\"https:\\\/\\\/schema.org\",\"@graph\":[{\"@type\":\"Article\",\"@id\":\"https:\\\/\\\/rendezvous-vda.it\\\/fr\\\/site-megalithique-daoste\\\/#article\",\"isPartOf\":{\"@id\":\"https:\\\/\\\/rendezvous-vda.it\\\/fr\\\/site-megalithique-daoste\\\/\"},\"author\":{\"name\":\"Christel Tillier\",\"@id\":\"https:\\\/\\\/rendezvous-vda.it\\\/#\\\/schema\\\/person\\\/1172ea72e2906ecf2b0a3e84c87fcd92\"},\"headline\":\"MegaMuseo \u2013 Mus\u00e9e Arch\u00e9ologique Contemporain d\u2019Aoste\",\"datePublished\":\"2023-11-20T09:01:35+00:00\",\"dateModified\":\"2026-01-24T08:34:55+00:00\",\"mainEntityOfPage\":{\"@id\":\"https:\\\/\\\/rendezvous-vda.it\\\/fr\\\/site-megalithique-daoste\\\/\"},\"wordCount\":557,\"publisher\":{\"@id\":\"https:\\\/\\\/rendezvous-vda.it\\\/#organization\"},\"image\":{\"@id\":\"https:\\\/\\\/rendezvous-vda.it\\\/fr\\\/site-megalithique-daoste\\\/#primaryimage\"},\"thumbnailUrl\":\"https:\\\/\\\/rendezvous-vda.it\\\/wp-content\\\/uploads\\\/2023\\\/11\\\/VALLE-DAOSTA-Area-megalitica-Saint-Martin-de-Corleans-Aosta-foto-Enrico-Romanzi-1196-scaled.jpg\",\"articleSection\":[\"Histoire, art et culture\"],\"inLanguage\":\"fr-FR\"},{\"@type\":\"WebPage\",\"@id\":\"https:\\\/\\\/rendezvous-vda.it\\\/fr\\\/site-megalithique-daoste\\\/\",\"url\":\"https:\\\/\\\/rendezvous-vda.it\\\/fr\\\/site-megalithique-daoste\\\/\",\"name\":\"MegaMuseo \u2013 Mus\u00e9e Arch\u00e9ologique Contemporain d\u2019Aoste - Rendez Vous en Vall\u00e9e d Aoste\",\"isPartOf\":{\"@id\":\"https:\\\/\\\/rendezvous-vda.it\\\/#website\"},\"primaryImageOfPage\":{\"@id\":\"https:\\\/\\\/rendezvous-vda.it\\\/fr\\\/site-megalithique-daoste\\\/#primaryimage\"},\"image\":{\"@id\":\"https:\\\/\\\/rendezvous-vda.it\\\/fr\\\/site-megalithique-daoste\\\/#primaryimage\"},\"thumbnailUrl\":\"https:\\\/\\\/rendezvous-vda.it\\\/wp-content\\\/uploads\\\/2023\\\/11\\\/VALLE-DAOSTA-Area-megalitica-Saint-Martin-de-Corleans-Aosta-foto-Enrico-Romanzi-1196-scaled.jpg\",\"datePublished\":\"2023-11-20T09:01:35+00:00\",\"dateModified\":\"2026-01-24T08:34:55+00:00\",\"description\":\"Un lieu o\u00f9 le site devient mus\u00e9e et le mus\u00e9e devient un site: le Mus\u00e9e M\u00e9galithique de Saint-Martin-de-Corl\u00e9ans \u00e0 Aoste...\",\"breadcrumb\":{\"@id\":\"https:\\\/\\\/rendezvous-vda.it\\\/fr\\\/site-megalithique-daoste\\\/#breadcrumb\"},\"inLanguage\":\"fr-FR\",\"potentialAction\":[{\"@type\":\"ReadAction\",\"target\":[\"https:\\\/\\\/rendezvous-vda.it\\\/fr\\\/site-megalithique-daoste\\\/\"]}]},{\"@type\":\"ImageObject\",\"inLanguage\":\"fr-FR\",\"@id\":\"https:\\\/\\\/rendezvous-vda.it\\\/fr\\\/site-megalithique-daoste\\\/#primaryimage\",\"url\":\"https:\\\/\\\/rendezvous-vda.it\\\/wp-content\\\/uploads\\\/2023\\\/11\\\/VALLE-DAOSTA-Area-megalitica-Saint-Martin-de-Corleans-Aosta-foto-Enrico-Romanzi-1196-scaled.jpg\",\"contentUrl\":\"https:\\\/\\\/rendezvous-vda.it\\\/wp-content\\\/uploads\\\/2023\\\/11\\\/VALLE-DAOSTA-Area-megalitica-Saint-Martin-de-Corleans-Aosta-foto-Enrico-Romanzi-1196-scaled.jpg\",\"width\":2560,\"height\":1707},{\"@type\":\"BreadcrumbList\",\"@id\":\"https:\\\/\\\/rendezvous-vda.it\\\/fr\\\/site-megalithique-daoste\\\/#breadcrumb\",\"itemListElement\":[{\"@type\":\"ListItem\",\"position\":1,\"name\":\"Home\",\"item\":\"https:\\\/\\\/rendezvous-vda.it\\\/fr\\\/\"},{\"@type\":\"ListItem\",\"position\":2,\"name\":\"MegaMuseo \u2013 Mus\u00e9e Arch\u00e9ologique Contemporain d\u2019Aoste\"}]},{\"@type\":\"WebSite\",\"@id\":\"https:\\\/\\\/rendezvous-vda.it\\\/#website\",\"url\":\"https:\\\/\\\/rendezvous-vda.it\\\/\",\"name\":\"Rendez Vous en Vall\u00e9e d Aoste\",\"description\":\"Arte, Cultura, Sport, Tradizioni, Enogastronomia, Tempo libero...\",\"publisher\":{\"@id\":\"https:\\\/\\\/rendezvous-vda.it\\\/#organization\"},\"potentialAction\":[{\"@type\":\"SearchAction\",\"target\":{\"@type\":\"EntryPoint\",\"urlTemplate\":\"https:\\\/\\\/rendezvous-vda.it\\\/?s={search_term_string}\"},\"query-input\":{\"@type\":\"PropertyValueSpecification\",\"valueRequired\":true,\"valueName\":\"search_term_string\"}}],\"inLanguage\":\"fr-FR\"},{\"@type\":\"Organization\",\"@id\":\"https:\\\/\\\/rendezvous-vda.it\\\/#organization\",\"name\":\"Rendez Vous en Vall\u00e9e d Aoste\",\"url\":\"https:\\\/\\\/rendezvous-vda.it\\\/\",\"logo\":{\"@type\":\"ImageObject\",\"inLanguage\":\"fr-FR\",\"@id\":\"https:\\\/\\\/rendezvous-vda.it\\\/#\\\/schema\\\/logo\\\/image\\\/\",\"url\":\"https:\\\/\\\/rendezvous-vda.it\\\/wp-content\\\/uploads\\\/2021\\\/05\\\/R.V_ITA-450.png\",\"contentUrl\":\"https:\\\/\\\/rendezvous-vda.it\\\/wp-content\\\/uploads\\\/2021\\\/05\\\/R.V_ITA-450.png\",\"width\":450,\"height\":83,\"caption\":\"Rendez Vous en Vall\u00e9e d Aoste\"},\"image\":{\"@id\":\"https:\\\/\\\/rendezvous-vda.it\\\/#\\\/schema\\\/logo\\\/image\\\/\"}},{\"@type\":\"Person\",\"@id\":\"https:\\\/\\\/rendezvous-vda.it\\\/#\\\/schema\\\/person\\\/1172ea72e2906ecf2b0a3e84c87fcd92\",\"name\":\"Christel Tillier\",\"image\":{\"@type\":\"ImageObject\",\"inLanguage\":\"fr-FR\",\"@id\":\"https:\\\/\\\/secure.gravatar.com\\\/avatar\\\/129b5ebbda82bf7f19659fcfbf3d36e958ab3f25d07ab2354bcd402b8a09bb83?s=96&d=mm&r=g\",\"url\":\"https:\\\/\\\/secure.gravatar.com\\\/avatar\\\/129b5ebbda82bf7f19659fcfbf3d36e958ab3f25d07ab2354bcd402b8a09bb83?s=96&d=mm&r=g\",\"contentUrl\":\"https:\\\/\\\/secure.gravatar.com\\\/avatar\\\/129b5ebbda82bf7f19659fcfbf3d36e958ab3f25d07ab2354bcd402b8a09bb83?s=96&d=mm&r=g\",\"caption\":\"Christel Tillier\"},\"url\":\"https:\\\/\\\/rendezvous-vda.it\\\/fr\\\/author\\\/christel\\\/\"}]}<\/script>\n<!-- \/ Yoast SEO plugin. -->","yoast_head_json":{"title":"MegaMuseo \u2013 Mus\u00e9e Arch\u00e9ologique Contemporain d\u2019Aoste - Rendez Vous en Vall\u00e9e d Aoste","description":"Un lieu o\u00f9 le site devient mus\u00e9e et le mus\u00e9e devient un site: le Mus\u00e9e M\u00e9galithique de Saint-Martin-de-Corl\u00e9ans \u00e0 Aoste...","robots":{"index":"index","follow":"follow","max-snippet":"max-snippet:-1","max-image-preview":"max-image-preview:large","max-video-preview":"max-video-preview:-1"},"canonical":"https:\/\/rendezvous-vda.it\/fr\/site-megalithique-daoste\/","og_locale":"fr_FR","og_type":"article","og_title":"MegaMuseo \u2013 Mus\u00e9e Arch\u00e9ologique Contemporain d\u2019Aoste - Rendez Vous en Vall\u00e9e d Aoste","og_description":"Un lieu o\u00f9 le site devient mus\u00e9e et le mus\u00e9e devient un site: le Mus\u00e9e M\u00e9galithique de Saint-Martin-de-Corl\u00e9ans \u00e0 Aoste...","og_url":"https:\/\/rendezvous-vda.it\/fr\/site-megalithique-daoste\/","og_site_name":"Rendez Vous en Vall\u00e9e d Aoste","article_published_time":"2023-11-20T09:01:35+00:00","article_modified_time":"2026-01-24T08:34:55+00:00","og_image":[{"width":2560,"height":1707,"url":"https:\/\/rendezvous-vda.it\/wp-content\/uploads\/2023\/11\/VALLE-DAOSTA-Area-megalitica-Saint-Martin-de-Corleans-Aosta-foto-Enrico-Romanzi-1196-scaled.jpg","type":"image\/jpeg"}],"author":"Christel Tillier","twitter_card":"summary_large_image","twitter_misc":{"\u00c9crit par":"Christel Tillier","Dur\u00e9e de lecture estim\u00e9e":"3 minutes"},"schema":{"@context":"https:\/\/schema.org","@graph":[{"@type":"Article","@id":"https:\/\/rendezvous-vda.it\/fr\/site-megalithique-daoste\/#article","isPartOf":{"@id":"https:\/\/rendezvous-vda.it\/fr\/site-megalithique-daoste\/"},"author":{"name":"Christel Tillier","@id":"https:\/\/rendezvous-vda.it\/#\/schema\/person\/1172ea72e2906ecf2b0a3e84c87fcd92"},"headline":"MegaMuseo \u2013 Mus\u00e9e Arch\u00e9ologique Contemporain d\u2019Aoste","datePublished":"2023-11-20T09:01:35+00:00","dateModified":"2026-01-24T08:34:55+00:00","mainEntityOfPage":{"@id":"https:\/\/rendezvous-vda.it\/fr\/site-megalithique-daoste\/"},"wordCount":557,"publisher":{"@id":"https:\/\/rendezvous-vda.it\/#organization"},"image":{"@id":"https:\/\/rendezvous-vda.it\/fr\/site-megalithique-daoste\/#primaryimage"},"thumbnailUrl":"https:\/\/rendezvous-vda.it\/wp-content\/uploads\/2023\/11\/VALLE-DAOSTA-Area-megalitica-Saint-Martin-de-Corleans-Aosta-foto-Enrico-Romanzi-1196-scaled.jpg","articleSection":["Histoire, art et culture"],"inLanguage":"fr-FR"},{"@type":"WebPage","@id":"https:\/\/rendezvous-vda.it\/fr\/site-megalithique-daoste\/","url":"https:\/\/rendezvous-vda.it\/fr\/site-megalithique-daoste\/","name":"MegaMuseo \u2013 Mus\u00e9e Arch\u00e9ologique Contemporain d\u2019Aoste - Rendez Vous en Vall\u00e9e d Aoste","isPartOf":{"@id":"https:\/\/rendezvous-vda.it\/#website"},"primaryImageOfPage":{"@id":"https:\/\/rendezvous-vda.it\/fr\/site-megalithique-daoste\/#primaryimage"},"image":{"@id":"https:\/\/rendezvous-vda.it\/fr\/site-megalithique-daoste\/#primaryimage"},"thumbnailUrl":"https:\/\/rendezvous-vda.it\/wp-content\/uploads\/2023\/11\/VALLE-DAOSTA-Area-megalitica-Saint-Martin-de-Corleans-Aosta-foto-Enrico-Romanzi-1196-scaled.jpg","datePublished":"2023-11-20T09:01:35+00:00","dateModified":"2026-01-24T08:34:55+00:00","description":"Un lieu o\u00f9 le site devient mus\u00e9e et le mus\u00e9e devient un site: le Mus\u00e9e M\u00e9galithique de Saint-Martin-de-Corl\u00e9ans \u00e0 Aoste...","breadcrumb":{"@id":"https:\/\/rendezvous-vda.it\/fr\/site-megalithique-daoste\/#breadcrumb"},"inLanguage":"fr-FR","potentialAction":[{"@type":"ReadAction","target":["https:\/\/rendezvous-vda.it\/fr\/site-megalithique-daoste\/"]}]},{"@type":"ImageObject","inLanguage":"fr-FR","@id":"https:\/\/rendezvous-vda.it\/fr\/site-megalithique-daoste\/#primaryimage","url":"https:\/\/rendezvous-vda.it\/wp-content\/uploads\/2023\/11\/VALLE-DAOSTA-Area-megalitica-Saint-Martin-de-Corleans-Aosta-foto-Enrico-Romanzi-1196-scaled.jpg","contentUrl":"https:\/\/rendezvous-vda.it\/wp-content\/uploads\/2023\/11\/VALLE-DAOSTA-Area-megalitica-Saint-Martin-de-Corleans-Aosta-foto-Enrico-Romanzi-1196-scaled.jpg","width":2560,"height":1707},{"@type":"BreadcrumbList","@id":"https:\/\/rendezvous-vda.it\/fr\/site-megalithique-daoste\/#breadcrumb","itemListElement":[{"@type":"ListItem","position":1,"name":"Home","item":"https:\/\/rendezvous-vda.it\/fr\/"},{"@type":"ListItem","position":2,"name":"MegaMuseo \u2013 Mus\u00e9e Arch\u00e9ologique Contemporain d\u2019Aoste"}]},{"@type":"WebSite","@id":"https:\/\/rendezvous-vda.it\/#website","url":"https:\/\/rendezvous-vda.it\/","name":"Rendez Vous en Vall\u00e9e d Aoste","description":"Arte, Cultura, Sport, Tradizioni, Enogastronomia, Tempo libero...","publisher":{"@id":"https:\/\/rendezvous-vda.it\/#organization"},"potentialAction":[{"@type":"SearchAction","target":{"@type":"EntryPoint","urlTemplate":"https:\/\/rendezvous-vda.it\/?s={search_term_string}"},"query-input":{"@type":"PropertyValueSpecification","valueRequired":true,"valueName":"search_term_string"}}],"inLanguage":"fr-FR"},{"@type":"Organization","@id":"https:\/\/rendezvous-vda.it\/#organization","name":"Rendez Vous en Vall\u00e9e d Aoste","url":"https:\/\/rendezvous-vda.it\/","logo":{"@type":"ImageObject","inLanguage":"fr-FR","@id":"https:\/\/rendezvous-vda.it\/#\/schema\/logo\/image\/","url":"https:\/\/rendezvous-vda.it\/wp-content\/uploads\/2021\/05\/R.V_ITA-450.png","contentUrl":"https:\/\/rendezvous-vda.it\/wp-content\/uploads\/2021\/05\/R.V_ITA-450.png","width":450,"height":83,"caption":"Rendez Vous en Vall\u00e9e d Aoste"},"image":{"@id":"https:\/\/rendezvous-vda.it\/#\/schema\/logo\/image\/"}},{"@type":"Person","@id":"https:\/\/rendezvous-vda.it\/#\/schema\/person\/1172ea72e2906ecf2b0a3e84c87fcd92","name":"Christel Tillier","image":{"@type":"ImageObject","inLanguage":"fr-FR","@id":"https:\/\/secure.gravatar.com\/avatar\/129b5ebbda82bf7f19659fcfbf3d36e958ab3f25d07ab2354bcd402b8a09bb83?s=96&d=mm&r=g","url":"https:\/\/secure.gravatar.com\/avatar\/129b5ebbda82bf7f19659fcfbf3d36e958ab3f25d07ab2354bcd402b8a09bb83?s=96&d=mm&r=g","contentUrl":"https:\/\/secure.gravatar.com\/avatar\/129b5ebbda82bf7f19659fcfbf3d36e958ab3f25d07ab2354bcd402b8a09bb83?s=96&d=mm&r=g","caption":"Christel Tillier"},"url":"https:\/\/rendezvous-vda.it\/fr\/author\/christel\/"}]}},"_links":{"self":[{"href":"https:\/\/rendezvous-vda.it\/fr\/wp-json\/wp\/v2\/posts\/11304","targetHints":{"allow":["GET"]}}],"collection":[{"href":"https:\/\/rendezvous-vda.it\/fr\/wp-json\/wp\/v2\/posts"}],"about":[{"href":"https:\/\/rendezvous-vda.it\/fr\/wp-json\/wp\/v2\/types\/post"}],"author":[{"embeddable":true,"href":"https:\/\/rendezvous-vda.it\/fr\/wp-json\/wp\/v2\/users\/4"}],"replies":[{"embeddable":true,"href":"https:\/\/rendezvous-vda.it\/fr\/wp-json\/wp\/v2\/comments?post=11304"}],"version-history":[{"count":1,"href":"https:\/\/rendezvous-vda.it\/fr\/wp-json\/wp\/v2\/posts\/11304\/revisions"}],"predecessor-version":[{"id":18963,"href":"https:\/\/rendezvous-vda.it\/fr\/wp-json\/wp\/v2\/posts\/11304\/revisions\/18963"}],"wp:featuredmedia":[{"embeddable":true,"href":"https:\/\/rendezvous-vda.it\/fr\/wp-json\/wp\/v2\/media\/11275"}],"wp:attachment":[{"href":"https:\/\/rendezvous-vda.it\/fr\/wp-json\/wp\/v2\/media?parent=11304"}],"wp:term":[{"taxonomy":"category","embeddable":true,"href":"https:\/\/rendezvous-vda.it\/fr\/wp-json\/wp\/v2\/categories?post=11304"},{"taxonomy":"post_tag","embeddable":true,"href":"https:\/\/rendezvous-vda.it\/fr\/wp-json\/wp\/v2\/tags?post=11304"}],"curies":[{"name":"wp","href":"https:\/\/api.w.org\/{rel}","templated":true}]}}